{"id":107623,"date":"2025-05-17T19:10:11","date_gmt":"2025-05-17T19:10:11","guid":{"rendered":"https:\/\/www.europesays.com\/fr\/107623\/"},"modified":"2025-05-17T19:10:11","modified_gmt":"2025-05-17T19:10:11","slug":"belle-affluence-aux-anciennes-ecuries-mellinet-devenues-pole-des-arts-du-feu-et-du-faire","status":"publish","type":"post","link":"https:\/\/www.europesays.com\/fr\/107623\/","title":{"rendered":"Belle affluence aux anciennes \u00e9curies Mellinet devenues p\u00f4le \u00ab\u00a0des arts du feu et du faire\u00a0\u00bb"},"content":{"rendered":"<p><a href=\"https:\/\/nantes.maville.com\/actu\/actudet_-a-nantes-des-artisans-d-art-s-installent-dans-les-anciennes-ecuries-de-la-caserne-mellinet-_52716-6796386_actu.Htm\" target=\"_self\" rel=\"noopener\">Des artisans un peu artistes au four \u2014 c\u2019est le cas de le dire \u2014 et au moulin, ce samedi apr\u00e8s-midi, dans les anciennes \u00e9curies de la caserne Mellinet, \u00e0 Nantes, pour la toute premi\u00e8re journ\u00e9e d\u2019ouverture.<\/a> Les ma\u00eetres des lieux avaient mis les petits plats dans les grands.<\/p>\n<p>Des d\u00e9monstrations, bien s\u00fbr, mais aussi des initiations, pour les petits et les moins jeunes aussi. Avec Marie Hulbert et Simon Fedou, ils ont pu s\u2019initier \u2014 gratuitement et sans inscription \u2014 aux arts de la c\u00e9ramique. Deux salles, deux ambiances, l\u2019une venant presser la terre, quand l\u2019autre tourne ses pi\u00e8ces pour leur donner vie.<\/p>\n<p>Magie du verre<\/p>\n<p>Dans une aile d\u2019un des b\u00e2timents des anciennes \u00e9curies, place \u00e0 l\u2019art du soufflage du verre, avec un autre Simon, Muller celui-l\u00e0. Longtemps install\u00e9 \u00e0 Vertou, il a \u00e9t\u00e9 \u00ab\u00a0souffl\u00e9\u00a0\u00bb par l\u2019\u00e2me de ces lieux, lors d\u2019une visite en \u00a0018, au point de r\u00eaver d\u2019y installer un p\u00f4le des \u00ab\u00a0arts du feu et du faire\u00a0\u00bb. C\u2019est d\u00e9sormais chose faite. Au bout de la tige de m\u00e9tal (la canna), qui a quelque chose d\u2019une baguette magique, le verre prend forme, sous le regard \u00e9berlu\u00e9 de tous.<\/p>\n<p>D\u2019autres visiteurs ont pu s\u2019initier \u00e0 l\u2019art du tissage et du tufting, avec Rachel Rouzaud. \u00c0 l\u2019aide d\u2019un pistolet \u00e0 laine, ils ont tiss\u00e9 un tapis repr\u00e9sentant ce nouveau quartier. La journ\u00e9e s\u2019est prolong\u00e9e avec une performance sonore d\u2019Igor Porte. En utilisant v\u00e9g\u00e9taux et min\u00e9raux, il a compos\u00e9 un v\u00e9ritable paysage sonore. D\u2019ici quinze ans, 1\u00a0700\u00a0logements vont sortir de terre dans ce quartier.<\/p>\n<p>\u00a0<\/p>\n","protected":false},"excerpt":{"rendered":"Des artisans un peu artistes au four \u2014 c\u2019est le cas de le dire \u2014 et au moulin,&hellip;\n","protected":false},"author":2,"featured_media":107624,"comment_status":"","ping_status":"","sticky":false,"template":"","format":"standard","meta":{"footnotes":""},"categories":[2818],"tags":[1111,11,20919,22530,1348,6041,22533,22531,1777,674,4560,1312,1011,27,22532,766,12,2636,22534,25],"class_list":{"0":"post-107623","1":"post","2":"type-post","3":"status-publish","4":"format-standard","5":"has-post-thumbnail","7":"category-nantes","8":"tag-actu","9":"tag-actualites","10":"tag-affluence","11":"tag-anciennes","12":"tag-arts","13":"tag-belle","14":"tag-devenues","15":"tag-ecuries","16":"tag-eu","17":"tag-europe","18":"tag-faire","19":"tag-feu","20":"tag-fr","21":"tag-france","22":"tag-mellinet","23":"tag-nantes","24":"tag-news","25":"tag-pays-de-la-loire","26":"tag-pole","27":"tag-republique-francaise"},"share_on_mastodon":{"url":"https:\/\/pubeurope.com\/@fr\/114524757909646058","error":""},"_links":{"self":[{"href":"https:\/\/www.europesays.com\/fr\/wp-json\/wp\/v2\/posts\/107623","targetHints":{"allow":["GET"]}}],"collection":[{"href":"https:\/\/www.europesays.com\/fr\/wp-json\/wp\/v2\/posts"}],"about":[{"href":"https:\/\/www.europesays.com\/fr\/wp-json\/wp\/v2\/types\/post"}],"author":[{"embeddable":true,"href":"https:\/\/www.europesays.com\/fr\/wp-json\/wp\/v2\/users\/2"}],"replies":[{"embeddable":true,"href":"https:\/\/www.europesays.com\/fr\/wp-json\/wp\/v2\/comments?post=107623"}],"version-history":[{"count":0,"href":"https:\/\/www.europesays.com\/fr\/wp-json\/wp\/v2\/posts\/107623\/revisions"}],"wp:featuredmedia":[{"embeddable":true,"href":"https:\/\/www.europesays.com\/fr\/wp-json\/wp\/v2\/media\/107624"}],"wp:attachment":[{"href":"https:\/\/www.europesays.com\/fr\/wp-json\/wp\/v2\/media?parent=107623"}],"wp:term":[{"taxonomy":"category","embeddable":true,"href":"https:\/\/www.europesays.com\/fr\/wp-json\/wp\/v2\/categories?post=107623"},{"taxonomy":"post_tag","embeddable":true,"href":"https:\/\/www.europesays.com\/fr\/wp-json\/wp\/v2\/tags?post=107623"}],"curies":[{"name":"wp","href":"https:\/\/api.w.org\/{rel}","templated":true}]}}