{"id":107639,"date":"2025-05-17T19:18:10","date_gmt":"2025-05-17T19:18:10","guid":{"rendered":"https:\/\/www.europesays.com\/fr\/107639\/"},"modified":"2025-05-17T19:18:10","modified_gmt":"2025-05-17T19:18:10","slug":"avec-son-restaurant-auffo-la-cheffe-coline-faulquier-deja-au-sommet","status":"publish","type":"post","link":"https:\/\/www.europesays.com\/fr\/107639\/","title":{"rendered":"avec son restaurant Auffo, la cheffe Coline Faulquier d\u00e9j\u00e0 au sommet"},"content":{"rendered":"<p>\u00c7a n\u2019est un secret pour personne, <a href=\"https:\/\/www.laprovence.com\/article\/region\/3687429985186914\/linstitution-gastronomique-marseillaise-l-epuisette-va-devenir-auffo-en-avril-prochain\" target=\"_blank\" rel=\"noopener\">le passage de L\u2019\u00c9puisette \u00e0 Auffo n\u2019a \u00e9t\u00e9 une partie de plaisir<\/a> pour aucune des deux parties\u00a0: les anciens, Guillaume Sourrieu et Bernard Bonnet, qui ont perdu leur autorisation d\u2019exploiter ce lieu implant\u00e9 en domaine public littoral ou les repreneurs, Coline Faulquier et ses associ\u00e9s gardois de The Social Club, qui l\u2019ont eux emport\u00e9 pour les dix ann\u00e9es \u00e0 venir apr\u00e8s une rude bataille m\u00e9diatique.<\/p>\n","protected":false},"excerpt":{"rendered":"\u00c7a n\u2019est un secret pour personne, le passage de L\u2019\u00c9puisette \u00e0 Auffo n\u2019a \u00e9t\u00e9 une partie de plaisir&hellip;\n","protected":false},"author":2,"featured_media":107640,"comment_status":"","ping_status":"","sticky":false,"template":"","format":"standard","meta":{"footnotes":""},"categories":[2814],"tags":[17,1111,11,22535,3396,17207,14718,1777,674,1011,27,2831,884,12,882,25,1340,3711],"class_list":{"0":"post-107639","1":"post","2":"type-post","3":"status-publish","4":"format-standard","5":"has-post-thumbnail","7":"category-marseille","8":"tag-17","9":"tag-actu","10":"tag-actualites","11":"tag-auffo","12":"tag-avec","13":"tag-cheffe","14":"tag-coline","15":"tag-eu","16":"tag-europe","17":"tag-fr","18":"tag-france","19":"tag-loisirs-traditions","20":"tag-marseille","21":"tag-news","22":"tag-provence-alpes-cote-dazur","23":"tag-republique-francaise","24":"tag-restaurant","25":"tag-son"},"share_on_mastodon":{"url":"https:\/\/pubeurope.com\/@fr\/114524789518242734","error":""},"_links":{"self":[{"href":"https:\/\/www.europesays.com\/fr\/wp-json\/wp\/v2\/posts\/107639","targetHints":{"allow":["GET"]}}],"collection":[{"href":"https:\/\/www.europesays.com\/fr\/wp-json\/wp\/v2\/posts"}],"about":[{"href":"https:\/\/www.europesays.com\/fr\/wp-json\/wp\/v2\/types\/post"}],"author":[{"embeddable":true,"href":"https:\/\/www.europesays.com\/fr\/wp-json\/wp\/v2\/users\/2"}],"replies":[{"embeddable":true,"href":"https:\/\/www.europesays.com\/fr\/wp-json\/wp\/v2\/comments?post=107639"}],"version-history":[{"count":0,"href":"https:\/\/www.europesays.com\/fr\/wp-json\/wp\/v2\/posts\/107639\/revisions"}],"wp:featuredmedia":[{"embeddable":true,"href":"https:\/\/www.europesays.com\/fr\/wp-json\/wp\/v2\/media\/107640"}],"wp:attachment":[{"href":"https:\/\/www.europesays.com\/fr\/wp-json\/wp\/v2\/media?parent=107639"}],"wp:term":[{"taxonomy":"category","embeddable":true,"href":"https:\/\/www.europesays.com\/fr\/wp-json\/wp\/v2\/categories?post=107639"},{"taxonomy":"post_tag","embeddable":true,"href":"https:\/\/www.europesays.com\/fr\/wp-json\/wp\/v2\/tags?post=107639"}],"curies":[{"name":"wp","href":"https:\/\/api.w.org\/{rel}","templated":true}]}}