{"id":107645,"date":"2025-05-17T19:21:17","date_gmt":"2025-05-17T19:21:17","guid":{"rendered":"https:\/\/www.europesays.com\/fr\/107645\/"},"modified":"2025-05-17T19:21:17","modified_gmt":"2025-05-17T19:21:17","slug":"on-veut-du-bon-sens","status":"publish","type":"post","link":"https:\/\/www.europesays.com\/fr\/107645\/","title":{"rendered":"\u00ab\u00a0On veut du bon sens\u00a0\u00bb"},"content":{"rendered":"<p>Du bruit, beaucoup de bruit, contre une mesure qu\u2019ils ne dig\u00e8rent pas. D\u00e8s 14 heures ce samedi, quelques centaines de motards se sont gar\u00e9s place Bellecour et ont fait vrombir leur moteur en signe de protestation contre les ZFE, une mesure qui autorise seulement les v\u00e9hicules les moins polluants \u00e0 circuler dans une partie de la M\u00e9tropole de Lyon.<\/p>\n<p>\u00ab\u00a0On veut travailler sur le vivre ensemble\u00a0\u00bb<\/p>\n<p>Christophe, coordinateur de la F\u00e9d\u00e9ration fran\u00e7aise des motards en col\u00e8re (FFMC)&#8230;<\/p>\n","protected":false},"excerpt":{"rendered":"Du bruit, beaucoup de bruit, contre une mesure qu\u2019ils ne dig\u00e8rent pas. D\u00e8s 14 heures ce samedi, quelques&hellip;\n","protected":false},"author":2,"featured_media":107646,"comment_status":"","ping_status":"","sticky":false,"template":"","format":"standard","meta":{"footnotes":""},"categories":[1889],"tags":[1111,11,2430,2757,436,1777,674,107,1011,27,2428,2756,12,316,1800,25,2429],"class_list":{"0":"post-107645","1":"post","2":"type-post","3":"status-publish","4":"format-standard","5":"has-post-thumbnail","7":"category-lyon","8":"tag-actu","9":"tag-actualites","10":"tag-auvergne-rhone-alpes","11":"tag-edition-lyon-villeurbanne","12":"tag-environnement","13":"tag-eu","14":"tag-europe","15":"tag-fil-info","16":"tag-fr","17":"tag-france","18":"tag-lyon","19":"tag-lyon-bassin","20":"tag-news","21":"tag-politique","22":"tag-pollution","23":"tag-republique-francaise","24":"tag-rhone"},"share_on_mastodon":{"url":"https:\/\/pubeurope.com\/@fr\/114524801168684385","error":""},"_links":{"self":[{"href":"https:\/\/www.europesays.com\/fr\/wp-json\/wp\/v2\/posts\/107645","targetHints":{"allow":["GET"]}}],"collection":[{"href":"https:\/\/www.europesays.com\/fr\/wp-json\/wp\/v2\/posts"}],"about":[{"href":"https:\/\/www.europesays.com\/fr\/wp-json\/wp\/v2\/types\/post"}],"author":[{"embeddable":true,"href":"https:\/\/www.europesays.com\/fr\/wp-json\/wp\/v2\/users\/2"}],"replies":[{"embeddable":true,"href":"https:\/\/www.europesays.com\/fr\/wp-json\/wp\/v2\/comments?post=107645"}],"version-history":[{"count":0,"href":"https:\/\/www.europesays.com\/fr\/wp-json\/wp\/v2\/posts\/107645\/revisions"}],"wp:featuredmedia":[{"embeddable":true,"href":"https:\/\/www.europesays.com\/fr\/wp-json\/wp\/v2\/media\/107646"}],"wp:attachment":[{"href":"https:\/\/www.europesays.com\/fr\/wp-json\/wp\/v2\/media?parent=107645"}],"wp:term":[{"taxonomy":"category","embeddable":true,"href":"https:\/\/www.europesays.com\/fr\/wp-json\/wp\/v2\/categories?post=107645"},{"taxonomy":"post_tag","embeddable":true,"href":"https:\/\/www.europesays.com\/fr\/wp-json\/wp\/v2\/tags?post=107645"}],"curies":[{"name":"wp","href":"https:\/\/api.w.org\/{rel}","templated":true}]}}