{"id":107649,"date":"2025-05-17T19:24:09","date_gmt":"2025-05-17T19:24:09","guid":{"rendered":"https:\/\/www.europesays.com\/fr\/107649\/"},"modified":"2025-05-17T19:24:09","modified_gmt":"2025-05-17T19:24:09","slug":"dans-cette-rue-de-paris-une-affiche-rappelle-que-la-guerre-de-14-vient-declater","status":"publish","type":"post","link":"https:\/\/www.europesays.com\/fr\/107649\/","title":{"rendered":"dans cette rue de Paris, une affiche rappelle que la guerre de 14 vient d&rsquo;\u00e9clater"},"content":{"rendered":"<p>            Par<br \/>\n        <strong><br \/>\n            <a href=\"https:\/\/actu.fr\/auteur\/thomas-martin\" title=\"Consulter tous les articles de Thomas Martin\" target=\"_blank\" rel=\"noopener\">Thomas Martin<\/a><br \/>\n        <\/strong><\/p>\n<p>        Publi\u00e9 le<\/p>\n<p>            17 mai 2025 \u00e0 19h14        <\/p>\n<p>C\u2019est une des voies les plus c\u00e9l\u00e8bres de Paris. La <strong>rue Royale<\/strong>, qui m\u00e8ne de la <a href=\"https:\/\/actu.fr\/ile-de-france\/paris_75056\/comment-paris-va-transformer-la-place-de-la-concorde-pour-donner-aux-gens-l-envie-d-y-lezarder_62430016.html\" target=\"_blank\" rel=\"noopener\">place de la Concorde<\/a> et <a href=\"https:\/\/actu.fr\/tag\/la-madeleine\" target=\"_blank\" rel=\"noopener\">la Madeleine<\/a>, existe depuis 1758. Elle est notamment pris\u00e9 pour ses b\u00e2timents remarquables comme l\u2019H\u00f4tel de la Marine mais \u00e9galement ses commerces, notamment <a href=\"https:\/\/actu.fr\/ile-de-france\/paris_75056\/cinq-cafes-trois-macarons-et-une-bouteille-d-eau-pour-83-euros-l-addition-salee-de-touristes-a-paris_62138432.html\" target=\"_blank\" rel=\"noopener\">Ladur\u00e9e<\/a> ou encore le c\u00e9l\u00e8bre <a href=\"https:\/\/actu.fr\/ile-de-france\/paris_75056\/a-bout-de-souffle-le-restaurant-le-maxim-s-a-paris-en-passe-d-etre-modernise_58593988.html\" target=\"_blank\" rel=\"noopener\">restaurant Maxim\u2019s<\/a>. Parmi les promeneurs, peu savent en revanche qu\u2019elle rec\u00e8le une affiche tr\u00e8s <a href=\"https:\/\/actu.fr\/tag\/insolite\" target=\"_blank\" rel=\"noopener\">insolite<\/a> qui m\u00e9rite que l\u2019on s\u2019y attarde.\u00a0<\/p>\n<p>Un immeuble o\u00f9 l\u2019ind\u00e9pendance des Etats-Unis a \u00e9t\u00e9 reconnue<\/p>\n<p class=\" wall-content\">Au num\u00e9ro 1 se trouve un h\u00f4tel \u00e0 l\u2019angle de la place de la Concorde. C\u2019est ici que, le 6 f\u00e9vrier 1778, Conrad Alexandre G\u00e9rard au nom du roi Louis XVI et Benjamin Franklin, entre autres, ont sign\u00e9 les trait\u00e9s par lesquels la France a \u00e9t\u00e9 le premier pays \u00e0 reconna\u00eetre l\u2019ind\u00e9pendance des \u00c9tats-Unis d\u2019Am\u00e9rique.\u00a0<\/p>\n<p class=\" wall-content\">Sur le pilastre sud de l\u2019entr\u00e9e du no 1, juste avant d\u2019arriver chez Maxim\u2019s,\u00a0 on peut voir le fac-simil\u00e9 d\u2019une affiche de la mobilisation fran\u00e7aise pour la Premi\u00e8re guerre mondiale. L\u2019affiche originale a \u00e9t\u00e9 oubli\u00e9e longtemps apr\u00e8s le d\u00e9but des hostilit\u00e9s. La ville de Paris a alors d\u00e9cid\u00e9 de perp\u00e9tuer cet oubli. L\u2019affiche devenue illisible au fil des ans a \u00e9t\u00e9 remplac\u00e9e par une nouvelle prot\u00e9g\u00e9e par un coffrage vitr\u00e9.\u00a0<\/p>\n<p>    <img   decoding=\"async\" loading=\"lazy\" src=\"https:\/\/www.europesays.com\/fr\/wp-content\/uploads\/2025\/05\/mobilisation-generale-1-rue-royale-paris-8e-3-1-960x640.jpg\" alt=\"L'ordre de mobilisation g\u00e9n\u00e9rale affich\u00e9e rue Royale \u00e0 Paris\" width=\"960\" height=\"640\"\/><br \/>\n    L\u2019ordre de mobilisation g\u00e9n\u00e9rale affich\u00e9e rue Royale \u00e0 Paris (\u00a9Wikicommons)<\/p>\n<p class=\" wall-content\">Aujourd\u2019hui, on peut donc y lire : \u00ab\u00a0Mobilisation g\u00e9n\u00e9rale. Le maire du 8\u00e8me arrondissement, porte \u00e0 la connaissance de ses administr\u00e9s que la mobilisation g\u00e9n\u00e9rale est d\u00e9cr\u00e9t\u00e9e. Le premier jour de la mobilisation est fix\u00e9e au dimanche 2 ao\u00fbt (de minuit \u00e0 minuit). Dr Ph. Mar\u00e9chal\u00a0\u00bb.\u00a0<\/p>\n<p>Vid\u00e9os : en ce moment sur Actu<\/p>\n<p class=\" wall-content\">Suivez toute l\u2019actualit\u00e9 de vos villes et m\u00e9dias favoris en vous inscrivant \u00e0 <a href=\"https:\/\/moncompte.actu.fr\" title=\"D\u00e9couvez Mon Actu\" rel=\"nofollow noopener\" data-trk=\"{&quot;cta&quot;:{&quot;action&quot;:&quot;https:\\\/\\\/moncompte.actu.fr&quot;,&quot;category&quot;:&quot;mon compte&quot;,&quot;from&quot;:&quot;article footer&quot;,&quot;name&quot;:&quot;Mon actu&quot;,&quot;type&quot;:&quot;cta&quot;}}\" target=\"_blank\">Mon Actu<\/a>.<\/p>\n","protected":false},"excerpt":{"rendered":"Par Thomas Martin Publi\u00e9 le 17 mai 2025 \u00e0 19h14 C\u2019est une des voies les plus c\u00e9l\u00e8bres de&hellip;\n","protected":false},"author":2,"featured_media":107650,"comment_status":"","ping_status":"","sticky":false,"template":"","format":"standard","meta":{"footnotes":""},"categories":[1888],"tags":[1111,1928,11,1927,1777,674,1011,27,1757,12,1926,626,1925,2551,2384,25],"class_list":{"0":"post-107649","1":"post","2":"type-post","3":"status-publish","4":"format-standard","5":"has-post-thumbnail","7":"category-paris","8":"tag-actu","9":"tag-actu-paris","10":"tag-actualites","11":"tag-actualites-paris","12":"tag-eu","13":"tag-europe","14":"tag-fr","15":"tag-france","16":"tag-insolite","17":"tag-news","18":"tag-news-paris","19":"tag-paris","20":"tag-paris-news","21":"tag-patrimoine","22":"tag-premiere-guerre-mondiale","23":"tag-republique-francaise"},"share_on_mastodon":{"url":"https:\/\/pubeurope.com\/@fr\/114524813775175066","error":""},"_links":{"self":[{"href":"https:\/\/www.europesays.com\/fr\/wp-json\/wp\/v2\/posts\/107649","targetHints":{"allow":["GET"]}}],"collection":[{"href":"https:\/\/www.europesays.com\/fr\/wp-json\/wp\/v2\/posts"}],"about":[{"href":"https:\/\/www.europesays.com\/fr\/wp-json\/wp\/v2\/types\/post"}],"author":[{"embeddable":true,"href":"https:\/\/www.europesays.com\/fr\/wp-json\/wp\/v2\/users\/2"}],"replies":[{"embeddable":true,"href":"https:\/\/www.europesays.com\/fr\/wp-json\/wp\/v2\/comments?post=107649"}],"version-history":[{"count":0,"href":"https:\/\/www.europesays.com\/fr\/wp-json\/wp\/v2\/posts\/107649\/revisions"}],"wp:featuredmedia":[{"embeddable":true,"href":"https:\/\/www.europesays.com\/fr\/wp-json\/wp\/v2\/media\/107650"}],"wp:attachment":[{"href":"https:\/\/www.europesays.com\/fr\/wp-json\/wp\/v2\/media?parent=107649"}],"wp:term":[{"taxonomy":"category","embeddable":true,"href":"https:\/\/www.europesays.com\/fr\/wp-json\/wp\/v2\/categories?post=107649"},{"taxonomy":"post_tag","embeddable":true,"href":"https:\/\/www.europesays.com\/fr\/wp-json\/wp\/v2\/tags?post=107649"}],"curies":[{"name":"wp","href":"https:\/\/api.w.org\/{rel}","templated":true}]}}