{"id":107655,"date":"2025-05-17T19:27:11","date_gmt":"2025-05-17T19:27:11","guid":{"rendered":"https:\/\/www.europesays.com\/fr\/107655\/"},"modified":"2025-05-17T19:27:11","modified_gmt":"2025-05-17T19:27:11","slug":"handball-pas-dexploit-pour-le-paris-92-battu-en-finale-de-coupe-de-france-feminine-par-metz","status":"publish","type":"post","link":"https:\/\/www.europesays.com\/fr\/107655\/","title":{"rendered":"Handball\u00a0: pas d\u2019exploit pour le Paris 92, battu en finale de Coupe de France f\u00e9minine par Metz"},"content":{"rendered":"<p class=\"paragraph text_align_left\">La marche \u00e9tait bien trop grande. Qualifi\u00e9 pour la finale de la Coupe de France de <a href=\"https:\/\/www.leparisien.fr\/sports\/handball\/\" target=\"_blank\" rel=\"noreferrer nofollow noopener\">handball <\/a>f\u00e9minin gr\u00e2ce \u00e0 des succ\u00e8s face \u00e0 Saint-Amand et Toulon, <a href=\"https:\/\/www.leparisien.fr\/sports\/handball\/coupe-de-france-feminine-de-handball-en-finale-contre-metz-les-lionnes-veulent-montrer-quissy-cest-paris-17-05-2025-KU4B4OQKB5GHDLDK5WVRS4ZSWU.php\" target=\"_blank\" rel=\"noreferrer nofollow noopener\">le Paris 92 n\u2019a pas r\u00e9ussi \u00e0 battre Metz<\/a> ce samedi pour d\u00e9crocher le titre. Face \u00e0 des Messines invaincues cette saison, les Parisiennes ont rapidement couru apr\u00e8s le score et ne sont jamais parvenues \u00e0 recoller. Le score est finalement s\u00e9v\u00e8re, mais logique (32-18).<\/p>\n<p class=\"paragraph text_align_left\">Victorieuses, les Dragonnes de Metz d\u00e9crochent ainsi \u00e0 l\u2019Accor Arena la 13e Coupe de France de leur histoire. Elles filent \u00e9galement vers un 27e titre en Division 1, alors que Paris 92 pointe \u00e0 la 8e place apr\u00e8s 22 journ\u00e9es.<\/p>\n<blockquote class=\"twitter-tweet\">\n<p lang=\"fr\" dir=\"ltr\">\ud835\udde8\ud835\udde1\ud835\uddd8 \ud835\udfed\ud835\udfef\u00c8\ud835\udde0\ud835\uddd8 \ud835\uddd6\ud835\udde2\ud835\udde8\ud835\udde3\ud835\uddd8 \ud835\uddd7\ud835\uddd8 \ud835\uddd9\ud835\udde5\ud835\uddd4\ud835\udde1\ud835\uddd6\ud835\uddd8 \ud83c\udfc6<\/p>\n<p>Apr\u00e8s 2022, 2023, 2024 \u00e7a sera 2\ufe0f\u20e30\ufe0f\u20e32\ufe0f\u20e35\ufe0f\u20e3 ! Metz remporte pour la quatri\u00e8me ann\u00e9e cons\u00e9cutive la comp\u00e9tition et un 1\ufe0f\u20e33\ufe0f\u20e3\u00e8me troph\u00e9e. \ud83e\udd29<a href=\"https:\/\/twitter.com\/hashtag\/MHBP92?src=hash&amp;ref_src=twsrc%5Etfw\" rel=\"nofollow noopener\" target=\"_blank\">#MHBP92<\/a> <a href=\"https:\/\/twitter.com\/hashtag\/FINALECDF?src=hash&amp;ref_src=twsrc%5Etfw\" rel=\"nofollow noopener\" target=\"_blank\">#FINALECDF<\/a> <a href=\"https:\/\/t.co\/qawYead4qA\" rel=\"nofollow\">pic.twitter.com\/qawYead4qA<\/a><\/p>\n<p>\u2014 Metz Handball (@MetzHandball) <a href=\"https:\/\/twitter.com\/MetzHandball\/status\/1923817257819332844?ref_src=twsrc%5Etfw\" rel=\"nofollow noopener\" target=\"_blank\">May 17, 2025<\/a><\/p><\/blockquote>\n<p class=\"paragraph text_align_left\">\u00ab On a eu un peu de mal \u00e0 se mettre dedans mais Paris est aussi une belle \u00e9quipe et elle avait \u00e0 c\u0153ur de faire quelque chose ici, estimait <a href=\"https:\/\/www.leparisien.fr\/sports\/handball\/handball-ca-fait-bizarre-les-bleues-apprennent-la-vie-sans-olivier-krumbholz-24-10-2024-33PA3GXGO5ATXNF4G4NBQWSSPY.php\" target=\"_blank\" rel=\"noreferrer nofollow noopener\">Sarah Bouktit<\/a>, la capitaine messine, au micro de BeIN Sports. Une finale c\u2019est toujours particulier, on le savait, on l\u2019a vu pendant les 15 premi\u00e8res minutes. Mais on a commenc\u00e9 \u00e0 se r\u00e9gler, \u00e0 \u00e9viter les pertes de balle inutiles et \u00e0 marquer nos buts. \u00bb<\/p>\n<p class=\"paragraph text_align_left\">\u00ab On savait que Metz \u00e9tait tr\u00e8s fort mais on avait \u00e0 c\u0153ur de sortir de ce match sans regrets, a estim\u00e9 de con c\u00f4t\u00e9 la demi-centre parisienne Coura Kanoute. Je suis tr\u00e8s \u00e9mue parce qu\u2019on n\u2019a pas pass\u00e9 une saison facile et ce match nous tenait vraiment \u00e0 c\u0153ur. On savait que \u00e7a n\u2019allait pas \u00eatre facile, c\u2019est le jeu, c\u2019est comme \u00e7a. \u00bb<\/p>\n<p><script async src=\"https:\/\/platform.twitter.com\/widgets.js\" charset=\"utf-8\"><\/script><\/p>\n","protected":false},"excerpt":{"rendered":"La marche \u00e9tait bien trop grande. Qualifi\u00e9 pour la finale de la Coupe de France de handball f\u00e9minin&hellip;\n","protected":false},"author":2,"featured_media":107656,"comment_status":"","ping_status":"","sticky":false,"template":"","format":"standard","meta":{"footnotes":""},"categories":[1888],"tags":[11,1777,674,1011,27,1792,12,626,25,60],"class_list":{"0":"post-107655","1":"post","2":"type-post","3":"status-publish","4":"format-standard","5":"has-post-thumbnail","7":"category-paris","8":"tag-actualites","9":"tag-eu","10":"tag-europe","11":"tag-fr","12":"tag-france","13":"tag-handball","14":"tag-news","15":"tag-paris","16":"tag-republique-francaise","17":"tag-sports"},"share_on_mastodon":{"url":"https:\/\/pubeurope.com\/@fr\/114524824750292854","error":""},"_links":{"self":[{"href":"https:\/\/www.europesays.com\/fr\/wp-json\/wp\/v2\/posts\/107655","targetHints":{"allow":["GET"]}}],"collection":[{"href":"https:\/\/www.europesays.com\/fr\/wp-json\/wp\/v2\/posts"}],"about":[{"href":"https:\/\/www.europesays.com\/fr\/wp-json\/wp\/v2\/types\/post"}],"author":[{"embeddable":true,"href":"https:\/\/www.europesays.com\/fr\/wp-json\/wp\/v2\/users\/2"}],"replies":[{"embeddable":true,"href":"https:\/\/www.europesays.com\/fr\/wp-json\/wp\/v2\/comments?post=107655"}],"version-history":[{"count":0,"href":"https:\/\/www.europesays.com\/fr\/wp-json\/wp\/v2\/posts\/107655\/revisions"}],"wp:featuredmedia":[{"embeddable":true,"href":"https:\/\/www.europesays.com\/fr\/wp-json\/wp\/v2\/media\/107656"}],"wp:attachment":[{"href":"https:\/\/www.europesays.com\/fr\/wp-json\/wp\/v2\/media?parent=107655"}],"wp:term":[{"taxonomy":"category","embeddable":true,"href":"https:\/\/www.europesays.com\/fr\/wp-json\/wp\/v2\/categories?post=107655"},{"taxonomy":"post_tag","embeddable":true,"href":"https:\/\/www.europesays.com\/fr\/wp-json\/wp\/v2\/tags?post=107655"}],"curies":[{"name":"wp","href":"https:\/\/api.w.org\/{rel}","templated":true}]}}