{"id":1076624,"date":"2026-07-20T12:18:30","date_gmt":"2026-07-20T12:18:30","guid":{"rendered":"https:\/\/www.europesays.com\/fr\/1076624\/"},"modified":"2026-07-20T12:18:30","modified_gmt":"2026-07-20T12:18:30","slug":"basket-le-meneur-marc-owen-fodzo-dada-quitte-le-sluc-nancy-et-rejoint-la-ncaa","status":"publish","type":"post","link":"https:\/\/www.europesays.com\/fr\/1076624\/","title":{"rendered":"Basket. Le meneur Marc-Owen Fodzo-Dada quitte le SLUC Nancy et rejoint la NCAA"},"content":{"rendered":"<p>Selon les informations de BeBasket, le meneur du SLUC Nancy, Marc-Owen Fodzo-Dada, va rejoindre la NCAA. Il s\u2019est engag\u00e9 avec Creighton (Nebraska) pour la saison \u00e0 venir en Big East Conference et va dor\u00e9navant \u00e9voluer sous les ordres d\u2019Alan Huss, qui pr\u00e9pare sa premi\u00e8re saison en tant qu\u2019entra\u00eeneur principal. \u00c0 Nancy, cette saison, le meneur tournait \u00e0 6,1 points de moyenne en 31 matchs jou\u00e9s, 1,8 passes d\u00e9cisives et 1,1 rebond en 14 minutes de moyenne.<\/p>\n<p>Ce contenu est bloqu\u00e9 car vous n&rsquo;avez pas accept\u00e9 les cookies et autres traceurs.<\/p>\n<p>En cliquant sur \u00ab J\u2019accepte \u00bb, les cookies et autres traceurs seront d\u00e9pos\u00e9s et vous pourrez visualiser les contenus  (<a href=\"\" class=\"consentModule_policy\" target=\"_blank\" title=\"Consulter la politique de protection des donn\u00e9es du fournisseur\">plus d&rsquo;informations<\/a>).<\/p>\n<p>En cliquant sur \u00ab J\u2019accepte tous les cookies \u00bb, vous autorisez des d\u00e9p\u00f4ts de cookies et autres traceurs pour le stockage de vos donn\u00e9es sur nos sites et applications \u00e0 des fins de personnalisation et de ciblage publicitaire.<\/p>\n<p class=\"consentModule_secondaryText\">Vous gardez la possibilit\u00e9 de retirer votre consentement \u00e0 tout moment en consultant notre <a href=\"https:\/\/www.estrepublicain.fr\/protection-des-donnees\" target=\"_blank\" title=\"Consulter notre politique de protection des donn\u00e9es\" rel=\"nofollow noopener\">politique de protection des donn\u00e9es<\/a>. <br \/>&#13;<br \/>\n            <a href=\"https:\/\/www.estrepublicain.fr\/sport\/2026\/07\/20\/javascript:Didomi.notice.show()\" class=\"consentModule_cmp\" rel=\"nofollow noopener\" target=\"_blank\">G\u00e9rer mes choix<\/a>&#13;\n        <\/p>\n<p>&#13;<br \/>\n                        J&rsquo;accepte&#13;<br \/>\n            J&rsquo;accepte tous les cookies&#13;\n        <\/p>\n<p>  Un Fran\u00e7ais parmi tant d\u2019autres<\/p>\n<p><a href=\"https:\/\/www.estrepublicain.fr\/sport\/2026\/04\/29\/inscrit-a-la-draft-nba-marc-owen-fodzo-dada-pense-aussi-a-la-ncaa\" target=\"_blank\" rel=\"nofollow noopener\">Celui qui avait \u00e9voqu\u00e9 son envie de traverser l\u2019Atlantique<\/a> a en effet tout mis en place pour que son r\u00eave se r\u00e9alise. Apr\u00e8s s\u2019\u00eatre retir\u00e9 de la \u201cDraft\u201d en toute discr\u00e9tion, et alors qu\u2019il \u00e9tait toujours sous contrat avec le SLUC Nancy, Marco Fodzo-Dada s\u2019est tourn\u00e9 vers le championnat universitaire am\u00e9ricain. Rapidement, l\u2019obtention d\u2019une \u00e9quivalence du baccalaur\u00e9at lui a permis de devenir \u00e9ligible pour rejoindre une universit\u00e9 US. Opportunit\u00e9 qu\u2019il a saisie.<\/p>\n<p>Son nom se rajoute \u00e0 une longue liste de jeunes joueurs fran\u00e7ais qui ont pass\u00e9 le cap de l\u2019Am\u00e9rique, <a href=\"https:\/\/www.estrepublicain.fr\/sport\/2026\/04\/07\/forme-au-sluc-nancy-guillaume-grotzinger-met-le-cap-sur-la-ncaa\" target=\"_blank\" rel=\"nofollow noopener\">\u00e0 l\u2019image d\u2019un autre ex-Nanc\u00e9ien, Guillaume Grotzinger<\/a>. Ils \u00e9taient pr\u00e8s de 70 Fran\u00e7ais en NCAA la saison derni\u00e8re, faisant de la France l\u2019un des pays les plus repr\u00e9sent\u00e9s dans cette ligue universitaire.<\/p>\n","protected":false},"excerpt":{"rendered":"Selon les informations de BeBasket, le meneur du SLUC Nancy, Marc-Owen Fodzo-Dada, va rejoindre la NCAA. Il s\u2019est&hellip;\n","protected":false},"author":2,"featured_media":1076625,"comment_status":"","ping_status":"","sticky":false,"template":"","format":"standard","meta":{"footnotes":"","_share_on_mastodon":"0"},"categories":[9635],"tags":[1111,11,1791,1704,1777,674,1011,27,775,1702,1703,12,25,11567,517,1700],"class_list":["post-1076624","post","type-post","status-publish","format-standard","has-post-thumbnail","category-nancy","tag-actu","tag-actualites","tag-basket-ball","tag-edition-nancy-et-agglomeration","tag-eu","tag-europe","tag-fr","tag-france","tag-grand-est","tag-nancy","tag-nancy-ville-54b","tag-news","tag-republique-francaise","tag-sluc","tag-sport","tag-sport-lorrain"],"share_on_mastodon":{"url":"https:\/\/pubeurope.com\/@fr\/116952268959379491","error":""},"_links":{"self":[{"href":"https:\/\/www.europesays.com\/fr\/wp-json\/wp\/v2\/posts\/1076624","targetHints":{"allow":["GET"]}}],"collection":[{"href":"https:\/\/www.europesays.com\/fr\/wp-json\/wp\/v2\/posts"}],"about":[{"href":"https:\/\/www.europesays.com\/fr\/wp-json\/wp\/v2\/types\/post"}],"author":[{"embeddable":true,"href":"https:\/\/www.europesays.com\/fr\/wp-json\/wp\/v2\/users\/2"}],"replies":[{"embeddable":true,"href":"https:\/\/www.europesays.com\/fr\/wp-json\/wp\/v2\/comments?post=1076624"}],"version-history":[{"count":0,"href":"https:\/\/www.europesays.com\/fr\/wp-json\/wp\/v2\/posts\/1076624\/revisions"}],"wp:featuredmedia":[{"embeddable":true,"href":"https:\/\/www.europesays.com\/fr\/wp-json\/wp\/v2\/media\/1076625"}],"wp:attachment":[{"href":"https:\/\/www.europesays.com\/fr\/wp-json\/wp\/v2\/media?parent=1076624"}],"wp:term":[{"taxonomy":"category","embeddable":true,"href":"https:\/\/www.europesays.com\/fr\/wp-json\/wp\/v2\/categories?post=1076624"},{"taxonomy":"post_tag","embeddable":true,"href":"https:\/\/www.europesays.com\/fr\/wp-json\/wp\/v2\/tags?post=1076624"}],"curies":[{"name":"wp","href":"https:\/\/api.w.org\/{rel}","templated":true}]}}