{"id":107665,"date":"2025-05-17T19:32:09","date_gmt":"2025-05-17T19:32:09","guid":{"rendered":"https:\/\/www.europesays.com\/fr\/107665\/"},"modified":"2025-05-17T19:32:09","modified_gmt":"2025-05-17T19:32:09","slug":"fares-chaibi-rend-un-enorme-service-au-bvb","status":"publish","type":"post","link":"https:\/\/www.europesays.com\/fr\/107665\/","title":{"rendered":"Far\u00e8s Chaibi rend un \u00e9norme service au BVB !"},"content":{"rendered":"<p data-start=\"314\" data-end=\"710\">Oppos\u00e9 \u00e0 Kiel \u00e0 domicile, le BVB<br \/>\nn\u2019a pas trembl\u00e9. Ramy Benseba\u00efni, titularis\u00e9 sur le flanc gauche<br \/>\nd\u2019une d\u00e9fense \u00e0 trois d\u00e9sormais bien rod\u00e9e, a contribu\u00e9 \u00e0 la<br \/>\nsolidit\u00e9 d\u00e9fensive de son \u00e9quipe. Dortmund a logiquement remport\u00e9<br \/>\nla rencontre sur le score de 3-0. Mais malgr\u00e9 cette belle victoire,<br \/>\ncela n\u2019\u00e9tait pas suffisant pour s\u2019assurer une place dans le top 4\u2026<br \/>\n\u00e0 moins d\u2019un faux pas de Fribourg.<\/p>\n<p data-start=\"712\" data-end=\"1153\">Et c\u2019est justement du c\u00f4t\u00e9 de<br \/>\nFribourg que les choses ont bascul\u00e9. Le club de la For\u00eat-Noire,<br \/>\nquatri\u00e8me avant cette ultime journ\u00e9e, recevait l\u2019Eintracht<br \/>\nFrancfort, troisi\u00e8me. Bien lanc\u00e9s dans leur match, les locaux ont<br \/>\nouvert le score. Mais juste avant la pause, Far\u00e8s Chaibi s\u2019est<br \/>\ndistingu\u00e9 : auteur d\u2019une double remise de la t\u00eate dans la surface,<br \/>\nil a offert une passe d\u00e9cisive \u00e0 Knauff pour l\u2019\u00e9galisation. Un<br \/>\nmoment cl\u00e9 dans la rencontre.<\/p>\n<p data-start=\"1155\" data-end=\"1426\">En seconde p\u00e9riode, Francfort<br \/>\na poursuivi sur sa lanc\u00e9e et inscrit deux nouveaux buts, s\u2019imposant<br \/>\n3-1 \u00e0 l\u2019ext\u00e9rieur. Ce r\u00e9sultat a totalement redistribu\u00e9 les cartes<br \/>\n: Dortmund est pass\u00e9 devant Fribourg et m\u00eame Francfort, terminant<br \/>\nfinalement <strong data-start=\"1397\" data-end=\"1425\">troisi\u00e8me du<br \/>\nchampionnat<\/strong>.<\/p>\n<p data-start=\"1428\" data-end=\"1695\" data-is-last-node=\"\" data-is-only-node=\"\">Avec cette issue favorable, Ramy Benseba\u00efni et<br \/>\nses co\u00e9quipiers disputeront bel et bien la Ligue des champions la<br \/>\nsaison prochaine. Quant \u00e0 Chaibi, il cl\u00f4t une saison irr\u00e9guli\u00e8re<br \/>\navec un geste d\u00e9cisif qui aura eu des r\u00e9percussions majeures dans<br \/>\nla lutte pour l\u2019Europe.<\/p>\n","protected":false},"excerpt":{"rendered":"Oppos\u00e9 \u00e0 Kiel \u00e0 domicile, le BVB n\u2019a pas trembl\u00e9. Ramy Benseba\u00efni, titularis\u00e9 sur le flanc gauche d\u2019une&hellip;\n","protected":false},"author":2,"featured_media":107666,"comment_status":"","ping_status":"","sticky":false,"template":"","format":"standard","meta":{"footnotes":""},"categories":[1587],"tags":[11,16770,672,1804,22537,1805,1803,16771,1777,674,22538,16772,1801,12,1802],"class_list":{"0":"post-107665","1":"post","2":"type-post","3":"status-publish","4":"format-standard","5":"has-post-thumbnail","7":"category-allemagne","8":"tag-actualites","9":"tag-algu00e9rie-foot","10":"tag-allemagne","11":"tag-bundesrepublik-deutschland","12":"tag-chaibi","13":"tag-de","14":"tag-deutschland","15":"tag-equipe-dalgu00e9rie","16":"tag-eu","17":"tag-europe","18":"tag-faru00e8s-chaibi","19":"tag-football-algu00e9rien","20":"tag-germany","21":"tag-news","22":"tag-republique-federale-dallemagne"},"share_on_mastodon":{"url":"https:\/\/pubeurope.com\/@fr\/114524844402598832","error":""},"_links":{"self":[{"href":"https:\/\/www.europesays.com\/fr\/wp-json\/wp\/v2\/posts\/107665","targetHints":{"allow":["GET"]}}],"collection":[{"href":"https:\/\/www.europesays.com\/fr\/wp-json\/wp\/v2\/posts"}],"about":[{"href":"https:\/\/www.europesays.com\/fr\/wp-json\/wp\/v2\/types\/post"}],"author":[{"embeddable":true,"href":"https:\/\/www.europesays.com\/fr\/wp-json\/wp\/v2\/users\/2"}],"replies":[{"embeddable":true,"href":"https:\/\/www.europesays.com\/fr\/wp-json\/wp\/v2\/comments?post=107665"}],"version-history":[{"count":0,"href":"https:\/\/www.europesays.com\/fr\/wp-json\/wp\/v2\/posts\/107665\/revisions"}],"wp:featuredmedia":[{"embeddable":true,"href":"https:\/\/www.europesays.com\/fr\/wp-json\/wp\/v2\/media\/107666"}],"wp:attachment":[{"href":"https:\/\/www.europesays.com\/fr\/wp-json\/wp\/v2\/media?parent=107665"}],"wp:term":[{"taxonomy":"category","embeddable":true,"href":"https:\/\/www.europesays.com\/fr\/wp-json\/wp\/v2\/categories?post=107665"},{"taxonomy":"post_tag","embeddable":true,"href":"https:\/\/www.europesays.com\/fr\/wp-json\/wp\/v2\/tags?post=107665"}],"curies":[{"name":"wp","href":"https:\/\/api.w.org\/{rel}","templated":true}]}}