{"id":1076668,"date":"2026-07-20T12:49:18","date_gmt":"2026-07-20T12:49:18","guid":{"rendered":"https:\/\/www.europesays.com\/fr\/1076668\/"},"modified":"2026-07-20T12:49:18","modified_gmt":"2026-07-20T12:49:18","slug":"pres-de-lyon-de-nouvelles-enseignes-annoncees-aux-nouvelles-galeries-de-bron","status":"publish","type":"post","link":"https:\/\/www.europesays.com\/fr\/1076668\/","title":{"rendered":"Pr\u00e8s de Lyon : de nouvelles enseignes annonc\u00e9es aux Nouvelles Galeries de Bron"},"content":{"rendered":"<p itemprop=\"description\"><strong>Ce sont pr\u00e8s de 80 boutiques qui doivent ouvrir d\u2019ici la fin de l\u2019ann\u00e9e 2026.<\/strong><\/p>\n<p>Les Nouvelles Galeries de Bron entendent bien devenir un nouveau lieu de shopping incontournable de l\u2019agglom\u00e9ration lyonnaise. L\u2019ouverture de ce nouveau lieu o\u00f9 pr\u00e8s de 80 boutiques sont attendues est pr\u00e9vue d\u2019ici la fin de l\u2019ann\u00e9e 2026. Le groupe Citynove est \u00e0 l\u2019origine de ce projet qui s\u2019inspire du mod\u00e8le des Nouvelles Galeries d\u2019Annecy.\u00a0<\/p>\n<p>Si la premi\u00e8re \u00e9tape des Nouvelles Galeries de Bron avait \u00e9t\u00e9 la r\u00e9novation du magasin des Galeries Lafayette de Bron en octobre 2024, cette nouvelle phase interviendra dans les prochaines semaines. Parmi les noms d\u00e9j\u00e0 annonc\u00e9s : une salle de sport On Air Fitness, l\u2019enseigne discount danoise Normal, le chocolatier lyonnais Voisin, les restaurants Pokawa, B&amp;W Burger, Berliner, la sandwicherie Faiparla, le traiteur italien Casa Risi ainsi qu\u2019une pharmacie.<\/p>\n<p>Citynove a d\u00e9voil\u00e9 il y a quelques jours de nouvelles arriv\u00e9es. La principale est la marque de pr\u00eat-\u00e0-porter su\u00e9doise H&amp;M avec au bout une surface de magasin de 1 745 m2. L\u2019enseigne de produits surgel\u00e9s Picard a \u00e9galement \u00e9t\u00e9 confirm\u00e9e tout comme le parc de jeux pour les enfants Palomano d\u00e9j\u00e0 pr\u00e9sent \u00e0 Clermont-Ferrand.<\/p>\n<p>La liste des enseignes pr\u00e9sentes au sein de ces Nouvelles Galeries de Bron n\u2019est pas encore termin\u00e9e. De nouveaux noms sont encore attendus dans les prochaines semaines, notamment une enseigne internationale de pr\u00eat-\u00e0-porter.<\/p>\n","protected":false},"excerpt":{"rendered":"Ce sont pr\u00e8s de 80 boutiques qui doivent ouvrir d\u2019ici la fin de l\u2019ann\u00e9e 2026. Les Nouvelles Galeries&hellip;\n","protected":false},"author":2,"featured_media":1076669,"comment_status":"","ping_status":"","sticky":false,"template":"","format":"standard","meta":{"footnotes":"","_share_on_mastodon":"0"},"categories":[1889],"tags":[1111,11,2813,2190,2430,1109,251,1112,2811,1777,674,118,1294,4651,1011,27,1922,1110,1114,2428,4903,4902,12,241,316,25,2812,517,800],"class_list":["post-1076668","post","type-post","status-publish","format-standard","has-post-thumbnail","category-lyon","tag-actu","tag-actualites","tag-article","tag-asvel","tag-auvergne-rhone-alpes","tag-breves","tag-culture","tag-depeches","tag-economique","tag-eu","tag-europe","tag-faits-divers","tag-femme","tag-femmes","tag-fr","tag-france","tag-info","tag-informations","tag-infos","tag-lyon","tag-lyonfemme","tag-lyonfemmes","tag-news","tag-ol","tag-politique","tag-republique-francaise","tag-sociale","tag-sport","tag-transports"],"share_on_mastodon":{"url":"https:\/\/pubeurope.com\/@fr\/116952391217105050","error":""},"_links":{"self":[{"href":"https:\/\/www.europesays.com\/fr\/wp-json\/wp\/v2\/posts\/1076668","targetHints":{"allow":["GET"]}}],"collection":[{"href":"https:\/\/www.europesays.com\/fr\/wp-json\/wp\/v2\/posts"}],"about":[{"href":"https:\/\/www.europesays.com\/fr\/wp-json\/wp\/v2\/types\/post"}],"author":[{"embeddable":true,"href":"https:\/\/www.europesays.com\/fr\/wp-json\/wp\/v2\/users\/2"}],"replies":[{"embeddable":true,"href":"https:\/\/www.europesays.com\/fr\/wp-json\/wp\/v2\/comments?post=1076668"}],"version-history":[{"count":0,"href":"https:\/\/www.europesays.com\/fr\/wp-json\/wp\/v2\/posts\/1076668\/revisions"}],"wp:featuredmedia":[{"embeddable":true,"href":"https:\/\/www.europesays.com\/fr\/wp-json\/wp\/v2\/media\/1076669"}],"wp:attachment":[{"href":"https:\/\/www.europesays.com\/fr\/wp-json\/wp\/v2\/media?parent=1076668"}],"wp:term":[{"taxonomy":"category","embeddable":true,"href":"https:\/\/www.europesays.com\/fr\/wp-json\/wp\/v2\/categories?post=1076668"},{"taxonomy":"post_tag","embeddable":true,"href":"https:\/\/www.europesays.com\/fr\/wp-json\/wp\/v2\/tags?post=1076668"}],"curies":[{"name":"wp","href":"https:\/\/api.w.org\/{rel}","templated":true}]}}