{"id":107667,"date":"2025-05-17T19:33:09","date_gmt":"2025-05-17T19:33:09","guid":{"rendered":"https:\/\/www.europesays.com\/fr\/107667\/"},"modified":"2025-05-17T19:33:09","modified_gmt":"2025-05-17T19:33:09","slug":"championnats-deurope-de-slalom-deux-fois-largent-pour-les-bretons-nicolas-gestin-et-titouan-castryck-qui-ont-conjointement-obtenu-la-deuxieme-place","status":"publish","type":"post","link":"https:\/\/www.europesays.com\/fr\/107667\/","title":{"rendered":"Championnats d\u2019Europe de slalom\u00a0: Deux fois l\u2019argent pour les bretons Nicolas Gestin et Titouan Castryck, qui ont conjointement obtenu la deuxi\u00e8me place"},"content":{"rendered":"<p>Championnats d\u2019Europe (slalom)<\/p>\n<p>Le 29 juillet 2024, Nicolas Gestin, le c\u00e9iste de la ville de Quimperl\u00e9 et des Roches du diable r\u00e9unies, d\u00e9crochait le titre olympique comme chacun s\u2019en souvient. Le 17 mai 2025, sur le m\u00eame bassin de Seine-et-Marne qui constitue un peu son nouveau \u00ab\u00a0jardin\u00a0\u00bb, le Finist\u00e9rien n\u2019a pu r\u00e9cidiver pour le gain d\u2019une couronne continentale moins scintillante. \u00ab\u00a0Forc\u00e9ment, je visais le titre \u00e0 la maison mais il s\u2019agit tout de m\u00eame de ma premi\u00e8re m\u00e9daille europ\u00e9enne en Senior\u00a0! Il y a du coup de la satisfaction et je prends ce r\u00e9sultat avec le sourire\u00a0\u00bb, soulignait-il \u00e0 la descente du podium.<\/p>\n<p>Des sc\u00e9narios frustrants<\/p>\n<p>En r\u00e9alit\u00e9, c\u2019est le d\u00e9roulement de la course qui laisse quelques regrets car Gestin poss\u00e9dait pr\u00e8s de trois secondes d\u2019avance sur l\u2019Espagnol Trav\u00e9 \u00e0 l\u2019approche de l\u2019arriv\u00e9e. Or, il a tap\u00e9 de plein fouet la derni\u00e8re porte, d\u2019o\u00f9 les deux points de p\u00e9nalit\u00e9 qui s\u00e9parent une victoire de la deuxi\u00e8me place. \u00ab\u00a0Je reproduis en finale la navigation dont j\u2019avais envie, je me fais plaisir jusqu\u2019\u00e0 cette touche frustrante. J\u2019ai senti arriver cette faute car, sur le stop \u00e0 droite en amont, une vague me perturbe, peut-\u00eatre par manque de pr\u00e9paration. L\u2019ambiance \u00e9tait au top, j\u2019\u00e9tais tr\u00e8s motiv\u00e9 et j\u2019aime vraiment \u00e7a. Vivement la suite\u00a0!\u00a0\u00bb Une suite qui passera par des \u00e9tapes de Coupe du monde et les Mondiaux en Australie en octobre.<\/p>\n<p>Comme aux JO, Titouan Castryck a \u00e9galement re\u00e7u la m\u00e9daille d\u2019argent en kayak. Cette fois-ci, c\u2019est le Tch\u00e8que Prskavec qui l\u2019a devanc\u00e9, ce qui ne changeait rien \u00e0 la frustration du Cessonnais qui avait survol\u00e9 les qualifications et la demie. \u00ab\u00a0En finale, je passe un peu \u00e0 c\u00f4t\u00e9\u00a0\u00bb, regrettait-il. \u00ab\u00a0Je me sentais pourtant tellement bien depuis deux jours pour ma reprise. Je ramais avec calme et l\u00e9g\u00e8ret\u00e9 jusqu\u2019\u00e0 cette finale et ce d\u00e9part un peu loup\u00e9. C\u2019est dommage mais le Tch\u00e8que \u00e9tait vraiment tr\u00e8s fort.\u00a0\u00bb En retard d\u20191\u2019\u201962 au 3e interm\u00e9diaire, le Breton a tout donn\u00e9 sur la fin, en vain (+1\u2019\u201921) pour le titre, pas pour la m\u00e9daille d\u2019argent. Une m\u00e9daille tout court qui a \u00e9chapp\u00e9 en l\u2019occurrence \u00e0 Mewen Debliquy, le jeune \u00ab\u00a0poisson volant\u00a0\u00bb de Cesson, quatri\u00e8me du C1 alors que la Rennaise Camille Prigent a \u00e9chou\u00e9 sur le fil en demi-finale (13e).<\/p>\n<p class=\"titre-tech\">Les classements<\/p>\n<p class=\"tech\"><strong class=\"tech\">DAMES<\/strong>. K1\u00a0: 1. R. Funck (ALL) 89\u2019\u201936\u2026 7. E. Vuitton (FRA) \u00e0 5\u2019\u201992. (C. Prigent 13e de la demie).<\/p>\n<p class=\"tech\"><strong class=\"tech\">C1\u00a0<\/strong>: 1. M. Doria (AND) 103\u2019\u201973 ; 2. L. Roisin (FRA) \u00e0 3,03\u00a0; 3. D. Delassus (FRA) \u00e0 3\u2019\u201950.<\/p>\n<p class=\"tech\"><strong class=\"tech\">MESSIEURS<\/strong>. K1\u00a0: 1. J. Prskavec (RTC) 80\u2019\u201903 ; 2. T. Castryck (FRA) \u00e0 1\u2019\u201921&#8230; 7. B. Renia (FRA) \u00e0 5\u2019\u201981.<\/p>\n<p class=\"tech\"><strong class=\"tech\">C1<\/strong>\u00a0: 1. M. Trav\u00e9 (ESP) 87\u2019\u201932 ; 2. N. Gestin (FRA) \u00e0 1\u2019\u201954\u00a0; 3. Z. Hocevar (SLO) \u00e0 1\u2019\u201969\u00a0; 4. M. Debliquy (FRA) 1\u2019\u201997.<\/p>\n","protected":false},"excerpt":{"rendered":"Championnats d\u2019Europe (slalom) Le 29 juillet 2024, Nicolas Gestin, le c\u00e9iste de la ville de Quimperl\u00e9 et des&hellip;\n","protected":false},"author":2,"featured_media":107668,"comment_status":"","ping_status":"","sticky":false,"template":"","format":"standard","meta":{"footnotes":""},"categories":[1586],"tags":[11,16814,1777,674,1011,27,12,11878,25,60],"class_list":{"0":"post-107667","1":"post","2":"type-post","3":"status-publish","4":"format-standard","5":"has-post-thumbnail","7":"category-europe","8":"tag-actualites","9":"tag-canoe-kayak","10":"tag-eu","11":"tag-europe","12":"tag-fr","13":"tag-france","14":"tag-news","15":"tag-quimperle","16":"tag-republique-francaise","17":"tag-sports"},"share_on_mastodon":{"url":"https:\/\/pubeurope.com\/@fr\/114524848333719689","error":""},"_links":{"self":[{"href":"https:\/\/www.europesays.com\/fr\/wp-json\/wp\/v2\/posts\/107667","targetHints":{"allow":["GET"]}}],"collection":[{"href":"https:\/\/www.europesays.com\/fr\/wp-json\/wp\/v2\/posts"}],"about":[{"href":"https:\/\/www.europesays.com\/fr\/wp-json\/wp\/v2\/types\/post"}],"author":[{"embeddable":true,"href":"https:\/\/www.europesays.com\/fr\/wp-json\/wp\/v2\/users\/2"}],"replies":[{"embeddable":true,"href":"https:\/\/www.europesays.com\/fr\/wp-json\/wp\/v2\/comments?post=107667"}],"version-history":[{"count":0,"href":"https:\/\/www.europesays.com\/fr\/wp-json\/wp\/v2\/posts\/107667\/revisions"}],"wp:featuredmedia":[{"embeddable":true,"href":"https:\/\/www.europesays.com\/fr\/wp-json\/wp\/v2\/media\/107668"}],"wp:attachment":[{"href":"https:\/\/www.europesays.com\/fr\/wp-json\/wp\/v2\/media?parent=107667"}],"wp:term":[{"taxonomy":"category","embeddable":true,"href":"https:\/\/www.europesays.com\/fr\/wp-json\/wp\/v2\/categories?post=107667"},{"taxonomy":"post_tag","embeddable":true,"href":"https:\/\/www.europesays.com\/fr\/wp-json\/wp\/v2\/tags?post=107667"}],"curies":[{"name":"wp","href":"https:\/\/api.w.org\/{rel}","templated":true}]}}