{"id":10767,"date":"2025-04-08T17:34:10","date_gmt":"2025-04-08T17:34:10","guid":{"rendered":"https:\/\/www.europesays.com\/fr\/10767\/"},"modified":"2025-04-08T17:34:10","modified_gmt":"2025-04-08T17:34:10","slug":"le-laser-pour-traiter-les-kystes-sacro-coccygiens-au-centre-hospitalier-prive-brest-keraudren","status":"publish","type":"post","link":"https:\/\/www.europesays.com\/fr\/10767\/","title":{"rendered":"Le laser pour traiter les kystes sacro-coccygiens au centre hospitalier priv\u00e9 Brest Keraudren"},"content":{"rendered":"<p>La clinique Brest Keraudren a introduit, depuis novembre 2024, une technique innovante pour le traitement des kystes sacro-coccygiens par laser. Le kyste sacro-coccygien (ou kyste pilonidal ou sinus pilonidal) est une pathologie b\u00e9nigne et fr\u00e9quente du sillon interfessier (p\u00e9n\u00e9tration de poils dans la peau) touchant essentiellement les adolescents et les jeunes adultes. Elle se manifeste par des douleurs, des infections ou une suppuration.<\/p>\n<p>Avec l\u2019op\u00e9ration classique, de longs arr\u00eats de travail <\/p>\n<p>\u00ab\u00a0C\u2019est une pathologie qui touche surtout la tranche des 15-25 ans. C\u2019est un kyste qui se forme surtout \u00e0 la pubert\u00e9, et qui est invalidant. Le seul traitement, c\u2019est la chirurgie. Il n\u2019y a pas de m\u00e9dicament ou autre pommade pour le faire dispara\u00eetre. Il y a encore un an, on faisait une chirurgie qui \u00e9tait classique et que l\u2019on faisait depuis des ann\u00e9es. On enlevait tout le kyste. On faisait une incision de 2 \u00e0 3 cm voire 7-8 cm pour les gros kystes\u00a0\u00bb, explique Charles-Henri Gancel, qui pratique la chirurgie digestive et visc\u00e9rale. Cette intervention donnait lieu \u00e0 un arr\u00eat de travail de deux \u00e0 trois mois, ce qui engendrait des complications pour les jeunes, pour les \u00e9tudes, les examens ou le travail notamment.<\/p>\n<p>\u00ab\u00a0On br\u00fble le kyste de l\u2019int\u00e9rieur\u00a0\u00bb<\/p>\n<p>\u00ab\u00a0Nous avons acquis une nouvelle technique par laser. Il s\u2019agit d\u2019une fibre laser (la m\u00eame que pour les varices) que l\u2019on passe \u00e0 l\u2019int\u00e9rieur du kyste. Nous envoyons la chaleur avec la sonde laser. On br\u00fble le kyste de l\u2019int\u00e9rieur. Techniquement, on ne l\u2019enl\u00e8ve plus. Les tissus sont d\u00e9truits. Les patients sortent avec un ou deux petits points de br\u00fblure, un pansement simple. L\u2019arr\u00eat de travail n\u2019est que de quinze jours. Les kystes sont revus au bout de quinze jours par un stomath\u00e9rapeute. C\u2019est un protocole que nous avons mis en place. Ceci \u00e9tant, on les informe que le kyste peut revenir ou pas\u00a0\u00bb, stipule le docteur Gancel. <\/p>\n<p>En ambulatoire, avec des soins postop\u00e9ratoires r\u00e9duits<\/p>\n<p>Cette nouvelle proc\u00e9dure r\u00e9duit donc nettement les arr\u00eats de travail, est moins douloureuse, permet une cicatrisation plus rapide et des soins postop\u00e9ratoires r\u00e9duits. Ce traitement est r\u00e9alis\u00e9 en ambulatoire, ce qui signifie que les patients peuvent rentrer chez eux le jour m\u00eame de l\u2019op\u00e9ration. Depuis l\u2019introduction de cette technique, plus de 60 patients ont d\u00e9j\u00e0 pu en b\u00e9n\u00e9ficier avec des r\u00e9sultats prometteurs.<\/p>\n","protected":false},"excerpt":{"rendered":"La clinique Brest Keraudren a introduit, depuis novembre 2024, une technique innovante pour le traitement des kystes sacro-coccygiens&hellip;\n","protected":false},"author":2,"featured_media":10768,"comment_status":"","ping_status":"","sticky":false,"template":"","format":"standard","meta":{"footnotes":""},"categories":[10],"tags":[5215,3450,1011,27,72,4075,71],"class_list":{"0":"post-10767","1":"post","2":"type-post","3":"status-publish","4":"format-standard","5":"has-post-thumbnail","7":"category-sante","8":"tag-adolescence","9":"tag-brest","10":"tag-fr","11":"tag-france","12":"tag-health","13":"tag-jeunesse","14":"tag-sante"},"share_on_mastodon":{"url":"https:\/\/pubeurope.com\/@fr\/114303550345380967","error":""},"_links":{"self":[{"href":"https:\/\/www.europesays.com\/fr\/wp-json\/wp\/v2\/posts\/10767","targetHints":{"allow":["GET"]}}],"collection":[{"href":"https:\/\/www.europesays.com\/fr\/wp-json\/wp\/v2\/posts"}],"about":[{"href":"https:\/\/www.europesays.com\/fr\/wp-json\/wp\/v2\/types\/post"}],"author":[{"embeddable":true,"href":"https:\/\/www.europesays.com\/fr\/wp-json\/wp\/v2\/users\/2"}],"replies":[{"embeddable":true,"href":"https:\/\/www.europesays.com\/fr\/wp-json\/wp\/v2\/comments?post=10767"}],"version-history":[{"count":0,"href":"https:\/\/www.europesays.com\/fr\/wp-json\/wp\/v2\/posts\/10767\/revisions"}],"wp:featuredmedia":[{"embeddable":true,"href":"https:\/\/www.europesays.com\/fr\/wp-json\/wp\/v2\/media\/10768"}],"wp:attachment":[{"href":"https:\/\/www.europesays.com\/fr\/wp-json\/wp\/v2\/media?parent=10767"}],"wp:term":[{"taxonomy":"category","embeddable":true,"href":"https:\/\/www.europesays.com\/fr\/wp-json\/wp\/v2\/categories?post=10767"},{"taxonomy":"post_tag","embeddable":true,"href":"https:\/\/www.europesays.com\/fr\/wp-json\/wp\/v2\/tags?post=10767"}],"curies":[{"name":"wp","href":"https:\/\/api.w.org\/{rel}","templated":true}]}}