{"id":1076778,"date":"2026-07-20T14:03:21","date_gmt":"2026-07-20T14:03:21","guid":{"rendered":"https:\/\/www.europesays.com\/fr\/1076778\/"},"modified":"2026-07-20T14:03:21","modified_gmt":"2026-07-20T14:03:21","slug":"le-braquage-dun-carrefour-filme-pres-de-lyon-le-gerant-sinterpose-face-aux-braqueurs-qui-pillent-son-coffre","status":"publish","type":"post","link":"https:\/\/www.europesays.com\/fr\/1076778\/","title":{"rendered":"Le braquage d&rsquo;un Carrefour film\u00e9 pr\u00e8s de Lyon : le g\u00e9rant s&rsquo;interpose face aux braqueurs qui pillent son coffre"},"content":{"rendered":"<p>                    Par<br \/>\n        <strong><br \/>\n            <a href=\"https:\/\/actu.fr\/auteur\/anthony-soudani\" title=\"Consulter tous les articles de Anthony Soudani\" rel=\"nofollow noopener\" target=\"_blank\">Anthony Soudani<\/a><br \/>\n                    <\/strong><\/p>\n<p>        Publi\u00e9 le<\/p>\n<p>            20 juil. 2026 \u00e0 15h39        <\/p>\n<p><strong>INFO ACTU LYON.<\/strong> Le Carrefour City de Maisons-Neuves, \u00e0 <a href=\"https:\/\/actu.fr\/auvergne-rhone-alpes\/villeurbanne_69266\" rel=\"nofollow noopener\" target=\"_blank\">Villeurbanne<\/a>, a \u00e9t\u00e9 victime d\u2019un braquage men\u00e9 par deux hommes \u00e0 scooter samedi 18 juillet, entre 7h et 8h. Des images de ces faits survenus dans la m\u00e9tropole de <a href=\"https:\/\/actu.fr\/lyon\/\" rel=\"nofollow noopener\" target=\"_blank\">Lyon<\/a> ont \u00e9t\u00e9 diffus\u00e9es sur le r\u00e9seau social X. Ce que l\u2019on sait.<\/p>\n<p class=\" wall-content\">Sur la vid\u00e9o, on voit un homme pr\u00e9sent\u00e9 comme le \u00ab\u00a0g\u00e9rant\u00a0\u00bb du magasin par le compte Cpasdeslol se battre avec un individu casqu\u00e9, le braqueur pr\u00e9sum\u00e9. Apr\u00e8s cette altercation, le suspect rejoint un autre individu pour finalement prendre la fuite sur un deux-roues.\u00a0<\/p>\n<p class=\" wall-content\">\n<p>Des billets vol\u00e9s dans le coffre<\/p>\n<p class=\" wall-content\">Selon les informations de la police nationale du Rh\u00f4ne transmises \u00e0 actu Lyon, il n\u2019y a pas eu de bless\u00e9. Le g\u00e9rant et les autres t\u00e9moins s\u2019en sont sortis indemnes.<\/p>\n<p class=\" wall-content\">Une enqu\u00eate de police est en cours alors que des billets ont \u00e9t\u00e9 vol\u00e9s dans le coffre du Carrefour City.<\/p>\n<p class=\" wall-content\">La somme du pr\u00e9judice n\u2019a pas \u00e9t\u00e9 d\u00e9voil\u00e9e.<\/p>\n<p class=\" wall-content\">Personnalisez votre actualit\u00e9 en ajoutant vos villes et m\u00e9dias en favori avec <a href=\"https:\/\/moncompte.actu.fr\" title=\"D\u00e9couvez Mon Actu\" rel=\"nofollow noopener\" data-trk=\"{&quot;cta&quot;:{&quot;action&quot;:&quot;https:\\\/\\\/moncompte.actu.fr&quot;,&quot;category&quot;:&quot;mon compte&quot;,&quot;from&quot;:&quot;article footer&quot;,&quot;name&quot;:&quot;Mon actu&quot;,&quot;type&quot;:&quot;cta&quot;}}\" target=\"_blank\">Mon Actu<\/a>.<\/p>\n","protected":false},"excerpt":{"rendered":"Par Anthony Soudani Publi\u00e9 le 20 juil. 2026 \u00e0 15h39 INFO ACTU LYON. Le Carrefour City de Maisons-Neuves,&hellip;\n","protected":false},"author":2,"featured_media":1076779,"comment_status":"","ping_status":"","sticky":false,"template":"","format":"standard","meta":{"footnotes":"","_share_on_mastodon":"0"},"categories":[1889],"tags":[1111,11,2430,4304,1777,674,1011,27,2428,12,1072,25,104],"class_list":["post-1076778","post","type-post","status-publish","format-standard","has-post-thumbnail","category-lyon","tag-actu","tag-actualites","tag-auvergne-rhone-alpes","tag-carrefour","tag-eu","tag-europe","tag-fr","tag-france","tag-lyon","tag-news","tag-police","tag-republique-francaise","tag-societe"],"share_on_mastodon":{"url":"https:\/\/pubeurope.com\/@fr\/116952682282351565","error":""},"_links":{"self":[{"href":"https:\/\/www.europesays.com\/fr\/wp-json\/wp\/v2\/posts\/1076778","targetHints":{"allow":["GET"]}}],"collection":[{"href":"https:\/\/www.europesays.com\/fr\/wp-json\/wp\/v2\/posts"}],"about":[{"href":"https:\/\/www.europesays.com\/fr\/wp-json\/wp\/v2\/types\/post"}],"author":[{"embeddable":true,"href":"https:\/\/www.europesays.com\/fr\/wp-json\/wp\/v2\/users\/2"}],"replies":[{"embeddable":true,"href":"https:\/\/www.europesays.com\/fr\/wp-json\/wp\/v2\/comments?post=1076778"}],"version-history":[{"count":0,"href":"https:\/\/www.europesays.com\/fr\/wp-json\/wp\/v2\/posts\/1076778\/revisions"}],"wp:featuredmedia":[{"embeddable":true,"href":"https:\/\/www.europesays.com\/fr\/wp-json\/wp\/v2\/media\/1076779"}],"wp:attachment":[{"href":"https:\/\/www.europesays.com\/fr\/wp-json\/wp\/v2\/media?parent=1076778"}],"wp:term":[{"taxonomy":"category","embeddable":true,"href":"https:\/\/www.europesays.com\/fr\/wp-json\/wp\/v2\/categories?post=1076778"},{"taxonomy":"post_tag","embeddable":true,"href":"https:\/\/www.europesays.com\/fr\/wp-json\/wp\/v2\/tags?post=1076778"}],"curies":[{"name":"wp","href":"https:\/\/api.w.org\/{rel}","templated":true}]}}