{"id":107679,"date":"2025-05-17T19:39:08","date_gmt":"2025-05-17T19:39:08","guid":{"rendered":"https:\/\/www.europesays.com\/fr\/107679\/"},"modified":"2025-05-17T19:39:08","modified_gmt":"2025-05-17T19:39:08","slug":"ligue-b-la-victoire-collective-du-gfca-en-finale-contre-frejus","status":"publish","type":"post","link":"https:\/\/www.europesays.com\/fr\/107679\/","title":{"rendered":"Ligue B : la victoire collective du GFCA en finale contre Fr\u00e9jus"},"content":{"rendered":"<p>Ils auront fait durer le suspense et le plaisir jusqu&rsquo;au bout du bout.<\/p>\n<p>Donner de la joie, des frissons et de l&rsquo;\u00e9motion comme rarement on avait pu en \u00e9prouver dans un Palatinu transform\u00e9 en volcan jusqu&rsquo;\u00e0 tard dans la nuit, avec apr\u00e8s la remise du troph\u00e9e une grande f\u00eate improvis\u00e9e (feux d&rsquo;artifice et fumig\u00e8nes \u00e0 l&rsquo;appui) sur le parvis o\u00f9 une banderole plac\u00e9e devant l&rsquo;entr\u00e9e, rappelait que le GFCA est de retour en Ligue A.<\/p>\n<p>Ce n&rsquo;est d\u00e9sormais ni un songe, ni un mensonge.<\/p>\n<p>Juste une magnifique r\u00e9alit\u00e9.<\/p>\n<p>Celle d&rsquo;une \u00e9quipe ajaccienne acc\u00e9dant une nouvelle fois au plus haut niveau et dont le palmar\u00e8s enrichi d&rsquo;un second titre en Ligue B apr\u00e8s celui de 2009 rajout\u00e9 \u00e0 ses deux Coupes de France et une Supercoupe, est on le soulignera jamais assez, le plus fourni parmi les clubs insulaires \u00e9voluant dans un sport collectif.<\/p>\n","protected":false},"excerpt":{"rendered":"Ils auront fait durer le suspense et le plaisir jusqu&rsquo;au bout du bout. Donner de la joie, des&hellip;\n","protected":false},"author":2,"featured_media":107680,"comment_status":"","ping_status":"","sticky":false,"template":"","format":"standard","meta":{"footnotes":""},"categories":[1417],"tags":[17,13773,1444,2396,1011,27,6392,3022,60,1264,1470,1469],"class_list":{"0":"post-107679","1":"post","2":"type-post","3":"status-publish","4":"format-standard","5":"has-post-thumbnail","7":"category-volley","8":"tag-17","9":"tag-collective","10":"tag-contre","11":"tag-finale","12":"tag-fr","13":"tag-france","14":"tag-gfca","15":"tag-ligue","16":"tag-sports","17":"tag-victoire","18":"tag-volley","19":"tag-volleyball"},"share_on_mastodon":{"url":"https:\/\/pubeurope.com\/@fr\/114524872044590253","error":""},"_links":{"self":[{"href":"https:\/\/www.europesays.com\/fr\/wp-json\/wp\/v2\/posts\/107679","targetHints":{"allow":["GET"]}}],"collection":[{"href":"https:\/\/www.europesays.com\/fr\/wp-json\/wp\/v2\/posts"}],"about":[{"href":"https:\/\/www.europesays.com\/fr\/wp-json\/wp\/v2\/types\/post"}],"author":[{"embeddable":true,"href":"https:\/\/www.europesays.com\/fr\/wp-json\/wp\/v2\/users\/2"}],"replies":[{"embeddable":true,"href":"https:\/\/www.europesays.com\/fr\/wp-json\/wp\/v2\/comments?post=107679"}],"version-history":[{"count":0,"href":"https:\/\/www.europesays.com\/fr\/wp-json\/wp\/v2\/posts\/107679\/revisions"}],"wp:featuredmedia":[{"embeddable":true,"href":"https:\/\/www.europesays.com\/fr\/wp-json\/wp\/v2\/media\/107680"}],"wp:attachment":[{"href":"https:\/\/www.europesays.com\/fr\/wp-json\/wp\/v2\/media?parent=107679"}],"wp:term":[{"taxonomy":"category","embeddable":true,"href":"https:\/\/www.europesays.com\/fr\/wp-json\/wp\/v2\/categories?post=107679"},{"taxonomy":"post_tag","embeddable":true,"href":"https:\/\/www.europesays.com\/fr\/wp-json\/wp\/v2\/tags?post=107679"}],"curies":[{"name":"wp","href":"https:\/\/api.w.org\/{rel}","templated":true}]}}