{"id":1076853,"date":"2026-07-20T14:50:20","date_gmt":"2026-07-20T14:50:20","guid":{"rendered":"https:\/\/www.europesays.com\/fr\/1076853\/"},"modified":"2026-07-20T14:50:20","modified_gmt":"2026-07-20T14:50:20","slug":"essey-les-nancy-defile-de-mode-les-jeunes-creatrices-sous-les-projecteurs","status":"publish","type":"post","link":"https:\/\/www.europesays.com\/fr\/1076853\/","title":{"rendered":"Essey-l\u00e8s-Nancy. D\u00e9fil\u00e9 de mode\u00a0: les jeunes cr\u00e9atrices sous les projecteurs"},"content":{"rendered":"<p>C\u2019est l\u2019aboutissement d\u2019un projet citoyen men\u00e9 de A \u00e0 Z.<\/p>\n<p>Le vendredi 17\u00a0juillet, une quinzaine de jeunes filles ont jou\u00e9 les mannequins d\u2019un jour en portant leurs propres cr\u00e9ations.<\/p>\n<p>Devant pr\u00e8s de 120 spectateurs, ce d\u00e9fil\u00e9 de mode, soutenu par l\u2019association L\u00e9o-Lagrange, a mis en lumi\u00e8re un magnifique \u00e9lan de mixit\u00e9 sociale et d\u2019esprit interg\u00e9n\u00e9rationnel.<\/p>\n<p>Une v\u00e9ritable&#8230;                        <\/p>\n","protected":false},"excerpt":{"rendered":"C\u2019est l\u2019aboutissement d\u2019un projet citoyen men\u00e9 de A \u00e0 Z. Le vendredi 17\u00a0juillet, une quinzaine de jeunes filles&hellip;\n","protected":false},"author":2,"featured_media":1076854,"comment_status":"","ping_status":"","sticky":false,"template":"","format":"standard","meta":{"footnotes":"","_share_on_mastodon":"0"},"categories":[9635],"tags":[1111,11,1687,1704,11361,1777,674,1011,27,775,11362,1702,12,25,3140],"class_list":["post-1076853","post","type-post","status-publish","format-standard","has-post-thumbnail","category-nancy","tag-actu","tag-actualites","tag-culture-loisirs","tag-edition-nancy-et-agglomeration","tag-essey-les-nancy","tag-eu","tag-europe","tag-fr","tag-france","tag-grand-est","tag-metropole-du-grand-nancy-54b3","tag-nancy","tag-news","tag-republique-francaise","tag-spectacle"],"share_on_mastodon":{"url":"https:\/\/pubeurope.com\/@fr\/116952866999525817","error":""},"_links":{"self":[{"href":"https:\/\/www.europesays.com\/fr\/wp-json\/wp\/v2\/posts\/1076853","targetHints":{"allow":["GET"]}}],"collection":[{"href":"https:\/\/www.europesays.com\/fr\/wp-json\/wp\/v2\/posts"}],"about":[{"href":"https:\/\/www.europesays.com\/fr\/wp-json\/wp\/v2\/types\/post"}],"author":[{"embeddable":true,"href":"https:\/\/www.europesays.com\/fr\/wp-json\/wp\/v2\/users\/2"}],"replies":[{"embeddable":true,"href":"https:\/\/www.europesays.com\/fr\/wp-json\/wp\/v2\/comments?post=1076853"}],"version-history":[{"count":0,"href":"https:\/\/www.europesays.com\/fr\/wp-json\/wp\/v2\/posts\/1076853\/revisions"}],"wp:featuredmedia":[{"embeddable":true,"href":"https:\/\/www.europesays.com\/fr\/wp-json\/wp\/v2\/media\/1076854"}],"wp:attachment":[{"href":"https:\/\/www.europesays.com\/fr\/wp-json\/wp\/v2\/media?parent=1076853"}],"wp:term":[{"taxonomy":"category","embeddable":true,"href":"https:\/\/www.europesays.com\/fr\/wp-json\/wp\/v2\/categories?post=1076853"},{"taxonomy":"post_tag","embeddable":true,"href":"https:\/\/www.europesays.com\/fr\/wp-json\/wp\/v2\/tags?post=1076853"}],"curies":[{"name":"wp","href":"https:\/\/api.w.org\/{rel}","templated":true}]}}