{"id":107689,"date":"2025-05-17T19:45:08","date_gmt":"2025-05-17T19:45:08","guid":{"rendered":"https:\/\/www.europesays.com\/fr\/107689\/"},"modified":"2025-05-17T19:45:08","modified_gmt":"2025-05-17T19:45:08","slug":"cyclisme-matteo-viardot-remporte-la-premiere-manche-du-classicotentin-a-teurtheville-hague","status":"publish","type":"post","link":"https:\/\/www.europesays.com\/fr\/107689\/","title":{"rendered":"Cyclisme. Matt\u00e9o Viardot remporte la premi\u00e8re manche du Classi\u2019Cotentin \u00e0 Teurth\u00e9ville-Hague"},"content":{"rendered":"<p>            Par<br \/>\n        <strong><br \/>\n            <a href=\"https:\/\/actu.fr\/auteur\/a-rey\" title=\"Consulter tous les articles de Aur\u00e9lien Rey\" rel=\"nofollow noopener\" target=\"_blank\">Aur\u00e9lien Rey<\/a><br \/>\n        <\/strong><\/p>\n<p>        Publi\u00e9 le<\/p>\n<p>            17 mai 2025 \u00e0 18h04        <\/p>\n<p>Matt\u00e9o Viardot (VC Rouen 76), coureur originaire de Rauville-la-Bigot, a remport\u00e9 la premi\u00e8re manche du Classi\u2019Cotentin (Elite-Open) \u00e0 Teurth\u00e9ville-Hague, ce samedi 17\u00a0mai 2025.<\/p>\n<p class=\" wall-content\">Matt\u00e9o Viardot a devanc\u00e9 David Hird (Douai) et un autre coureur manchois, le Britannique du Team Bricquebec Cotentin, James Hartley.<\/p>\n<p class=\" wall-content\">La deuxi\u00e8me manche de cette premi\u00e8re \u00e9dition du Classi\u2019Cotentin aura lieu ce dimanche 18\u00a0mai 2025 \u00e0 Brix. Le d\u00e9part est programm\u00e9 \u00e0 13\u2009h\u200930.<\/p>\n<p>Le classement<\/p>\n<p class=\" wall-content\">1.\u00a0Matt\u00e9o Viardot (VC Rouen 76)\u2009; 2. David Hird (ESEG Douai)\u2009; 3. James Hartley (Team Bricquebec Cotentin)\u2009; 4.\u00a0Matthew Fox (VC Rouen 76)\u2009; 5. Hugo Goncalves Fernandes (Moyon-Percy)\u2009; 6. Julien Jamot (ES Torigni)\u2009; 7. Tom Morel (Team Bricquebec Cotentin)\u2009; 8. Hugo Grard (ESEG Douai)\u2009; 9. Edwin Mercier (VC Pays de Loud\u00e9ac)\u2009; 10. Esteban Foucher (VC Rouen 76).<\/p>\n<p class=\" wall-content\">Suivez toute l\u2019actualit\u00e9 de vos villes et m\u00e9dias favoris en vous inscrivant \u00e0 <a href=\"https:\/\/moncompte.actu.fr\" title=\"D\u00e9couvez Mon Actu\" rel=\"nofollow noopener\" data-trk=\"{&quot;cta&quot;:{&quot;action&quot;:&quot;https:\\\/\\\/moncompte.actu.fr&quot;,&quot;category&quot;:&quot;mon compte&quot;,&quot;from&quot;:&quot;article footer&quot;,&quot;name&quot;:&quot;Mon actu&quot;,&quot;type&quot;:&quot;cta&quot;}}\" target=\"_blank\">Mon Actu<\/a>.<\/p>\n","protected":false},"excerpt":{"rendered":"Par Aur\u00e9lien Rey Publi\u00e9 le 17 mai 2025 \u00e0 18h04 Matt\u00e9o Viardot (VC Rouen 76), coureur originaire de&hellip;\n","protected":false},"author":2,"featured_media":107690,"comment_status":"","ping_status":"","sticky":false,"template":"","format":"standard","meta":{"footnotes":""},"categories":[1411],"tags":[3168,1154,207,1011,27,60],"class_list":{"0":"post-107689","1":"post","2":"type-post","3":"status-publish","4":"format-standard","5":"has-post-thumbnail","7":"category-cyclisme","8":"tag-cotentin","9":"tag-cycling","10":"tag-cyclisme","11":"tag-fr","12":"tag-france","13":"tag-sports"},"share_on_mastodon":{"url":"https:\/\/pubeurope.com\/@fr\/114524895545167587","error":""},"_links":{"self":[{"href":"https:\/\/www.europesays.com\/fr\/wp-json\/wp\/v2\/posts\/107689","targetHints":{"allow":["GET"]}}],"collection":[{"href":"https:\/\/www.europesays.com\/fr\/wp-json\/wp\/v2\/posts"}],"about":[{"href":"https:\/\/www.europesays.com\/fr\/wp-json\/wp\/v2\/types\/post"}],"author":[{"embeddable":true,"href":"https:\/\/www.europesays.com\/fr\/wp-json\/wp\/v2\/users\/2"}],"replies":[{"embeddable":true,"href":"https:\/\/www.europesays.com\/fr\/wp-json\/wp\/v2\/comments?post=107689"}],"version-history":[{"count":0,"href":"https:\/\/www.europesays.com\/fr\/wp-json\/wp\/v2\/posts\/107689\/revisions"}],"wp:featuredmedia":[{"embeddable":true,"href":"https:\/\/www.europesays.com\/fr\/wp-json\/wp\/v2\/media\/107690"}],"wp:attachment":[{"href":"https:\/\/www.europesays.com\/fr\/wp-json\/wp\/v2\/media?parent=107689"}],"wp:term":[{"taxonomy":"category","embeddable":true,"href":"https:\/\/www.europesays.com\/fr\/wp-json\/wp\/v2\/categories?post=107689"},{"taxonomy":"post_tag","embeddable":true,"href":"https:\/\/www.europesays.com\/fr\/wp-json\/wp\/v2\/tags?post=107689"}],"curies":[{"name":"wp","href":"https:\/\/api.w.org\/{rel}","templated":true}]}}