{"id":107697,"date":"2025-05-17T19:49:08","date_gmt":"2025-05-17T19:49:08","guid":{"rendered":"https:\/\/www.europesays.com\/fr\/107697\/"},"modified":"2025-05-17T19:49:08","modified_gmt":"2025-05-17T19:49:08","slug":"a-la-bibliotheque-fesch-les-livres-anciens-expliques-aux-enfants","status":"publish","type":"post","link":"https:\/\/www.europesays.com\/fr\/107697\/","title":{"rendered":"\u00c0 la biblioth\u00e8que Fesch, les livres anciens expliqu\u00e9s aux enfants"},"content":{"rendered":"<p>\u00ab\u00a0Nous sommes ravis de faire red\u00e9couvrir cette biblioth\u00e8que aux Ajacciens et aux visiteurs\u00a0\u00bb, confie \u00c9lisabeth Perrier, directrice des biblioth\u00e8ques et m\u00e9diath\u00e8ques de la Ville, qui constate une affluence importante depuis mardi dernier. Pour accompagner cette r\u00e9ouverture, une s\u00e9lection d&rsquo;ouvrages embl\u00e9matiques restaur\u00e9s ces derni\u00e8res ann\u00e9es est mise en lumi\u00e8re.<\/p>\n<p>Une exposition-\u00e9v\u00e9nement, compos\u00e9e de deux volets, a \u00e9t\u00e9 mise en place\u00a0: le premier pr\u00e9sentant les plus belles restaurations de livres du fonds ancien, sous le titre \u00ab\u00a0Les collections Fesch font peau neuve\u00a0\u00bb, du 12\u00a0mai au 27\u00a0juin, et le second portant sur la restauration de la biblioth\u00e8que, visible en ligne, sous la forme d&rsquo;une exposition num\u00e9rique depuis le site\u00a0: <a href=\"https:\/\/ajaccio.corsica\/bibliotheque-patrimoniale-fesch-retrouve-lustre-dantan\/\" target=\"_blank\" rel=\"noopener\">www.bibliothequefesch.ajaccio.fr.<\/a><\/p>\n<p>Un faux livre ancien comme outil p\u00e9dagogique<\/p>\n<p>Mais l&rsquo;une des grandes nouveaut\u00e9s, c&rsquo;est la volont\u00e9 de rendre le patrimoine accessible aux enfants.<br \/>\u00ab\u00a0Pour les accueils de classes, nous avons demand\u00e9 \u00e0 notre restaurateur de r\u00e9aliser un faux livre ancien, qui permet de comprendre de quoi est fait un livre ancien, ses mat\u00e9riaux, ses reliures. C&rsquo;est un v\u00e9ritable outil p\u00e9dagogique\u00a0\u00bb, souligne \u00c9lisabeth Perrier.<\/p>\n<p>Cette volont\u00e9 de m\u00e9diation se d\u00e9cline aussi pour le grand public. \u00ab\u00a0Chaque mois, nous pr\u00e9sentons un livre dans une vitrine sp\u00e9cialement con\u00e7ue. C&rsquo;est un focus r\u00e9gulier sur nos collections, qui montre leur diversit\u00e9\u00a0\u00bb, d\u00e9veloppe Saveria Maroselli, m\u00e9diatrice culturelle.<\/p>\n<p>Une exposition d\u00e9di\u00e9e \u00e0 Pascal Paoli est \u00e9galement en pr\u00e9paration pour la fin de l&rsquo;ann\u00e9e, \u00e0 l&rsquo;occasion du tricentenaire de sa naissance, \u00e0 partir des archives de Dorothy Carrington.<\/p>\n","protected":false},"excerpt":{"rendered":"\u00ab\u00a0Nous sommes ravis de faire red\u00e9couvrir cette biblioth\u00e8que aux Ajacciens et aux visiteurs\u00a0\u00bb, confie \u00c9lisabeth Perrier, directrice des&hellip;\n","protected":false},"author":2,"featured_media":107698,"comment_status":"","ping_status":"","sticky":false,"template":"","format":"standard","meta":{"footnotes":""},"categories":[1357],"tags":[17,5622,8132,7702,1379,1687,58,59,22540,22539,1011,27,151,1380],"class_list":{"0":"post-107697","1":"post","2":"type-post","3":"status-publish","4":"format-standard","5":"has-post-thumbnail","7":"category-livres","8":"tag-17","9":"tag-ajaccio","10":"tag-anciens","11":"tag-bibliotheque","12":"tag-books","13":"tag-culture-loisirs","14":"tag-divertissement","15":"tag-entertainment","16":"tag-expliques","17":"tag-fesch","18":"tag-fr","19":"tag-france","20":"tag-les","21":"tag-livres"},"share_on_mastodon":{"url":"https:\/\/pubeurope.com\/@fr\/114524911296747951","error":""},"_links":{"self":[{"href":"https:\/\/www.europesays.com\/fr\/wp-json\/wp\/v2\/posts\/107697","targetHints":{"allow":["GET"]}}],"collection":[{"href":"https:\/\/www.europesays.com\/fr\/wp-json\/wp\/v2\/posts"}],"about":[{"href":"https:\/\/www.europesays.com\/fr\/wp-json\/wp\/v2\/types\/post"}],"author":[{"embeddable":true,"href":"https:\/\/www.europesays.com\/fr\/wp-json\/wp\/v2\/users\/2"}],"replies":[{"embeddable":true,"href":"https:\/\/www.europesays.com\/fr\/wp-json\/wp\/v2\/comments?post=107697"}],"version-history":[{"count":0,"href":"https:\/\/www.europesays.com\/fr\/wp-json\/wp\/v2\/posts\/107697\/revisions"}],"wp:featuredmedia":[{"embeddable":true,"href":"https:\/\/www.europesays.com\/fr\/wp-json\/wp\/v2\/media\/107698"}],"wp:attachment":[{"href":"https:\/\/www.europesays.com\/fr\/wp-json\/wp\/v2\/media?parent=107697"}],"wp:term":[{"taxonomy":"category","embeddable":true,"href":"https:\/\/www.europesays.com\/fr\/wp-json\/wp\/v2\/categories?post=107697"},{"taxonomy":"post_tag","embeddable":true,"href":"https:\/\/www.europesays.com\/fr\/wp-json\/wp\/v2\/tags?post=107697"}],"curies":[{"name":"wp","href":"https:\/\/api.w.org\/{rel}","templated":true}]}}