{"id":107701,"date":"2025-05-17T19:51:11","date_gmt":"2025-05-17T19:51:11","guid":{"rendered":"https:\/\/www.europesays.com\/fr\/107701\/"},"modified":"2025-05-17T19:51:11","modified_gmt":"2025-05-17T19:51:11","slug":"ilona-smet-a-30-ans-la-tendre-declaration-de-sa-grand-mere-sylvie-vartan-pour-son-anniversaire","status":"publish","type":"post","link":"https:\/\/www.europesays.com\/fr\/107701\/","title":{"rendered":"Ilona Smet a 30 ans : la tendre d\u00e9claration de sa grand-m\u00e8re, Sylvie Vartan, pour son anniversaire"},"content":{"rendered":"<p>Le cap des 30 ans ! Ce samedi 17 mai 2025, la petite-fille de<br \/>\n<strong>Johnny Hallyday<\/strong> et <strong>Sylvie Vartan<\/strong>,<br \/>\n<a href=\"https:\/\/www.closermag.fr\/people\/ilona-smet-ce-projet-que-la-petite-fille-de-johnny-hallyday-partage-avec-kendji-girac-1240313\" target=\"_blank\" rel=\"noopener\"><br \/>\nIlona Smet<\/a>, f\u00eate ses 30 ans. Un jour \u00e0 marquer d\u2019une pierre<br \/>\nblanche que la grand-m\u00e8re de 80 ans a tenu \u00e0 immortaliser. Ainsi,<br \/>\nla chanteuse qui a mis fin \u00e0 sa carri\u00e8re en janvier s\u2019est empar\u00e9e<br \/>\nd\u2019Instagram pour adresser <strong>un tendre message<\/strong> \u00e0 sa<br \/>\npremi\u00e8re petite-fille.<\/p>\n<p>Sur son compte, la chanteuse de La plus belle pour aller<br \/>\ndanser a publi\u00e9 <strong>deux belles photos<\/strong><br \/>\nd\u2019<strong>Ilona Smet<\/strong>. Sur la premi\u00e8re, on voit la belle<br \/>\nblonde, le regard tourn\u00e9 vers l\u2019horizon\u2026 sublime dans un t-shirt<br \/>\nbleu. La deuxi\u00e8me photo montre la fille de <strong>David<br \/>\nHallyday<\/strong> \u00e9tant b\u00e9b\u00e9. Toute mignonne, la photo ferait<br \/>\nfondre m\u00eame un c\u0153ur de pierre.<\/p>\n<p>Ilona Smet a 30 ans : le message plein d\u2019amour de Sylvie<br \/>\nVartan<\/p>\n<p>En l\u00e9gende \u00e0 son post, <strong>Sylvie Vartan<\/strong> \u00e9crit :<br \/>\n\u00ab\u00a017 mai 1995, mon ciel s\u2019est illumin\u00e9 avec la venue de la<br \/>\npremi\u00e8re fille de la famille, Ilona \u2665\ufe0f\u2665\ufe0f\u2665\ufe0f\u00a0\u00bb.<br \/>\n\u00ab\u00a0<strong>Happy Birthday my darling<\/strong> \ud83c\udf82\ud83d\udc96\u00a0\u00bb,<br \/>\nconclut-elle tendrement son message. Une initiative qui va s\u00fbrement<br \/>\nplaire \u00e0 la s\u0153ur d\u2019<strong>Emma Smet<\/strong>. Surtout que sa<br \/>\ngrand-m\u00e8re va s\u00fbrement faire plus qu\u2019un post sur les r\u00e9seaux<br \/>\nsociaux. En prenant sa retraite, elle peut, apr\u00e8s tout, se<br \/>\nfocaliser sur sa famille.<\/p>\n<p>De son c\u00f4t\u00e9, <strong>Ilona Smet<\/strong> pourra clairement<br \/>\nprofiter de l\u2019amour des siens. Surtout que sa famille est sur le<br \/>\npoint de grandir encore une fois. Rappelons que d\u00e9but avril, la<br \/>\nmannequin avait fait <a href=\"https:\/\/www.telestar.fr\/people\/ilona-smet-la-fille-de-david-hallyday-se-confie-a-notre-camera-interview-53119\" target=\"_blank\" rel=\"noopener\"><br \/>\nl\u2019annonce<\/a> de <strong>sa grossesse<\/strong> \u00e0 ses fans. C\u2019est<br \/>\nsur Instagram qu\u2019elle avait fait l\u2019annonce en d\u00e9voilant son Baby<br \/>\nBump.<\/p>\n<blockquote class=\"instagram-media\" style=\"background: #ffffff;border: 0;margin: 1px;width: 100%;padding: 0;max-width: 500px;\" data-instgrm-permalink=\"https:\/\/www.instagram.com\/p\/DJwayGWNkqJ\/?utm_source=ig_web_copy_link&amp;igsh=MzRlODBiNWFlZA==\" data-instgrm-version=\"14\"\/><p>\nIlona Smet : David Hallyday avait d\u00e9j\u00e0<br \/>\nvendu la m\u00e8che<\/p>\n<p>L\u2019annonce de la grossesse d\u2019<strong>Ilona Smet<\/strong> sur son<br \/>\ncompte Instagram a pourtant \u00e9t\u00e9 devanc\u00e9e par celle de <strong>David<br \/>\nHallyday<\/strong>. Le fier grand-p\u00e8re n\u2019a pas pu se retenir et<br \/>\navait d\u00e9j\u00e0 <a href=\"https:\/\/www.closermag.fr\/people\/ilona-smet-enceinte-david-hallyday-avait-vendu-la-meche-elle-devoile-son-ventre-rond-avec-son-fils-dans-les-bras-3534355\" target=\"_blank\" rel=\"noopener\"><br \/>\nvendu la m\u00e8che<\/a> juste avant l\u2019annonce. Le m\u00eame jour, dans les<br \/>\ncolonnes du Gala, le chanteur de 58 ans avait d\u00e9j\u00e0 tout d\u00e9voil\u00e9<br \/>\n!<\/p>\n<p>\u00ab\u00a0Au d\u00e9but, \u00e7a m\u2019a fait un peu bizarre. Avant de m\u2019apercevoir<br \/>\n\u00e0 quel point c\u2019est g\u00e9nial. J\u2019ai la chance d\u2019\u00eatre<br \/>\n<strong>un jeune grand-p\u00e8re<\/strong> qui peut vraiment<br \/>\nprofiter de ses petits-enfants\u00a0\u00bb, avait-il expliqu\u00e9 avant de<br \/>\nd\u00e9clarer : \u00ab\u00a0Avec mon petit-fils, Harrison, c\u2019est comme si<br \/>\nj\u2019avais un fils en plus, et nous attendons <strong>un<br \/>\nautre heureux \u00e9v\u00e9nement<\/strong>. C\u2019est merveilleux,<br \/>\n<strong>la suite est assur\u00e9e<\/strong>\u00ab\u00a0.<\/p>\n<p><script async src=\"\/\/www.instagram.com\/embed.js\"><\/script><\/p>\n","protected":false},"excerpt":{"rendered":"Le cap des 30 ans ! Ce samedi 17 mai 2025, la petite-fille de Johnny Hallyday et Sylvie&hellip;\n","protected":false},"author":2,"featured_media":107702,"comment_status":"","ping_status":"","sticky":false,"template":"","format":"standard","meta":{"footnotes":""},"categories":[1355],"tags":[548,58,59,1011,27,22541,1361,873],"class_list":{"0":"post-107701","1":"post","2":"type-post","3":"status-publish","4":"format-standard","5":"has-post-thumbnail","7":"category-musique","8":"tag-article-simple","9":"tag-divertissement","10":"tag-entertainment","11":"tag-fr","12":"tag-france","13":"tag-ilona-smet","14":"tag-music","15":"tag-musique"},"share_on_mastodon":{"url":"https:\/\/pubeurope.com\/@fr\/114524919596902015","error":""},"_links":{"self":[{"href":"https:\/\/www.europesays.com\/fr\/wp-json\/wp\/v2\/posts\/107701","targetHints":{"allow":["GET"]}}],"collection":[{"href":"https:\/\/www.europesays.com\/fr\/wp-json\/wp\/v2\/posts"}],"about":[{"href":"https:\/\/www.europesays.com\/fr\/wp-json\/wp\/v2\/types\/post"}],"author":[{"embeddable":true,"href":"https:\/\/www.europesays.com\/fr\/wp-json\/wp\/v2\/users\/2"}],"replies":[{"embeddable":true,"href":"https:\/\/www.europesays.com\/fr\/wp-json\/wp\/v2\/comments?post=107701"}],"version-history":[{"count":0,"href":"https:\/\/www.europesays.com\/fr\/wp-json\/wp\/v2\/posts\/107701\/revisions"}],"wp:featuredmedia":[{"embeddable":true,"href":"https:\/\/www.europesays.com\/fr\/wp-json\/wp\/v2\/media\/107702"}],"wp:attachment":[{"href":"https:\/\/www.europesays.com\/fr\/wp-json\/wp\/v2\/media?parent=107701"}],"wp:term":[{"taxonomy":"category","embeddable":true,"href":"https:\/\/www.europesays.com\/fr\/wp-json\/wp\/v2\/categories?post=107701"},{"taxonomy":"post_tag","embeddable":true,"href":"https:\/\/www.europesays.com\/fr\/wp-json\/wp\/v2\/tags?post=107701"}],"curies":[{"name":"wp","href":"https:\/\/api.w.org\/{rel}","templated":true}]}}