{"id":107703,"date":"2025-05-17T19:52:19","date_gmt":"2025-05-17T19:52:19","guid":{"rendered":"https:\/\/www.europesays.com\/fr\/107703\/"},"modified":"2025-05-17T19:52:19","modified_gmt":"2025-05-17T19:52:19","slug":"spider-noir-tout-savoir-sur-la-serie-avec-nicolas-cage-situee-dans-le-spider-verse","status":"publish","type":"post","link":"https:\/\/www.europesays.com\/fr\/107703\/","title":{"rendered":"Spider-Noir : tout savoir sur la s\u00e9rie avec Nicolas Cage situ\u00e9e dans le Spider-Verse"},"content":{"rendered":"<p>Apr\u00e8s avoir pr\u00eat\u00e9 sa voix au personnage dans Spider-Man : New Generation, Nicolas Cage retrouvera Spider-Noir dans une production d\u00e9di\u00e9e, bient\u00f4t disponible sur Prime Video. Casting, sortie, histoire\u2026 Voici ce que l\u2019on sait d\u00e9j\u00e0 sur la premi\u00e8re s\u00e9rie situ\u00e9e dans le Spider-Verse.<\/p>\n<p>Le Spider-Verse vous manque et vous r\u00eavez de pouvoir enfin d\u00e9couvrir le troisi\u00e8me volet des aventures de Miles Morales, au cin\u00e9ma ? En attendant la sortie de <a href=\"https:\/\/www.numerama.com\/films\/spider-man-beyond-the-spider-verse\/\" data-type=\"movies\" data-id=\"1395796\" target=\"_blank\" rel=\"noopener\">Spider-Man : Beyond The Spider-Verse<\/a>, pr\u00e9vue pour juin 2027, nous avons une bonne nouvelle : <a href=\"https:\/\/www.numerama.com\/series-tv\/spider-noir\/\" data-type=\"tv-shows\" data-id=\"1970115\" target=\"_blank\" rel=\"noopener\">Spider-Noir<\/a> va bient\u00f4t vous transporter dans les ann\u00e9es 1930. Prime Video pr\u00e9pare ainsi une s\u00e9rie en live-action d\u00e9di\u00e9e au super-h\u00e9ros, tout en noir et blanc. Un projet tr\u00e8s secret, qui se d\u00e9voile au compte-goutte au fil des mois.<\/p>\n<p>De quoi parlera Spider-Noir ?<\/p>\n<p>La s\u00e9rie se concentrera donc sur Spider-Noir, l\u2019une des versions alternatives de Spider-Man, qui \u00e9volue dans le New York des ann\u00e9es 1930. Le personnage prend la forme d\u2019un d\u00e9tective vieillissant, en lutte constante avec son pass\u00e9, alors qu\u2019il \u00e9tait le seul et unique super-h\u00e9ros de la ville. Pour combattre le crime, il devra tr\u00e8s probablement reprendre du service, malgr\u00e9 lui.<\/p>\n<p>Spider-Noir est \u00e9videmment bas\u00e9 sur le personnage Marvel du m\u00eame nom, qui a connu une premi\u00e8re apparition en comics en 2009, avant de s\u2019inviter plus r\u00e9cemment dans le film d\u2019animation <a href=\"https:\/\/www.numerama.com\/films\/spider-man-new-generation\/\" data-type=\"movies\" data-id=\"1449028\" target=\"_blank\" rel=\"noopener\">Spider-Man : New Generation<\/a>. Cette nouvelle s\u00e9rie sera donc la toute premi\u00e8re \u0153uvre audiovisuelle enti\u00e8rement d\u00e9di\u00e9e au super-h\u00e9ros.<\/p>\n<p>\u00c0 quoi ressemblera la s\u00e9rie Spider-Noir ?<\/p>\n<p>D\u2019apr\u00e8s la toute premi\u00e8re image, d\u00e9voil\u00e9e le 12 mai 2025 par Prime Video, Spider-Noir semble se rapprocher du style d\u2019une autre production de super-h\u00e9ros : <a href=\"https:\/\/www.numerama.com\/series-tv\/batman-caped-crusader-le-justicier-masque\/\" data-type=\"tv-shows\" data-id=\"1784616\" target=\"_blank\" rel=\"noopener\">Batman: Caped Crusader<\/a>, \u00e9galement diffus\u00e9e sur <a href=\"https:\/\/www.numerama.com\/pop-culture\/541742-netflix-amazon-canal-ocs-apple-tv-le-grand-comparatif-2019-des-offres-de-svod-en-france.html\" data-type=\"post\" data-id=\"541742\" target=\"_blank\" rel=\"noopener\">la plateforme de streaming<\/a> en octobre 2024. Les deux s\u00e9ries partagent un go\u00fbt pour l\u2019atmosph\u00e8re sombre des polars noirs, avec une esth\u00e9tique totalement pens\u00e9e en noir et blanc cette fois. Petit twist : les spectateurs pourront d\u2019ailleurs choisir s\u2019ils souhaitent plut\u00f4t d\u00e9couvrir la s\u00e9rie dans une version en couleurs, ou non.<\/p>\n<p>Un premier teaser, <a target=\"_blank\" href=\"https:\/\/www.aboutamazon.com\/news\/entertainment\/spider-noir-nicolas-cage-prime-video\" rel=\"noopener\">r\u00e9v\u00e9l\u00e9 par Amazon lors d\u2019une conf\u00e9rence de presse d\u00e9di\u00e9e<\/a>, a d\u2019ailleurs d\u00e9j\u00e0 leak\u00e9 sur les r\u00e9seaux sociaux. Aucun trailer officiel n\u2019a donc \u00e9t\u00e9 partag\u00e9, \u00e0 l\u2019heure o\u00f9 nous \u00e9crivons ces lignes. Seule une image a \u00e9t\u00e9 mise en ligne, montrant Nicolas Cage sous le costume iconique du super-h\u00e9ros, agr\u00e9ment\u00e9 d\u2019un chapeau et d\u2019un trench caract\u00e9ristiques des ann\u00e9es 30.<\/p>\n<p><a href=\"https:\/\/www.numerama.com\/wp-content\/uploads\/2025\/05\/capture-decran-2025-05-14-a-153424.jpg\" target=\"_blank\" rel=\"noopener\"><img decoding=\"async\" width=\"1024\" height=\"577\" loading=\"lazy\" alt=\"Spider-Noir, dans la toute premi\u00e8re image de la s\u00e9rie \/\/ Source : Aaron Epstein \/ Prime Video\" title=\"Spider-Noir, dans la toute premi\u00e8re image de la s\u00e9rie \/\/ Source : Aaron Epstein \/ Prime Video\" class=\"wp-image-1970105 placeholder-default wp-image\" src=\"https:\/\/www.europesays.com\/fr\/wp-content\/uploads\/2025\/05\/capture-decran-2025-05-14-a-153424-1024x577.jpg\" \/><\/a>Spider-Noir, dans la toute premi\u00e8re image de la s\u00e9rie \/\/ Source : Aaron Epstein \/ Prime Video<\/p>\n<p>Quand sort la s\u00e9rie Spider-Noir sur Prime Video ?<\/p>\n<p>D\u2019apr\u00e8s les informations recueillies par diff\u00e9rents m\u00e9dias am\u00e9ricains, <a target=\"_blank\" href=\"https:\/\/variety.com\/2025\/tv\/news\/spider-noir-first-look-nicolas-cage-spider-verse-1236394880\/\" rel=\"noopener\">dont Variety<\/a>, les fans pourront combattre le crime aux c\u00f4t\u00e9s de Spider-Noir en 2026, sur Prime Video. Aucune date plus pr\u00e9cise n\u2019a \u00e9t\u00e9 r\u00e9v\u00e9l\u00e9e, pour le moment.<\/p>\n<p>Combien d\u2019\u00e9pisodes sont pr\u00e9vus pour Spider-Noir ?<\/p>\n<p>La saison 1 de Spider-Noir sera compos\u00e9e de 8 \u00e9pisodes. On ignore encore tout de leur rythme de diffusion, hebdomadaire ou non.<\/p>\n<p>Nicolas Cage, Brendan Gleeson\u2026 Qui sera au casting de Spider-Noir ?<\/p>\n<p>Nicolas Cage, qui avait pr\u00eat\u00e9 sa voix \u00e0 Spider-Noir pour le film Spider-Man : New Generation, va endosser le costume pour de bon dans cette s\u00e9rie live-action. \u00c0 ses c\u00f4t\u00e9s, un casting prestigieux sera pr\u00e9sent. Il s\u2019agit de :<\/p>\n<ul class=\"wp-block-list\">\n<li>Lamorne Morris (New Girl, Fargo) dans le r\u00f4le de Robbie Robertson, un ambitieux journaliste ;<\/li>\n<li>Brendan Gleeson (<a href=\"https:\/\/www.numerama.com\/films\/harry-potter-a-lecole-des-sorciers\/\" data-type=\"movies\" data-id=\"1829214\" target=\"_blank\" rel=\"noopener\">Harry Potter<\/a>) dans le r\u00f4le d\u2019un chef de la mafia new-yorkaise aux penchants pour la philosophie ;<\/li>\n<li>Li Jun Li (<a href=\"https:\/\/www.numerama.com\/series-tv\/evil\/\" data-type=\"tv-shows\" data-id=\"1793964\" target=\"_blank\" rel=\"noopener\">Evil<\/a>, Sinners), dans le r\u00f4le d\u2019une chanteuse de nightclub ;<\/li>\n<li>Jack Huston (Boardwalk Empire), dans le r\u00f4le d\u2019un garde du corps ;<\/li>\n<li>Lukas Haas (<a href=\"https:\/\/www.numerama.com\/pop-culture\/533134-la-seance-blu-ray-uhd-du-week-end-the-revenant-met-une-claque-dours.html\" data-type=\"post\" data-id=\"533134\" target=\"_blank\" rel=\"noopener\">The Revenant<\/a>, <a href=\"https:\/\/www.numerama.com\/pop-culture\/508602-la-seance-blu-ray-uhd-du-week-end-inception-meritait-un-peu-mieux.html\" data-type=\"post\" data-id=\"508602\" target=\"_blank\" rel=\"noopener\">Inception<\/a>) ;<\/li>\n<li>Cameron Britton (<a href=\"https:\/\/www.numerama.com\/series-tv\/mindhunter\/\" data-type=\"tv-shows\" data-id=\"1308732\" target=\"_blank\" rel=\"noopener\">Mindhunter<\/a>, <a href=\"https:\/\/www.numerama.com\/series-tv\/the-umbrella-academy\/\" data-type=\"tv-shows\" data-id=\"992395\" target=\"_blank\" rel=\"noopener\">Umbrella Academy<\/a>) ;<\/li>\n<li>Michael Kostroff (<a href=\"https:\/\/www.numerama.com\/series-tv\/the-wire-sur-ecoute\/\" data-type=\"tv-shows\" data-id=\"992637\" target=\"_blank\" rel=\"noopener\">The Wire<\/a>) ;<\/li>\n<li>Amanda Schull (<a href=\"https:\/\/www.numerama.com\/series-tv\/les-freres-scott\/\" data-type=\"tv-shows\" data-id=\"1478864\" target=\"_blank\" rel=\"noopener\">Les Fr\u00e8res Scott<\/a>).<\/li>\n<\/ul>\n<p>Derri\u00e8re la cam\u00e9ra, on retrouvera un habitu\u00e9 du petit \u00e9cran : Harry Bradbeer, qui a dirig\u00e9 plusieurs \u00e9pisodes de <a href=\"https:\/\/www.numerama.com\/series-tv\/killing-eve\/\" data-type=\"tv-shows\" data-id=\"1959031\" target=\"_blank\" rel=\"noopener\">Killing Eve<\/a> et <a href=\"https:\/\/www.numerama.com\/series-tv\/fleabag\/\" data-type=\"tv-shows\" data-id=\"1553676\" target=\"_blank\" rel=\"noopener\">Fleabag<\/a>. Oren Uziel (<a href=\"https:\/\/www.numerama.com\/films\/22-jump-street\/\" data-type=\"movies\" data-id=\"1728184\" target=\"_blank\" rel=\"noopener\">22 Jump Street<\/a>) et Steve Lightfoot (<a href=\"https:\/\/www.numerama.com\/series-tv\/marvels-the-punisher\/\" data-type=\"tv-shows\" data-id=\"952027\" target=\"_blank\" rel=\"noopener\">The Punisher<\/a>), quant \u00e0 eux, seront les showrunners de Spider-Noir.<\/p>\n<p>Phil Lord et Chris Miller, les r\u00e9alisateurs de <a href=\"https:\/\/www.numerama.com\/pop-culture\/513756-la-seance-blu-ray-uhd-du-week-end-spider-man-new-generation-tisse-une-magnifique-toile.html\" data-type=\"post\" data-id=\"513756\" target=\"_blank\" rel=\"noopener\">New Generation<\/a> et <a href=\"https:\/\/www.numerama.com\/films\/spider-man-seul-contre-tous\/\" data-type=\"movies\" data-id=\"1211428\" target=\"_blank\" rel=\"noopener\">Across the Spider-Verse<\/a> seront \u00e9galement de la partie, en tant que producteurs.<\/p>\n<p>O\u00f9 se situe Spider-Noir dans le Spider-Verse ?<\/p>\n<p>Spider-Noir a d\u00e9j\u00e0 rendu visite \u00e0 Miles Morales \u00e0 deux reprises, dans New Generation, puis plus rapidement dans <a href=\"https:\/\/www.numerama.com\/pop-culture\/1395844-spider-man-across-the-spider-verse-est-un-feu-dartifice-critique-sans-spoiler.html\" data-type=\"post\" data-id=\"1395844\" target=\"_blank\" rel=\"noopener\">Across the Spider-Verse<\/a>. En attendant de savoir s\u2019il sera aussi pr\u00e9sent dans <a href=\"https:\/\/www.numerama.com\/pop-culture\/1939901-quand-sort-beyond-the-spiderverse-au-cinema.html\" data-type=\"post\" data-id=\"1939901\" target=\"_blank\" rel=\"noopener\">Beyond the Spider-Verse<\/a>, le troisi\u00e8me volet attendu pour 2027, la s\u00e9rie de Prime Video devrait nous d\u00e9voiler ses origines, comme super-h\u00e9ros. L\u2019intrigue devrait donc se situer avant les \u00e9v\u00e8nements des fameux films d\u2019animation.<\/p>\n<p>        <img decoding=\"async\" width=\"168\" height=\"168\" loading=\"lazy\" alt=\"Source : Montage Numerama\" title=\"Source : Montage Numerama\" class=\"placeholder-default wp-image\" src=\"https:\/\/www.europesays.com\/fr\/wp-content\/uploads\/2025\/05\/1747511537_60_comparatif-svod-200x200.jpg\" \/>    <\/p>\n<p>        Quel est le service de SVOD fait pour vous ?<br \/>\n        Quelle plateforme de streaming choisir en 2025\u00a0? Comparatif entre Netflix, Prime Video, Max, Apple TV+\u2026<br \/>\n        <a href=\"https:\/\/www.numerama.com\/pop-culture\/541742-netflix-amazon-canal-ocs-apple-tv-le-grand-comparatif-2019-des-offres-de-svod-en-france.html\" class=\"btn is-family-secondary is-text-weight-bold has-text-left mt-2\" target=\"_blank\" rel=\"noopener\">D\u00e9couvrez notre comparateur<\/a><\/p>\n<p>            <img decoding=\"async\" src=\"https:\/\/www.europesays.com\/fr\/wp-content\/uploads\/2025\/04\/iPhone-16-pro.png\" alt=\"Toute l'actu tech en un clien d'oeil\"\/><\/p>\n<p class=\"card-install-pwa__title\">Toute l&rsquo;actu tech en un clin d&rsquo;\u0153il<\/p>\n<p class=\"card-install-pwa__description\">Ajoutez Numerama \u00e0 votre \u00e9cran d&rsquo;accueil et restez connect\u00e9s au futur !<\/p>\n<p>            <img decoding=\"async\" src=\"https:\/\/www.europesays.com\/fr\/wp-content\/uploads\/2025\/04\/logo-card-pwa-coupe.svg.svg+xml\" alt=\"Logo PWA\"\/><\/p>\n<p>       Installer Numerama<\/p>\n","protected":false},"excerpt":{"rendered":"Apr\u00e8s avoir pr\u00eat\u00e9 sa voix au personnage dans Spider-Man : New Generation, Nicolas Cage retrouvera Spider-Noir dans une&hellip;\n","protected":false},"author":2,"featured_media":107704,"comment_status":"","ping_status":"","sticky":false,"template":"","format":"standard","meta":{"footnotes":""},"categories":[1354],"tags":[518,58,59,1346,1011,27,1360,22542,22543,7259],"class_list":{"0":"post-107703","1":"post","2":"type-post","3":"status-publish","4":"format-standard","5":"has-post-thumbnail","7":"category-films","8":"tag-amazon-prime-video","9":"tag-divertissement","10":"tag-entertainment","11":"tag-films","12":"tag-fr","13":"tag-france","14":"tag-movies","15":"tag-spider-man-new-generation","16":"tag-spider-noir-serie","17":"tag-vie-du-streaming"},"share_on_mastodon":{"url":"https:\/\/pubeurope.com\/@fr\/114524923135455690","error":""},"_links":{"self":[{"href":"https:\/\/www.europesays.com\/fr\/wp-json\/wp\/v2\/posts\/107703","targetHints":{"allow":["GET"]}}],"collection":[{"href":"https:\/\/www.europesays.com\/fr\/wp-json\/wp\/v2\/posts"}],"about":[{"href":"https:\/\/www.europesays.com\/fr\/wp-json\/wp\/v2\/types\/post"}],"author":[{"embeddable":true,"href":"https:\/\/www.europesays.com\/fr\/wp-json\/wp\/v2\/users\/2"}],"replies":[{"embeddable":true,"href":"https:\/\/www.europesays.com\/fr\/wp-json\/wp\/v2\/comments?post=107703"}],"version-history":[{"count":0,"href":"https:\/\/www.europesays.com\/fr\/wp-json\/wp\/v2\/posts\/107703\/revisions"}],"wp:featuredmedia":[{"embeddable":true,"href":"https:\/\/www.europesays.com\/fr\/wp-json\/wp\/v2\/media\/107704"}],"wp:attachment":[{"href":"https:\/\/www.europesays.com\/fr\/wp-json\/wp\/v2\/media?parent=107703"}],"wp:term":[{"taxonomy":"category","embeddable":true,"href":"https:\/\/www.europesays.com\/fr\/wp-json\/wp\/v2\/categories?post=107703"},{"taxonomy":"post_tag","embeddable":true,"href":"https:\/\/www.europesays.com\/fr\/wp-json\/wp\/v2\/tags?post=107703"}],"curies":[{"name":"wp","href":"https:\/\/api.w.org\/{rel}","templated":true}]}}