{"id":1077063,"date":"2026-07-20T17:04:12","date_gmt":"2026-07-20T17:04:12","guid":{"rendered":"https:\/\/www.europesays.com\/fr\/1077063\/"},"modified":"2026-07-20T17:04:12","modified_gmt":"2026-07-20T17:04:12","slug":"bar-le-duc-un-autre-sauvage-le-premier-livre-du-photographe-meusien-eddy-wegrzyn","status":"publish","type":"post","link":"https:\/\/www.europesays.com\/fr\/1077063\/","title":{"rendered":"Bar-le-Duc. Un autre sauvage \u00a0: le premier livre du photographe meusien Eddy Wegrzyn"},"content":{"rendered":"<p>Le renard est \u00e0 peine visible, cach\u00e9 dans les hautes herbes. Il fixe l\u2019objectif d\u2019Eddy Wegrzyn, et ne s\u2019enfuit pas. \u00ab\u00a0Je sais qu\u2019il me voyait. Mais, il a chass\u00e9 devant moi, il a fait des siestes devant moi, il faisait sa vie.\u00a0\u00bb Les rencontres se multiplient au cours des mois suivants, toujours avec le m\u00eame individu\u00a0: \u00ab\u00a0Ils ont des visages qui n\u2019ont vraiment rien \u00e0 voir\u00a0\u00bb, se souvient le photographe. Il le rencontre dans ses bons et mauvais moments, jusqu\u2019\u00e0 la mort de l\u2019animal, probablement \u00e9cras\u00e9 par une voiture.<\/p>\n<p><a href=\"https:\/\/www.estrepublicain.fr\/le-mag\/2017\/05\/07\/eddy-wegrzyn\" target=\"_blank\" rel=\"nofollow noopener\">Eddy Wegrzyn<\/a> relate ces rencontres sur ses r\u00e9seaux sociaux. \u00ab\u00a0Mes comptes ont mont\u00e9 en popularit\u00e9. Je me suis dit, pourquoi pas proposer mon travail sous une autre forme.\u00a0\u00bb Il voit une id\u00e9e pour un livre, centr\u00e9 sur un animal\u00a0: le renard. 130 photographies r\u00e9parties sur 90 pages, qui d\u00e9peignent la faune meusienne des for\u00eats du Haut-Jur\u00e9 ou de la for\u00eat de Massonge qui dort, joue, se prom\u00e8ne, ou guette les pr\u00e9dateurs. Sa compagne r\u00e9alise la maquette de l\u2019ouvrage, qui \u00e9volue encore avec les nouveaux clich\u00e9s.<\/p>\n<p>Fin juin, il lance une campagne de financement participatif, <a href=\"https:\/\/fr.ulule.com\/unautresauvage\/supporters\/\" target=\"_blank\" rel=\"nofollow noopener\">sur la plateforme Ulule<\/a> , demandant de quoi imprimer une centaine d\u2019exemplaires. Un peu moins d\u2019un mois plus tard l\u2019objectif est presque atteint, gr\u00e2ce \u00e0 plus de 80 donateurs voulant recevoir leur exemplaire d\u2019 Un autre sauvage.<\/p>\n<p>  Entre homme et nature<\/p>\n<p>Cette autre sauvage, qui donne son nom \u00e0 son livre, c\u2019est celui qui n\u2019a pas peur de l\u2019homme, celui qui subit moins la pression humaine\u00a0: \u00ab\u00a0Dans les Abruzzes, en Italie, o\u00f9 il y a une majorit\u00e9 de parcs naturels, tu peux voir un cerf pendant une discussion dans la nature. En France, tout fuit tout le temps\u00a0\u00bb, d\u00e9plore le photographe.<\/p>\n<p>Il n\u2019imagine pas son livre comme un outil de militantisme\u00a0: \u00ab\u00a0J\u2019ai mes photographies dans des associations de d\u00e9fense de l\u2019environnement. Mais ce livre, il est avant tout \u00e0 contempler et \u00e0 appr\u00e9cier. M\u00eame si on ne peut plus trop dissocier les deux.\u00a0\u00bb Surtout quand il assiste aux premi\u00e8res loges aux difficult\u00e9s de la nature. Pendant les canicules, il s\u2019est rendu en for\u00eat, non pas pour faire des photographies, mais pour \u00ab\u00a0remplir d\u2019eau des marmites de sorci\u00e8res, ces trous dans les arbres\u00a0\u00bb, sa seule interaction directe avec l\u2019environnement de ses animaux favoris.<\/p>\n<p>En attendant son livre, le renard d\u2019Eddy Wegrzyn est expos\u00e9 dans le quartier de la ville haute, dans le cadre de l\u2019 <a href=\"https:\/\/www.estrepublicain.fr\/culture-loisirs\/2026\/06\/07\/exposition-et-si-le-renard-roux-n-avait-plus-de-secret-pour-vous\" target=\"_blank\" rel=\"nofollow noopener\">exposition Goupilissime<\/a> , visible jusqu\u2019au 31\u00a0juillet.<\/p>\n","protected":false},"excerpt":{"rendered":"Le renard est \u00e0 peine visible, cach\u00e9 dans les hautes herbes. Il fixe l\u2019objectif d\u2019Eddy Wegrzyn, et ne&hellip;\n","protected":false},"author":2,"featured_media":1077064,"comment_status":"","ping_status":"","sticky":false,"template":"","format":"standard","meta":{"footnotes":"","_share_on_mastodon":"0"},"categories":[1358],"tags":[1348,1384,1385,3600,3601,1687,1386,58,3602,59,2271,1011,27,2410],"class_list":["post-1077063","post","type-post","status-publish","format-standard","has-post-thumbnail","category-arts-et-design","tag-arts","tag-arts-and-design","tag-arts-et-design","tag-bar-le-duc","tag-bar-le-duc-ville-55a","tag-culture-loisirs","tag-design","tag-divertissement","tag-edition-bar-le-duc","tag-entertainment","tag-exposition-arts-plastiques","tag-fr","tag-france","tag-livres-bd"],"share_on_mastodon":{"url":"","error":""},"_links":{"self":[{"href":"https:\/\/www.europesays.com\/fr\/wp-json\/wp\/v2\/posts\/1077063","targetHints":{"allow":["GET"]}}],"collection":[{"href":"https:\/\/www.europesays.com\/fr\/wp-json\/wp\/v2\/posts"}],"about":[{"href":"https:\/\/www.europesays.com\/fr\/wp-json\/wp\/v2\/types\/post"}],"author":[{"embeddable":true,"href":"https:\/\/www.europesays.com\/fr\/wp-json\/wp\/v2\/users\/2"}],"replies":[{"embeddable":true,"href":"https:\/\/www.europesays.com\/fr\/wp-json\/wp\/v2\/comments?post=1077063"}],"version-history":[{"count":0,"href":"https:\/\/www.europesays.com\/fr\/wp-json\/wp\/v2\/posts\/1077063\/revisions"}],"wp:featuredmedia":[{"embeddable":true,"href":"https:\/\/www.europesays.com\/fr\/wp-json\/wp\/v2\/media\/1077064"}],"wp:attachment":[{"href":"https:\/\/www.europesays.com\/fr\/wp-json\/wp\/v2\/media?parent=1077063"}],"wp:term":[{"taxonomy":"category","embeddable":true,"href":"https:\/\/www.europesays.com\/fr\/wp-json\/wp\/v2\/categories?post=1077063"},{"taxonomy":"post_tag","embeddable":true,"href":"https:\/\/www.europesays.com\/fr\/wp-json\/wp\/v2\/tags?post=1077063"}],"curies":[{"name":"wp","href":"https:\/\/api.w.org\/{rel}","templated":true}]}}