{"id":107709,"date":"2025-05-17T19:55:09","date_gmt":"2025-05-17T19:55:09","guid":{"rendered":"https:\/\/www.europesays.com\/fr\/107709\/"},"modified":"2025-05-17T19:55:09","modified_gmt":"2025-05-17T19:55:09","slug":"kendji-girac-de-nouveau-papa-le-chanteur-offre-un-petit-frere-a-eva-alba","status":"publish","type":"post","link":"https:\/\/www.europesays.com\/fr\/107709\/","title":{"rendered":"Kendji Girac de nouveau papa : le chanteur offre un petit fr\u00e8re \u00e0 Eva Alba"},"content":{"rendered":"<p>      R\u00e9sum\u00e9<\/p>\n<p>Kendji Girac c\u00e9l\u00e8bre la naissance de son deuxi\u00e8me enfant avec Soraya Miranda, agrandissant ainsi joyeusement sa famille.<\/p>\n<p>        Sommaire<\/p>\n<p><strong>Kendji est aux anges<\/strong>. Comme il l&rsquo;a officialis\u00e9 sur son compte Instagram, le vainqueur de The Voice est devenu papa pour la seconde fois. <a href=\"https:\/\/www.public.fr\/elle-nest-pas-tres-kendji-girac-la-journaliste-qui-a-interviewe-sa-femme-soraya-en-dit-plus-sur-sa-personnalite-surprenante\" target=\"_blank\" rel=\"noopener\">Soraya Miranda<\/a>, sa compagne depuis onze ans, vient de donner naissance \u00e0 un gar\u00e7on, pour la plus grande joie du chanteur gitan <strong>qui f\u00eatera ses 29 bougies<\/strong> dans quelques semaines.<\/p>\n<p>\u00ab\u00a0Mon tr\u00e9sor, ma fiert\u00e9, mon amour. <strong>Aujourd\u2019hui \u00e0 15:10, notre petit gar\u00e7on est arriv\u00e9 au monde<\/strong>\u00a0\u00bb a d\u00e9clar\u00e9 Kendji sur les r\u00e9seaux sociaux. Une nouvelle qu&rsquo;ont accueillie avec joie de nombreuses c\u00e9l\u00e9brit\u00e9s, qui ont tenu \u00e0 f\u00e9liciter le jeune papa et sa ch\u00e8re et tendre. <strong>Marine<\/strong>, gagnante la derni\u00e8re \u00e9dition de la Star Academy, s&rsquo;est fendue d&rsquo;un simple \u00ab\u00a0F\u00e9licitations\u00a0\u00bb, tandis que <strong>Laeticia Hallyday<\/strong> a d\u00e9clar\u00e9 : \u00ab\u00a0De l&rsquo;amour, de l&rsquo;amour, pour la jolie famille\u00a0\u00bb.<\/p>\n<p>Kendji et Soraya, l&rsquo;amour surpasse tout<\/p>\n<p><a href=\"https:\/\/www.public.fr\/kendji-girac-a-lecole-maternelle-deva-sa-fille-le-chanteur-accapare-par-les-fans\" target=\"_blank\" rel=\"noopener\">Kendji Girac<\/a> et Soraya Miranda <strong>offrent ainsi un petit fr\u00e8re \u00e0 leur a\u00een\u00e9e Eva Alba<\/strong> qui a souffl\u00e9 ses quatre bougies en janvier dernier. Une jolie revanche pour le couple, qui a affront\u00e9 il y a un an un terrible drame. <\/p>\n<p>Le 22 avril 2024, Kendji Girac a tent\u00e9 <a href=\"https:\/\/www.public.fr\/kendji-proche-du-suicide-cette-question-tabou-chez-les-gitans-et-qui-relance-lenquete\" target=\"_blank\" rel=\"noopener\">une simulation de suicide<\/a> pendant une crise de couple, mais s&rsquo;est <strong>bless\u00e9 par balle au niveau de la poitrine<\/strong>. Son pronostic vital est engag\u00e9, mais son \u00e9tat finit par rapidement s&rsquo;am\u00e9liorer. Une information judiciaire est ouverte, et permet de r\u00e9v\u00e9ler que le chanteur s&rsquo;est lui-m\u00eame tir\u00e9 dessus, pour \u00ab\u00a0simuler un suicide\u00a0\u00bb. Le procureur de Mont-de-Marsan, apr\u00e8s avoir d\u00e9clar\u00e9 que le chanteur <strong>avait fait un \u00ab\u00a0chantage au suicide\u00a0\u00bb \u00e0 sa compagne<\/strong>, classe l&rsquo;affaire malgr\u00e9 l&rsquo;usage de stup\u00e9fiants et la d\u00e9tention d&rsquo;arme de cat\u00e9gorie B.<\/p>\n<p>Depuis, <a href=\"https:\/\/vsd.fr\/76899-kendji-girac-vit-il-toujours-dans-sa-caravane-malgre-le-recent-drame-sa-reponse-sans-equivoque\/\" target=\"_blank\" rel=\"noopener\">Kendji et Soraya tentent de se reconstruire<\/a>. Le chanteur a fait un retour progressif sur la sc\u00e8ne m\u00e9diatique, et a sorti un nouvel album, baptis\u00e9 Vivre&#8230;, cet automne. <strong>Son ami Vianney lui a \u00e9crit et compos\u00e9 une chanson symbolique<\/strong>, Evidemment. Il a \u00e9galement \u00e9t\u00e9 l&rsquo;invit\u00e9 \u00e0 trois reprises de la derni\u00e8re saison de la Star Academy. Il ne sera toutefois pas de retour dans la nouvelle saison de The Voice Kids, puisque <strong>Patrick Fiori fera d\u00e9sormais \u00e9quipe avec Santa, Matt Pokora et Soprano<\/strong>. Le chanteur va mieux, et en ce 17 mai, il est le plus heureux des papas !<\/p>\n<p>      Mentionn\u00e9s dans cet article<\/p>\n<p>\u00c0 lire aussi<\/p>\n","protected":false},"excerpt":{"rendered":"R\u00e9sum\u00e9 Kendji Girac c\u00e9l\u00e8bre la naissance de son deuxi\u00e8me enfant avec Soraya Miranda, agrandissant ainsi joyeusement sa famille.&hellip;\n","protected":false},"author":2,"featured_media":107710,"comment_status":"","ping_status":"","sticky":false,"template":"","format":"standard","meta":{"footnotes":""},"categories":[8],"tags":[22544,58,847,59,1011,27,196,7780,198,3074],"class_list":{"0":"post-107709","1":"post","2":"type-post","3":"status-publish","4":"format-standard","5":"has-post-thumbnail","7":"category-divertissement","8":"tag-accouchement","9":"tag-divertissement","10":"tag-enfant","11":"tag-entertainment","12":"tag-fr","13":"tag-france","14":"tag-grossesse","15":"tag-kendji-girac","16":"tag-naissance","17":"tag-the-voice"},"share_on_mastodon":{"url":"https:\/\/pubeurope.com\/@fr\/114524934852897120","error":""},"_links":{"self":[{"href":"https:\/\/www.europesays.com\/fr\/wp-json\/wp\/v2\/posts\/107709","targetHints":{"allow":["GET"]}}],"collection":[{"href":"https:\/\/www.europesays.com\/fr\/wp-json\/wp\/v2\/posts"}],"about":[{"href":"https:\/\/www.europesays.com\/fr\/wp-json\/wp\/v2\/types\/post"}],"author":[{"embeddable":true,"href":"https:\/\/www.europesays.com\/fr\/wp-json\/wp\/v2\/users\/2"}],"replies":[{"embeddable":true,"href":"https:\/\/www.europesays.com\/fr\/wp-json\/wp\/v2\/comments?post=107709"}],"version-history":[{"count":0,"href":"https:\/\/www.europesays.com\/fr\/wp-json\/wp\/v2\/posts\/107709\/revisions"}],"wp:featuredmedia":[{"embeddable":true,"href":"https:\/\/www.europesays.com\/fr\/wp-json\/wp\/v2\/media\/107710"}],"wp:attachment":[{"href":"https:\/\/www.europesays.com\/fr\/wp-json\/wp\/v2\/media?parent=107709"}],"wp:term":[{"taxonomy":"category","embeddable":true,"href":"https:\/\/www.europesays.com\/fr\/wp-json\/wp\/v2\/categories?post=107709"},{"taxonomy":"post_tag","embeddable":true,"href":"https:\/\/www.europesays.com\/fr\/wp-json\/wp\/v2\/tags?post=107709"}],"curies":[{"name":"wp","href":"https:\/\/api.w.org\/{rel}","templated":true}]}}