{"id":107715,"date":"2025-05-17T19:58:08","date_gmt":"2025-05-17T19:58:08","guid":{"rendered":"https:\/\/www.europesays.com\/fr\/107715\/"},"modified":"2025-05-17T19:58:08","modified_gmt":"2025-05-17T19:58:08","slug":"le-debat-sur-lacuite-mentale-de-joe-biden-relance-par-un-enregistrement-et-un-livre","status":"publish","type":"post","link":"https:\/\/www.europesays.com\/fr\/107715\/","title":{"rendered":"le d\u00e9bat sur l&rsquo;acuit\u00e9 mentale de Joe Biden relanc\u00e9 par un enregistrement et un livre"},"content":{"rendered":"<p>                             Par Le Figaro avec AFP<\/p>\n<p>                Il y a 17 minutes<\/p>\n<p>\u00a0\u00bb<br \/>\n        data-script=\u00a0\u00bbhttps:\/\/static.lefigaro.fr\/widget-video\/short-ttl\/video\/index.js\u00a0\u00bb<br \/>\n    &gt;<\/p>\n<p>La publication ce samedi par Axios d\u2019un enregistrement audio de l\u2019ancien pr\u00e9sident d\u00e9mocrate datant de 2023 remet la lumi\u00e8re sur le d\u00e9clin des capacit\u00e9s du dirigeant quand il \u00e9tait encore au pouvoir.<\/p>\n<p class=\"fig-paragraph\">La publication d&rsquo;un enregistrement audio de\u00a0<a href=\"http:\/\/www.lefigaro.fr\/international\/triste-fin-de-mandat-pour-joe-biden-20250102\" target=\"_blank\" data-fig-type=\"Article\" rel=\"noopener nofollow\" data-gtm-custom-categorie=\"navigation\" data-gtm-custom-action=\"crossclick\" data-gtm-custom-label=\"Contextuel\" data-gtm-event=\"customEventSPE\" data-fig-domain=\"LEFIGARO\">Joe Biden<\/a>\u00a0datant de 2023, dans lequel le pr\u00e9sident d\u00e9mocrate perd le fil de grandes dates de sa vie, remet la lumi\u00e8re sur le d\u00e9clin des capacit\u00e9s du dirigeant quand il \u00e9tait encore au pouvoir.<\/p>\n<p class=\"fig-paragraph\">La bande sonore, publi\u00e9e samedi dans son int\u00e9gralit\u00e9 par le\u00a0<a href=\"https:\/\/www.axios.com\/2025\/05\/17\/biden-hur-tape-classified-document-attorneys\" target=\"_blank\" rel=\"noopener nofollow\" data-gtm-custom-categorie=\"navigation\" data-gtm-custom-action=\"crossclick\" data-gtm-custom-label=\"Contextuel\" data-gtm-event=\"customEventSPE\">m\u00e9dia Axios<\/a>, s&rsquo;ajoute \u00e0 la parution prochaine d&rsquo;un livre enqu\u00eate qui raconte comment la Maison Blanche a cach\u00e9 au monde les faiblesses grandissantes d&rsquo;un octog\u00e9naire qui s&rsquo;est longtemps accroch\u00e9 \u00e0 sa tentative de r\u00e9\u00e9lection.<\/p>\n<p>\u00abHomme \u00e2g\u00e9 \u00e0 la mauvaise m\u00e9moire\u00bb<\/p>\n<p class=\"fig-paragraph\">De longs silences, des phrases entrecoup\u00e9es, et surtout des probl\u00e8mes de m\u00e9moire\u00a0: cet entretien de Joe Biden avec un procureur dans une affaire de r\u00e9tention de documents confidentiels expose un homme qui ne se souvient plus de la date de la mort de son fils ni de celle de la premi\u00e8re \u00e9lection de Donald Trump. Le procureur sp\u00e9cial Robert Hur avait publiquement d\u00e9crit le pr\u00e9sident, \u00e2g\u00e9 de 82 ans aujourd&rsquo;hui, comme \u00abhomme \u00e2g\u00e9 \u00e0 la mauvaise m\u00e9moire\u00bb, et la Maison Blanche du d\u00e9mocrate avait jug\u00e9 ces propos \u00abd\u00e9plac\u00e9s\u00bb.<\/p>\n<p class=\"fig-paragraph\">Cet enregistrement est l&rsquo;une des pi\u00e8ces d&rsquo;un puzzle, celui du dramatique d\u00e9clin d&rsquo;un pr\u00e9sident entre sa victoire \u00e9lectorale en 2020 et son\u00a0<a href=\"http:\/\/www.lefigaro.fr\/international\/etats-unis-le-premier-debat-de-la-campagne-tourne-mal-pour-biden-face-a-trump-20240628\" target=\"_blank\" data-fig-type=\"NewsFlash\" rel=\"noopener nofollow\" data-gtm-custom-categorie=\"navigation\" data-gtm-custom-action=\"crossclick\" data-gtm-custom-label=\"Contextuel\" data-gtm-event=\"customEventSPE\" data-fig-domain=\"LEFIGARO\">d\u00e9bat calamiteux face \u00e0 Donald Trump<\/a>\u00a0en juin 2024, qui a expos\u00e9 au grand jour ses difficult\u00e9s d&rsquo;expression et l&rsquo;a, in fine, pouss\u00e9 \u00e0 jeter l&rsquo;\u00e9ponge et passer la main \u00e0 Kamala Harris dans la campagne \u00e9lectorale, finalement perdue.<\/p>\n<p>\u00abP\u00e9ch\u00e9 originel\u00bb<\/p>\n<p class=\"fig-paragraph\">Le livre \u00e9v\u00e8nement qui sera en librairies mardi aux \u00c9tats-Unis raconte comment les proches du d\u00e9mocrate l&rsquo;ont isol\u00e9 des mauvaises nouvelles et ont form\u00e9, autour de lui \u00e0 la Maison Blanche, un dernier carr\u00e9 pr\u00eat \u00e0 le d\u00e9fendre face \u00e0 ses gaffes, ses bafouillages et ses chutes sur des marches d&rsquo;escalier.<\/p>\n<p class=\"fig-paragraph\">\u00c9crit par les journalistes Alex Thompson, d&rsquo;Axios, et Jake Tapper, de CNN, l&rsquo;ouvrage d\u00e9crit le \u00abP\u00e9ch\u00e9 originel\u00bb c&rsquo;est le titre du livre (\u00abOriginal sin\u00bb) &#8211; de Joe Biden\u00a0: s&rsquo;\u00eatre lanc\u00e9 d\u00e8s le printemps 2023 dans une campagne de r\u00e9\u00e9lection malgr\u00e9 son d\u00e9clin cognitif. Selon les auteurs, l&rsquo;obstination de Joe Biden et de ses proches a directement conduit \u00e0 la d\u00e9faite d\u00e9mocrate face \u00e0 Donald Trump, malgr\u00e9 la campagne \u00e9clair de Kamala Harris. \u00abEn tant que parti, on s&rsquo;est tellement fait baiser par Biden\u00bb, avoue aux auteurs David Plouffe, ancien grand conseiller de Barack Obama.<\/p>\n<p>\u00abJ\u2019ai fait du bon boulot\u00bb<\/p>\n<p class=\"fig-paragraph\">Les deux journalistes d\u00e9crivent un pr\u00e9sident qui semble ne pas reconna\u00eetre son ami l&rsquo;acteur George Clooney, ou qui ne sait plus o\u00f9 se d\u00e9placer sur une tribune, ainsi que la grande g\u00eane de ses soutiens, jusqu&rsquo;\u00e0 ce que beaucoup l&rsquo;incitent, apr\u00e8s son d\u00e9bat catastrophique, \u00e0 abandonner la course.<\/p>\n<p class=\"fig-paragraph\">Joe Biden, qui a quitt\u00e9 la Maison Blanche en janvier, nie avoir subi un d\u00e9clin cognitif \u00e0 la fin de son mandat. \u00abRien ne permet d&rsquo;affirmer cela\u00bb, a-t-il d\u00e9clar\u00e9 d\u00e9but mai \u00e0 ABC. \u00abApr\u00e8s que je me suis retir\u00e9 de la course \u00e0 la pr\u00e9sidentielle j&rsquo;ai encore \u00e9t\u00e9 pr\u00e9sident durant six mois, et j&rsquo;ai fait du bon boulot. Mais ce qui a effray\u00e9 tout le monde \u00e7a a \u00e9t\u00e9 ce d\u00e9bat.\u00bb<\/p>\n","protected":false},"excerpt":{"rendered":"Par Le Figaro avec AFP Il y a 17 minutes \u00a0\u00bb data-script=\u00a0\u00bbhttps:\/\/static.lefigaro.fr\/widget-video\/short-ttl\/video\/index.js\u00a0\u00bb &gt; La publication ce samedi par&hellip;\n","protected":false},"author":2,"featured_media":107716,"comment_status":"","ping_status":"","sticky":false,"template":"","format":"standard","meta":{"footnotes":""},"categories":[5],"tags":[259,11,260,73,1011,27,14,457,261,12,262,28],"class_list":{"0":"post-107715","1":"post","2":"type-post","3":"status-publish","4":"format-standard","5":"has-post-thumbnail","7":"category-international","8":"tag-actualite-internationale","9":"tag-actualites","10":"tag-affaires-etrangeres","11":"tag-etats-unis","12":"tag-fr","13":"tag-france","14":"tag-international","15":"tag-joe-biden","16":"tag-ministere-des-affaires-etrangeres","17":"tag-news","18":"tag-politique-etrangere","19":"tag-world"},"share_on_mastodon":{"url":"https:\/\/pubeurope.com\/@fr\/114524946656480165","error":""},"_links":{"self":[{"href":"https:\/\/www.europesays.com\/fr\/wp-json\/wp\/v2\/posts\/107715","targetHints":{"allow":["GET"]}}],"collection":[{"href":"https:\/\/www.europesays.com\/fr\/wp-json\/wp\/v2\/posts"}],"about":[{"href":"https:\/\/www.europesays.com\/fr\/wp-json\/wp\/v2\/types\/post"}],"author":[{"embeddable":true,"href":"https:\/\/www.europesays.com\/fr\/wp-json\/wp\/v2\/users\/2"}],"replies":[{"embeddable":true,"href":"https:\/\/www.europesays.com\/fr\/wp-json\/wp\/v2\/comments?post=107715"}],"version-history":[{"count":0,"href":"https:\/\/www.europesays.com\/fr\/wp-json\/wp\/v2\/posts\/107715\/revisions"}],"wp:featuredmedia":[{"embeddable":true,"href":"https:\/\/www.europesays.com\/fr\/wp-json\/wp\/v2\/media\/107716"}],"wp:attachment":[{"href":"https:\/\/www.europesays.com\/fr\/wp-json\/wp\/v2\/media?parent=107715"}],"wp:term":[{"taxonomy":"category","embeddable":true,"href":"https:\/\/www.europesays.com\/fr\/wp-json\/wp\/v2\/categories?post=107715"},{"taxonomy":"post_tag","embeddable":true,"href":"https:\/\/www.europesays.com\/fr\/wp-json\/wp\/v2\/tags?post=107715"}],"curies":[{"name":"wp","href":"https:\/\/api.w.org\/{rel}","templated":true}]}}