{"id":107717,"date":"2025-05-17T19:59:12","date_gmt":"2025-05-17T19:59:12","guid":{"rendered":"https:\/\/www.europesays.com\/fr\/107717\/"},"modified":"2025-05-17T19:59:12","modified_gmt":"2025-05-17T19:59:12","slug":"policier-tue-a-avignon-ismael-b-alias-le-mexicain-qui-avait-heberge-le-meurtrier-deric-masson-sest-evade-de-prison","status":"publish","type":"post","link":"https:\/\/www.europesays.com\/fr\/107717\/","title":{"rendered":"Policier tu\u00e9 \u00e0 Avignon\u00a0: Isma\u00ebl B., alias \u00ab\u00a0Le Mexicain\u00a0\u00bb, qui avait h\u00e9berg\u00e9 le meurtrier d\u2019\u00c9ric Masson, s\u2019est \u00e9vad\u00e9 de prison"},"content":{"rendered":"<p class=\"paragraph text_align_left\">Isma\u00ebl B., un jeune homme de 25 ans qui \u00e9tait incarc\u00e9r\u00e9 pour avoir h\u00e9berg\u00e9 le meurtrier du policier <a href=\"https:\/\/www.leparisien.fr\/faits-divers\/avignon-un-policier-tue-lors-dune-operation-antidrogue-05-05-2021-TUE57BN5P5AWPDRWIKR2QQLOG4.php\" target=\"_blank\" rel=\"noreferrer nofollow noopener\">\u00c9ric Masson<\/a> \u00e0 Avignon (Vaucluse) en 2021, s\u2019est \u00e9vad\u00e9 de prison mercredi, a annonc\u00e9 la gendarmerie dans un communiqu\u00e9.<\/p>\n<p class=\"paragraph text_align_left\">Isma\u00ebl B., alias \u00ab Le Mexicain \u00bb, qui \u00e9tait lib\u00e9rable dans dix mois, avait obtenu une permission de sortie d\u2019une journ\u00e9e pour assister aux obs\u00e8ques de son fr\u00e8re. Ce dernier s\u2019\u00e9tait fait tuer de plusieurs balles dans la t\u00eate dans un quartier difficile d\u2019Avignon quelques jours plus t\u00f4t. Ne s\u2019\u00e9tant pas pr\u00e9sent\u00e9 \u00e0 la prison du Pontet mercredi soir, le jeune homme est d\u00e9sormais consid\u00e9r\u00e9 comme fugitif, et se retrouve inscrit au fichier des personnes recherch\u00e9es.<\/p>\n<p class=\"paragraph text_align_left\">Les forces de l\u2019ordre ont lanc\u00e9 ce samedi un appel \u00e0 t\u00e9moins pour tenter de retrouver le fugitif. \u00ab Toutes personnes disposant d\u2019information permettant la localisation de cet individu sont invit\u00e9es \u00e0 prendre contact avec les enqu\u00eateurs de la Brigade de recherches d\u2019Avignon \u00bb, pr\u00e9cise l\u2019appel \u00e0 t\u00e9moins, accompagn\u00e9 d\u2019un num\u00e9ro de t\u00e9l\u00e9phone : 04.90.80.50.00.<\/p>\n<p>Le tueur condamn\u00e9 \u00e0 30 ans de prison<\/p>\n<p class=\"paragraph text_align_left\">\u00c9ric Masson, 36 ans au moment des faits, a \u00e9t\u00e9 abattu sur un point de deal \u00e0 Avignon en mai 2021. Apr\u00e8s avoir longtemps ni\u00e9, Ilias Akoudad, le principal suspect, a finalement reconnu avoir tir\u00e9 sur le brigadier. <a href=\"https:\/\/www.leparisien.fr\/faits-divers\/meurtre-deric-masson-a-avignon-le-tueur-ilias-akoudad-condamne-a-30-ans-de-prison-01-03-2024-K4ZSZCGQUNGF5NWHYBSEWDYJNI.php\" target=\"_blank\" rel=\"noreferrer nofollow noopener\">Lors de son jugement<\/a>, il a cependant toujours assur\u00e9 qu\u2019il ne savait pas qu\u2019il s\u2019agissait d\u2019un policier en civil.<\/p>\n<p class=\"lp-card-podcast-highlighting__title lp-f-subtitle-05\">Affaire Fiona\u00a0: une fillette disparue\u2026 et l\u2019ombre du mensonge<\/p>\n<p class=\"lp-card-podcast-highlighting__description lp-f-ui-05\">Crime story raconte chaque semaine les grandes affaires criminelles.<\/p>\n<p><a class=\"lp-card-podcast-highlighting__call-to-action\" data-page-type=\"HP\" data-block-name=\"podcast-highlight\">\u00c9couter<\/a><\/p>\n<p class=\"paragraph text_align_left\">Au terme d\u2019un proc\u00e8s tr\u00e8s attendu, Ilias Akoudad a \u00e9t\u00e9 condamn\u00e9 le 1er mars 2024 \u00e0 30 ans de prison ferme assortie d\u2019une peine de s\u00fbret\u00e9 des deux tiers. Son \u00ab logeur \u00bb, Isma\u00ebl B., avait aussi \u00e9t\u00e9 condamn\u00e9 \u00e0 de la prison ferme par la cour d\u2019assises du Vaucluse.<\/p>\n","protected":false},"excerpt":{"rendered":"Isma\u00ebl B., un jeune homme de 25 ans qui \u00e9tait incarc\u00e9r\u00e9 pour avoir h\u00e9berg\u00e9 le meurtrier du policier&hellip;\n","protected":false},"author":2,"featured_media":107718,"comment_status":"","ping_status":"","sticky":false,"template":"","format":"standard","meta":{"footnotes":""},"categories":[4],"tags":[11,459,118,1011,27,12,25],"class_list":{"0":"post-107717","1":"post","2":"type-post","3":"status-publish","4":"format-standard","5":"has-post-thumbnail","7":"category-france","8":"tag-actualites","9":"tag-departements-horsidfo","10":"tag-faits-divers","11":"tag-fr","12":"tag-france","13":"tag-news","14":"tag-republique-francaise"},"share_on_mastodon":{"url":"https:\/\/pubeurope.com\/@fr\/114524950795205396","error":""},"_links":{"self":[{"href":"https:\/\/www.europesays.com\/fr\/wp-json\/wp\/v2\/posts\/107717","targetHints":{"allow":["GET"]}}],"collection":[{"href":"https:\/\/www.europesays.com\/fr\/wp-json\/wp\/v2\/posts"}],"about":[{"href":"https:\/\/www.europesays.com\/fr\/wp-json\/wp\/v2\/types\/post"}],"author":[{"embeddable":true,"href":"https:\/\/www.europesays.com\/fr\/wp-json\/wp\/v2\/users\/2"}],"replies":[{"embeddable":true,"href":"https:\/\/www.europesays.com\/fr\/wp-json\/wp\/v2\/comments?post=107717"}],"version-history":[{"count":0,"href":"https:\/\/www.europesays.com\/fr\/wp-json\/wp\/v2\/posts\/107717\/revisions"}],"wp:featuredmedia":[{"embeddable":true,"href":"https:\/\/www.europesays.com\/fr\/wp-json\/wp\/v2\/media\/107718"}],"wp:attachment":[{"href":"https:\/\/www.europesays.com\/fr\/wp-json\/wp\/v2\/media?parent=107717"}],"wp:term":[{"taxonomy":"category","embeddable":true,"href":"https:\/\/www.europesays.com\/fr\/wp-json\/wp\/v2\/categories?post=107717"},{"taxonomy":"post_tag","embeddable":true,"href":"https:\/\/www.europesays.com\/fr\/wp-json\/wp\/v2\/tags?post=107717"}],"curies":[{"name":"wp","href":"https:\/\/api.w.org\/{rel}","templated":true}]}}