{"id":107725,"date":"2025-05-17T20:04:13","date_gmt":"2025-05-17T20:04:13","guid":{"rendered":"https:\/\/www.europesays.com\/fr\/107725\/"},"modified":"2025-05-17T20:04:13","modified_gmt":"2025-05-17T20:04:13","slug":"nancy-mariage-aurelie-et-anesia","status":"publish","type":"post","link":"https:\/\/www.europesays.com\/fr\/107725\/","title":{"rendered":"Nancy | Mariage. Aur\u00e9lie et Anesia"},"content":{"rendered":"<p>Aur\u00e9lie Laurent et Anesia Stephenson ont choisi d\u2019unir leurs destin\u00e9es le jour de la journ\u00e9e mondiale contre l\u2019homophobie. Franck Muratet, adjoint au maire, a re\u00e7u leurs consentements dans la salle des mariages de l\u2019h\u00f4tel de ville ce samedi 17\u00a0mai. Le couple est domicili\u00e9 \u00e0 Nancy. Aur\u00e9lie est charg\u00e9e de d\u00e9veloppement associatif, Anesia est menuisi\u00e8re.<\/p>\n<p>Nos v\u0153ux de bonheur.<\/p>\n","protected":false},"excerpt":{"rendered":"Aur\u00e9lie Laurent et Anesia Stephenson ont choisi d\u2019unir leurs destin\u00e9es le jour de la journ\u00e9e mondiale contre l\u2019homophobie.&hellip;\n","protected":false},"author":2,"featured_media":107726,"comment_status":"","ping_status":"","sticky":false,"template":"","format":"standard","meta":{"footnotes":""},"categories":[9635],"tags":[1111,11,9223,1704,1777,674,1011,27,775,1930,1702,1703,12,25,104],"class_list":{"0":"post-107725","1":"post","2":"type-post","3":"status-publish","4":"format-standard","5":"has-post-thumbnail","7":"category-nancy","8":"tag-actu","9":"tag-actualites","10":"tag-carnet-du-jour","11":"tag-edition-nancy-et-agglomeration","12":"tag-eu","13":"tag-europe","14":"tag-fr","15":"tag-france","16":"tag-grand-est","17":"tag-mariage","18":"tag-nancy","19":"tag-nancy-ville-54b","20":"tag-news","21":"tag-republique-francaise","22":"tag-societe"},"share_on_mastodon":{"url":"https:\/\/pubeurope.com\/@fr\/114524970317858209","error":""},"_links":{"self":[{"href":"https:\/\/www.europesays.com\/fr\/wp-json\/wp\/v2\/posts\/107725","targetHints":{"allow":["GET"]}}],"collection":[{"href":"https:\/\/www.europesays.com\/fr\/wp-json\/wp\/v2\/posts"}],"about":[{"href":"https:\/\/www.europesays.com\/fr\/wp-json\/wp\/v2\/types\/post"}],"author":[{"embeddable":true,"href":"https:\/\/www.europesays.com\/fr\/wp-json\/wp\/v2\/users\/2"}],"replies":[{"embeddable":true,"href":"https:\/\/www.europesays.com\/fr\/wp-json\/wp\/v2\/comments?post=107725"}],"version-history":[{"count":0,"href":"https:\/\/www.europesays.com\/fr\/wp-json\/wp\/v2\/posts\/107725\/revisions"}],"wp:featuredmedia":[{"embeddable":true,"href":"https:\/\/www.europesays.com\/fr\/wp-json\/wp\/v2\/media\/107726"}],"wp:attachment":[{"href":"https:\/\/www.europesays.com\/fr\/wp-json\/wp\/v2\/media?parent=107725"}],"wp:term":[{"taxonomy":"category","embeddable":true,"href":"https:\/\/www.europesays.com\/fr\/wp-json\/wp\/v2\/categories?post=107725"},{"taxonomy":"post_tag","embeddable":true,"href":"https:\/\/www.europesays.com\/fr\/wp-json\/wp\/v2\/tags?post=107725"}],"curies":[{"name":"wp","href":"https:\/\/api.w.org\/{rel}","templated":true}]}}