{"id":107739,"date":"2025-05-17T20:15:12","date_gmt":"2025-05-17T20:15:12","guid":{"rendered":"https:\/\/www.europesays.com\/fr\/107739\/"},"modified":"2025-05-17T20:15:12","modified_gmt":"2025-05-17T20:15:12","slug":"strasbourg-les-artistes-libres-dalsace-revisitent-le-petit-prince-a-travers-une-vingtaine-doeuvres","status":"publish","type":"post","link":"https:\/\/www.europesays.com\/fr\/107739\/","title":{"rendered":"Strasbourg. Les Artistes libres d\u2019Alsace revisitent le \u00ab\u00a0Petit Prince\u00a0\u00bb \u00e0 travers une vingtaine d\u2019\u0153uvres"},"content":{"rendered":"<p>Les Artistes libres d\u2019Alsace s\u2019inspirent de la litt\u00e9rature et imaginent <a href=\"https:\/\/www.dna.fr\/culture-loisirs\/2025\/05\/14\/les-rencontres-du-petit-prince-inspirent-les-artistes-libres-d-alsace\" target=\"_blank\" rel=\"nofollow noopener\">le personnage du Petit Prince<\/a> rencontrant des f\u00e9es, des animaux et des peintres.<\/p>\n<p>\u00ab\u00a0Ce voyage est une pure fiction invent\u00e9e \u00e0 partir de la sortie de l\u2019ast\u00e9ro\u00efde jusqu\u2019au d\u00e9sert o\u00f9 il voit l\u2019aviateur\u00a0\u00bb, r\u00e9sume Gilbert Schlewer, pr\u00e9sident de l\u2019association et artiste de r\u00e9cup\u2019art.<\/p>\n<p>Les auteurs s\u2019expriment \u00e0 travers des textes et des illustrations composant le catalogue de l\u2019exposition (100 pages), qui se lit comme un conte et un livre d\u2019images.<\/p>\n<p>L\u2019int\u00e9r\u00eat r\u00e9side aussi dans le choix et la vari\u00e9t\u00e9 des techniques employ\u00e9es\u00a0: peinture sur soie de Freddy Kempf, verre et porcelaine de Sylvie Gounot, sculpture, r\u00e9cup\u2019art, art figuratif, bois grav\u00e9 de Val\u00e9rie Albisser, tissus en toile de jute, objets incrust\u00e9s, acrylique, huile, pastels, aquarelle ou dessins\u2026<\/p>\n<p>  Dali, Monet et De Vinci s\u2019invitent \u00e0 l\u2019exposition<\/p>\n<p>Les rencontres du Petit Prince nous transportent vers des stations spatiales, des plan\u00e8tes de couleur, de forme arrondie.<\/p>\n<p>Au d\u00e9tour de cette exposition, on d\u00e9couvre un hommage \u00e0 des peintres importants dans des lieux improbables\u00a0\u00a0: Salvador Dali en portrait \u00e0 la gare, le bord d\u2019un \u00e9tang de nymph\u00e9as de Claude Monet ou les myst\u00e8res de Leonard de Vinci.<\/p>\n<p>Partir \u00e0 la d\u00e9couverte d\u2019un monde inconnu pour \u00e9largir son espace comme le Petit Prince\u00a0: tel est le th\u00e8me de ces rencontres. Il dialogue avec l\u2019ourse polaire, la cigogne, les pingouins ou les magnifiques gorfous, qui intriguent les visiteurs, autant que le vieux scribe chinois.<\/p>\n<p>L\u2019exposition se poursuit ce dimanche \u00e0 la salle de la Bourse ouverte au public de 10\u00a0h \u00e0 19\u00a0h. D\u2019autres \u0153uvres tr\u00e8s diverses y sont expos\u00e9es.<\/p>\n","protected":false},"excerpt":{"rendered":"Les Artistes libres d\u2019Alsace s\u2019inspirent de la litt\u00e9rature et imaginent le personnage du Petit Prince rencontrant des f\u00e9es,&hellip;\n","protected":false},"author":2,"featured_media":107740,"comment_status":"","ping_status":"","sticky":false,"template":"","format":"standard","meta":{"footnotes":""},"categories":[2820],"tags":[1111,11,1687,2880,1777,674,2271,107,1011,27,775,12,25,640,2879],"class_list":{"0":"post-107739","1":"post","2":"type-post","3":"status-publish","4":"format-standard","5":"has-post-thumbnail","7":"category-strasbourg","8":"tag-actu","9":"tag-actualites","10":"tag-culture-loisirs","11":"tag-edition-strasbourg","12":"tag-eu","13":"tag-europe","14":"tag-exposition-arts-plastiques","15":"tag-fil-info","16":"tag-fr","17":"tag-france","18":"tag-grand-est","19":"tag-news","20":"tag-republique-francaise","21":"tag-strasbourg","22":"tag-strasbourg-ville"},"share_on_mastodon":{"url":"https:\/\/pubeurope.com\/@fr\/114525013476957703","error":""},"_links":{"self":[{"href":"https:\/\/www.europesays.com\/fr\/wp-json\/wp\/v2\/posts\/107739","targetHints":{"allow":["GET"]}}],"collection":[{"href":"https:\/\/www.europesays.com\/fr\/wp-json\/wp\/v2\/posts"}],"about":[{"href":"https:\/\/www.europesays.com\/fr\/wp-json\/wp\/v2\/types\/post"}],"author":[{"embeddable":true,"href":"https:\/\/www.europesays.com\/fr\/wp-json\/wp\/v2\/users\/2"}],"replies":[{"embeddable":true,"href":"https:\/\/www.europesays.com\/fr\/wp-json\/wp\/v2\/comments?post=107739"}],"version-history":[{"count":0,"href":"https:\/\/www.europesays.com\/fr\/wp-json\/wp\/v2\/posts\/107739\/revisions"}],"wp:featuredmedia":[{"embeddable":true,"href":"https:\/\/www.europesays.com\/fr\/wp-json\/wp\/v2\/media\/107740"}],"wp:attachment":[{"href":"https:\/\/www.europesays.com\/fr\/wp-json\/wp\/v2\/media?parent=107739"}],"wp:term":[{"taxonomy":"category","embeddable":true,"href":"https:\/\/www.europesays.com\/fr\/wp-json\/wp\/v2\/categories?post=107739"},{"taxonomy":"post_tag","embeddable":true,"href":"https:\/\/www.europesays.com\/fr\/wp-json\/wp\/v2\/tags?post=107739"}],"curies":[{"name":"wp","href":"https:\/\/api.w.org\/{rel}","templated":true}]}}