{"id":107741,"date":"2025-05-17T20:16:15","date_gmt":"2025-05-17T20:16:15","guid":{"rendered":"https:\/\/www.europesays.com\/fr\/107741\/"},"modified":"2025-05-17T20:16:15","modified_gmt":"2025-05-17T20:16:15","slug":"en-direct-ligue-1-le-racing-reprend-lavantage-contre-le-havre-2-1","status":"publish","type":"post","link":"https:\/\/www.europesays.com\/fr\/107741\/","title":{"rendered":"En direct Ligue 1. Le Racing reprend l&rsquo;avantage contre Le Havre (2-1) !"},"content":{"rendered":"<p>Pour faire plier la d\u00e9fense du Racing, forcer la d\u00e9cision et arracher la place de barragiste, Didier Digard fait confiance au talent et \u00e0 l&rsquo;exp\u00e9rience d&rsquo;Andr\u00e9 Ayew, le Franco-Ghan\u00e9en de 35 ans qui jusqu&rsquo;en 2015 a fait les beaux jours de Marseille.<\/p>\n<p>Voici le onze havrais\u00a0: Gorgelin\u00a0; Ballo-Tour\u00e9, G. Lloris, Sangante (cap.), Nego\u00a0; Kechta, Youte, Ab. Tour\u00e9\u00a0; Soumar\u00e9, A. Ayew, Casimir.<\/p>\n","protected":false},"excerpt":{"rendered":"Pour faire plier la d\u00e9fense du Racing, forcer la d\u00e9cision et arracher la place de barragiste, Didier Digard&hellip;\n","protected":false},"author":2,"featured_media":107742,"comment_status":"","ping_status":"","sticky":false,"template":"","format":"standard","meta":{"footnotes":""},"categories":[2820],"tags":[1111,11,2389,2649,3545,2880,1777,674,107,1011,27,775,3544,12,9371,25,517,640],"class_list":{"0":"post-107741","1":"post","2":"type-post","3":"status-publish","4":"format-standard","5":"has-post-thumbnail","7":"category-strasbourg","8":"tag-actu","9":"tag-actualites","10":"tag-alsace","11":"tag-bas-rhin","12":"tag-direct-sport","13":"tag-edition-strasbourg","14":"tag-eu","15":"tag-europe","16":"tag-fil-info","17":"tag-fr","18":"tag-france","19":"tag-grand-est","20":"tag-matchs-en-direct","21":"tag-news","22":"tag-rcsa-racing-club-strasbourg","23":"tag-republique-francaise","24":"tag-sport","25":"tag-strasbourg"},"share_on_mastodon":{"url":"https:\/\/pubeurope.com\/@fr\/114525017478461782","error":""},"_links":{"self":[{"href":"https:\/\/www.europesays.com\/fr\/wp-json\/wp\/v2\/posts\/107741","targetHints":{"allow":["GET"]}}],"collection":[{"href":"https:\/\/www.europesays.com\/fr\/wp-json\/wp\/v2\/posts"}],"about":[{"href":"https:\/\/www.europesays.com\/fr\/wp-json\/wp\/v2\/types\/post"}],"author":[{"embeddable":true,"href":"https:\/\/www.europesays.com\/fr\/wp-json\/wp\/v2\/users\/2"}],"replies":[{"embeddable":true,"href":"https:\/\/www.europesays.com\/fr\/wp-json\/wp\/v2\/comments?post=107741"}],"version-history":[{"count":0,"href":"https:\/\/www.europesays.com\/fr\/wp-json\/wp\/v2\/posts\/107741\/revisions"}],"wp:featuredmedia":[{"embeddable":true,"href":"https:\/\/www.europesays.com\/fr\/wp-json\/wp\/v2\/media\/107742"}],"wp:attachment":[{"href":"https:\/\/www.europesays.com\/fr\/wp-json\/wp\/v2\/media?parent=107741"}],"wp:term":[{"taxonomy":"category","embeddable":true,"href":"https:\/\/www.europesays.com\/fr\/wp-json\/wp\/v2\/categories?post=107741"},{"taxonomy":"post_tag","embeddable":true,"href":"https:\/\/www.europesays.com\/fr\/wp-json\/wp\/v2\/tags?post=107741"}],"curies":[{"name":"wp","href":"https:\/\/api.w.org\/{rel}","templated":true}]}}