{"id":1077493,"date":"2026-07-20T21:47:19","date_gmt":"2026-07-20T21:47:19","guid":{"rendered":"https:\/\/www.europesays.com\/fr\/1077493\/"},"modified":"2026-07-20T21:47:19","modified_gmt":"2026-07-20T21:47:19","slug":"smartduck-poursuit-son-expansion-avec-un-nouveau-centre-a-paris","status":"publish","type":"post","link":"https:\/\/www.europesays.com\/fr\/1077493\/","title":{"rendered":"Smartduck poursuit son expansion avec un nouveau centre \u00e0 Paris"},"content":{"rendered":"<p>L\u2019enseigne Smartduck, sp\u00e9cialis\u00e9e dans l\u2019\u00e9pilation au laser diode, poursuit son d\u00e9veloppement en \u00cele-de-France avec l\u2019ouverture d\u2019un nouveau centre dans le 20\u1d49 arrondissement de Paris. Inaugur\u00e9 le 16 juillet, l\u2019\u00e9tablissement Smartduck \u00e0 Paris Gambetta vient renforcer la pr\u00e9sence de la marque dans la capitale, o\u00f9 elle compte d\u00e9sormais sept adresses. Cette ouverture s\u2019inscrit dans une strat\u00e9gie de croissance ambitieuse, avec l\u2019objectif d\u2019atteindre 70 centres en France d\u2019ici la fin de l\u2019ann\u00e9e 2026.<\/p>\n<p><strong>Une septi\u00e8me adresse parisienne<\/strong><\/p>\n<p class=\"PDq2pG_selectionAnchorContainer\" data-start=\"657\" data-end=\"989\"><strong>Apr\u00e8s les quartiers de Saint-Lazare, Voltaire, Grande Arm\u00e9e, Ch\u00e2telet, Convention et Les Gobelins<\/strong>, <strong>Smartduck<\/strong> poursuit son maillage parisien en <strong>s\u2019implantant \u00e0 Gambetta<\/strong>. Ce nouveau centre a \u00e9t\u00e9 con\u00e7u pour proposer une exp\u00e9rience \u00e0 la fois moderne, confortable et personnalis\u00e9e, dans un <strong>environnement d\u00e9di\u00e9 aux soins d\u2019\u00e9pilation laser<\/strong>.<\/p>\n<p><img loading=\"lazy\" data-lazyloaded=\"1\" decoding=\"async\" aria-describedby=\"caption-attachment-63623\" class=\" wp-image-63623\" src=\"https:\/\/www.europesays.com\/fr\/wp-content\/uploads\/2026\/07\/Le-Smartduck-a-Paris-17e-300x225.jpg\" alt=\"Le Smartduck \u00e0 Paris 17e\" width=\"389\" height=\"292\"  data-\/><\/p>\n<p id=\"caption-attachment-63623\" class=\"wp-caption-text\">Le Smartduck \u00e0 Paris 17e<\/p>\n<p class=\"PDq2pG_selectionAnchorContainer\" data-start=\"991\" data-end=\"1324\">L\u2019enseigne s\u2019adresse <strong>aussi bien aux femmes qu\u2019aux hommes souhaitant b\u00e9n\u00e9ficier d\u2019une solution d\u2019\u00e9pilation durable gr\u00e2ce \u00e0 la technologie du laser diode<\/strong>. Chaque protocole est r\u00e9alis\u00e9 selon des proc\u00e9dures standardis\u00e9es, avec une attention particuli\u00e8re port\u00e9e \u00e0 la s\u00e9curit\u00e9 et au suivi des clients.<\/p>\n<p><strong>Rendre l\u2019\u00e9pilation laser plus accessible<\/strong><\/p>\n<p><strong>Cr\u00e9\u00e9e fin 2024 par Herv\u00e9 Corlay<\/strong>, Smartduck est n\u00e9e avec l\u2019ambition de d\u00e9mocratiser l\u2019\u00e9pilation laser. La marque souhaite rendre cette technologie <strong>accessible \u00e0 un public plus large gr\u00e2ce \u00e0 une politique tarifaire affichant des prix environ 35 % inf\u00e9rieurs \u00e0 ceux g\u00e9n\u00e9ralement pratiqu\u00e9s sur le march\u00e9<\/strong>. Au-del\u00e0 du prix, l\u2019enseigne <strong>met \u00e9galement en avant une approche p\u00e9dagogique destin\u00e9e \u00e0 mieux informer les clients sur le fonctionnement de l\u2019\u00e9pilation laser, les diff\u00e9rentes \u00e9tapes du traitement et les r\u00e9sultats attendus<\/strong>. Cette volont\u00e9 de transparence fait partie int\u00e9grante du positionnement de la marque, qui entend simplifier un march\u00e9 souvent per\u00e7u comme complexe.<\/p>\n<p><strong>Trois valeurs au c\u0153ur du concept<\/strong><\/p>\n<p class=\"PDq2pG_selectionAnchorContainer\" data-start=\"2079\" data-end=\"2191\">Le d\u00e9veloppement de Smartduck repose sur trois piliers : <strong data-start=\"2136\" data-end=\"2155\">l\u2019accessibilit\u00e9<\/strong>, <strong data-start=\"2157\" data-end=\"2171\">le respect<\/strong> et <strong data-start=\"2175\" data-end=\"2190\">l\u2019expertise<\/strong>.<\/p>\n<p data-start=\"2079\" data-end=\"2191\">L\u2019accessibilit\u00e9 se traduit par des tarifs comp\u00e9titifs ainsi qu\u2019une volont\u00e9 de rendre l\u2019information compr\u00e9hensible pour tous. Le respect concerne aussi bien l\u2019accompagnement des clients que la prise en compte de leur temps, de leur budget et de leurs attentes. Enfin, l\u2019expertise repose sur l\u2019utilisation d\u2019une technologie de laser diode de derni\u00e8re g\u00e9n\u00e9ration ainsi que sur des protocoles de soins clairement d\u00e9finis.<\/p>\n<p><strong>Une croissance qui se poursuit en France<\/strong><\/p>\n<p class=\"PDq2pG_selectionAnchorContainer\" data-start=\"2695\" data-end=\"2982\">Avec cette nouvelle implantation parisienne, Smartduck confirme son rythme de d\u00e9veloppement. <strong>L\u2019enseigne compte d\u00e9j\u00e0 une trentaine de centres r\u00e9partis dans plusieurs grandes villes fran\u00e7aises, parmi lesquelles Marseille, Lyon, Bordeaux, Nantes, Strasbourg, Grenoble ou encore Montpellier<\/strong>.<\/p>\n<p data-start=\"2695\" data-end=\"2982\">Le r\u00e9seau poursuit son expansion \u00e0 travers un mod\u00e8le de franchise qui lui permet d\u2019acc\u00e9l\u00e9rer son implantation sur l\u2019ensemble du territoire. <strong>Son objectif est d\u00e9sormais d\u2019atteindre 70 centres ouverts d\u2019ici la fin de l\u2019ann\u00e9e 2026<\/strong>, tout en conservant les principes qui ont accompagn\u00e9 son lancement : des soins accessibles, des protocoles standardis\u00e9s et une exp\u00e9rience client soign\u00e9e. Cette nouvelle ouverture \u00e0 Paris Gambetta marque ainsi une \u00e9tape suppl\u00e9mentaire dans la volont\u00e9 de Smartduck de devenir l\u2019un des acteurs majeurs de l\u2019\u00e9pilation laser en France.<\/p>\n<p>Pour plus d&rsquo;informations ou pour la prise de rendez-vous, allez sur le site <a href=\"https:\/\/smartduck.fr\/\" rel=\"nofollow noopener\" target=\"_blank\">Smartduck<\/a><\/p>\n<p>Retrouvez plus d\u2019articles sur <a href=\"https:\/\/freshmagparis.com\/\" rel=\"nofollow noopener\" target=\"_blank\">Fresh Mag Paris<\/a> et <a href=\"https:\/\/epicurisme-mag.com\/\" rel=\"nofollow noopener\" target=\"_blank\">Epicurisme Mag<\/a><\/p>\n","protected":false},"excerpt":{"rendered":"L\u2019enseigne Smartduck, sp\u00e9cialis\u00e9e dans l\u2019\u00e9pilation au laser diode, poursuit son d\u00e9veloppement en \u00cele-de-France avec l\u2019ouverture d\u2019un nouveau centre&hellip;\n","protected":false},"author":2,"featured_media":1077494,"comment_status":"","ping_status":"","sticky":false,"template":"","format":"standard","meta":{"footnotes":"","_share_on_mastodon":"0"},"categories":[1888],"tags":[11,2424,4983,111409,1777,674,1011,27,12,626,25],"class_list":["post-1077493","post","type-post","status-publish","format-standard","has-post-thumbnail","category-paris","tag-actualites","tag-beaute","tag-bien-etre","tag-epilation-laser","tag-eu","tag-europe","tag-fr","tag-france","tag-news","tag-paris","tag-republique-francaise"],"share_on_mastodon":{"url":"https:\/\/pubeurope.com\/@fr\/116954507723722479","error":""},"_links":{"self":[{"href":"https:\/\/www.europesays.com\/fr\/wp-json\/wp\/v2\/posts\/1077493","targetHints":{"allow":["GET"]}}],"collection":[{"href":"https:\/\/www.europesays.com\/fr\/wp-json\/wp\/v2\/posts"}],"about":[{"href":"https:\/\/www.europesays.com\/fr\/wp-json\/wp\/v2\/types\/post"}],"author":[{"embeddable":true,"href":"https:\/\/www.europesays.com\/fr\/wp-json\/wp\/v2\/users\/2"}],"replies":[{"embeddable":true,"href":"https:\/\/www.europesays.com\/fr\/wp-json\/wp\/v2\/comments?post=1077493"}],"version-history":[{"count":0,"href":"https:\/\/www.europesays.com\/fr\/wp-json\/wp\/v2\/posts\/1077493\/revisions"}],"wp:featuredmedia":[{"embeddable":true,"href":"https:\/\/www.europesays.com\/fr\/wp-json\/wp\/v2\/media\/1077494"}],"wp:attachment":[{"href":"https:\/\/www.europesays.com\/fr\/wp-json\/wp\/v2\/media?parent=1077493"}],"wp:term":[{"taxonomy":"category","embeddable":true,"href":"https:\/\/www.europesays.com\/fr\/wp-json\/wp\/v2\/categories?post=1077493"},{"taxonomy":"post_tag","embeddable":true,"href":"https:\/\/www.europesays.com\/fr\/wp-json\/wp\/v2\/tags?post=1077493"}],"curies":[{"name":"wp","href":"https:\/\/api.w.org\/{rel}","templated":true}]}}