{"id":107757,"date":"2025-05-17T20:24:20","date_gmt":"2025-05-17T20:24:20","guid":{"rendered":"https:\/\/www.europesays.com\/fr\/107757\/"},"modified":"2025-05-17T20:24:20","modified_gmt":"2025-05-17T20:24:20","slug":"les-verts-plus-proches-que-jamais-de-retrouver-la-ligue-2","status":"publish","type":"post","link":"https:\/\/www.europesays.com\/fr\/107757\/","title":{"rendered":"les Verts plus proches que jamais de retrouver la Ligue 2"},"content":{"rendered":"<p>Habituellement affich\u00e9e sur la partie sup\u00e9rieure de la tribune lors de chaque rencontre, la devise symbolique pr\u00e9sente dans le kop sud a \u00e9t\u00e9 affich\u00e9e en bas de la tribune, plus proche de la pelouse. En haut, les Green Angels d\u00e9ploient une banderole \u00ab\u00a03 phrases, un seul \u00e9tat d&rsquo;esprit pour aujourd&rsquo;hui\u00a0\u00bb au dessus du fameux \u00ab\u00a0combattre pour son club, mouiller le maillot, respecter ses couleurs\u00a0\u00bb.<\/p>\n<p>Ce contenu est bloqu\u00e9 car vous n&rsquo;avez pas accept\u00e9 les cookies et autres traceurs.<\/p>\n<p>En cliquant sur \u00ab J\u2019accepte \u00bb, les cookies et autres traceurs seront d\u00e9pos\u00e9s et vous pourrez visualiser les contenus  (<a href=\"\" class=\"consentModule_policy\" target=\"_blank\" title=\"Consulter la politique de protection des donn\u00e9es du fournisseur\">plus d&rsquo;informations<\/a>).<\/p>\n<p>En cliquant sur \u00ab J\u2019accepte tous les cookies \u00bb, vous autorisez des d\u00e9p\u00f4ts de cookies et autres traceurs pour le stockage de vos donn\u00e9es sur nos sites et applications \u00e0 des fins de personnalisation et de ciblage publicitaire.<\/p>\n<p class=\"consentModule_secondaryText\">Vous gardez la possibilit\u00e9 de retirer votre consentement \u00e0 tout moment en consultant notre <a href=\"https:\/\/www.leprogres.fr\/protection-des-donnees\" target=\"_blank\" title=\"Consulter notre politique de protection des donn\u00e9es\" rel=\"noopener\">politique de protection des donn\u00e9es<\/a>. <br \/>&#13;<br \/>\n            <a href=\"https:\/\/www.leprogres.fr\/sport\/2025\/05\/17\/javascript:Didomi.notice.show()\" class=\"consentModule_cmp\" target=\"_blank\" rel=\"noopener\">G\u00e9rer mes choix<\/a>&#13;\n        <\/p>\n<p>&#13;<br \/>\n                        J&rsquo;accepte&#13;<br \/>\n            J&rsquo;accepte tous les cookies&#13;\n        <\/p>\n","protected":false},"excerpt":{"rendered":"Habituellement affich\u00e9e sur la partie sup\u00e9rieure de la tribune lors de chaque rencontre, la devise symbolique pr\u00e9sente dans&hellip;\n","protected":false},"author":2,"featured_media":107758,"comment_status":"","ping_status":"","sticky":false,"template":"","format":"standard","meta":{"footnotes":""},"categories":[2816],"tags":[1111,11,4000,7359,16734,7539,1777,674,107,1701,63,1011,27,4002,7020,3367,12,2680,25,4001,517,2312],"class_list":{"0":"post-107757","1":"post","2":"type-post","3":"status-publish","4":"format-standard","5":"has-post-thumbnail","7":"category-toulouse","8":"tag-actu","9":"tag-actualites","10":"tag-asse-as-saint-etienne-football","11":"tag-edition-loire-centre","12":"tag-edition-loire-nord","13":"tag-edition-loire-sud","14":"tag-eu","15":"tag-europe","16":"tag-fil-info","17":"tag-fil-info-sport","18":"tag-football","19":"tag-fr","20":"tag-france","21":"tag-haute-loire","22":"tag-ligue-1-football","23":"tag-loire","24":"tag-news","25":"tag-occitanie","26":"tag-republique-francaise","27":"tag-saint-etienne","28":"tag-sport","29":"tag-toulouse"},"share_on_mastodon":{"url":"https:\/\/pubeurope.com\/@fr\/114525048875745889","error":""},"_links":{"self":[{"href":"https:\/\/www.europesays.com\/fr\/wp-json\/wp\/v2\/posts\/107757","targetHints":{"allow":["GET"]}}],"collection":[{"href":"https:\/\/www.europesays.com\/fr\/wp-json\/wp\/v2\/posts"}],"about":[{"href":"https:\/\/www.europesays.com\/fr\/wp-json\/wp\/v2\/types\/post"}],"author":[{"embeddable":true,"href":"https:\/\/www.europesays.com\/fr\/wp-json\/wp\/v2\/users\/2"}],"replies":[{"embeddable":true,"href":"https:\/\/www.europesays.com\/fr\/wp-json\/wp\/v2\/comments?post=107757"}],"version-history":[{"count":0,"href":"https:\/\/www.europesays.com\/fr\/wp-json\/wp\/v2\/posts\/107757\/revisions"}],"wp:featuredmedia":[{"embeddable":true,"href":"https:\/\/www.europesays.com\/fr\/wp-json\/wp\/v2\/media\/107758"}],"wp:attachment":[{"href":"https:\/\/www.europesays.com\/fr\/wp-json\/wp\/v2\/media?parent=107757"}],"wp:term":[{"taxonomy":"category","embeddable":true,"href":"https:\/\/www.europesays.com\/fr\/wp-json\/wp\/v2\/categories?post=107757"},{"taxonomy":"post_tag","embeddable":true,"href":"https:\/\/www.europesays.com\/fr\/wp-json\/wp\/v2\/tags?post=107757"}],"curies":[{"name":"wp","href":"https:\/\/api.w.org\/{rel}","templated":true}]}}