{"id":107761,"date":"2025-05-17T20:27:10","date_gmt":"2025-05-17T20:27:10","guid":{"rendered":"https:\/\/www.europesays.com\/fr\/107761\/"},"modified":"2025-05-17T20:27:10","modified_gmt":"2025-05-17T20:27:10","slug":"au-meeting-dedouard-philippe-muselier-en-profite-pour-pousser-vassal-vers-la-mairie-de-marseille","status":"publish","type":"post","link":"https:\/\/www.europesays.com\/fr\/107761\/","title":{"rendered":"Au meeting d\u2019\u00c9douard Philippe, Muselier en profite pour pousser Vassal vers la mairie de Marseille"},"content":{"rendered":"<p>Il a pris l\u2019habitude de ne plus mettre de cravate aux meetings. Et de faire de ses discours politiques des moments de plus en plus l\u00e9gers. \u00ab\u00a0Moi, je suis Renaissance\u00a0\u00bb, entame <a href=\"https:\/\/www.laprovence.com\/article\/politique\/2277294023075814\/a-la-region-muselier-ou-l-ebullition-permanente\" target=\"_blank\" rel=\"noopener\">Renaud Muselier<\/a>. Le palais des Congr\u00e8s, \u00e0 Marseille, comble de\u00a01 800\u00a0\u00e2mes, devient hilare. Le pr\u00e9sident de la R\u00e9gion fait mine d\u2019\u00eatre d\u00e9tach\u00e9, venu \u00ab\u00a0voir quelques amis ministres\u00a0\u00bb. Au premier rang, on reconna\u00eet celui de la Fonction publique Laurent Marcangeli, ainsi que sa coll\u00e8gue charg\u00e9e du Handicap, Charlotte Parmentier-Lecocq. D\u2019autres personnalit\u00e9s, \u00e0 l\u2019image du maire de Nice Christian Estrosi, sont \u00e9galement l\u00e0.<\/p>\n<p>Mais Renaud Muselier, ancien chiraquien ayant su faire une synth\u00e8se au centre droit pour garder la R\u00e9gion en juillet\u00a02021, n\u2019est pas l\u00e0 pour d\u00e9corer. \u00ab\u00a0J\u2019ai gagn\u00e9 15 des 17\u00a0\u00e9lections o\u00f9 je me suis pr\u00e9sent\u00e9 sur mon nom, indique-t-il. Si je peux donner un conseil sur la m\u00e9thode, c\u2019est de<a href=\"https:\/\/www.laprovence.com\/article\/elections\/51776055713433\/municipales-a-marseille-si-martine-vassal-fait-lunion-elle-aura-notre-soutien-assure-romain-simmarano\" target=\"_blank\" rel=\"noopener\"> rester unis.<\/a> Le mode d\u2019emploi des municipales apportera celui des pr\u00e9sidentielles\u00a0\u00bb, ajoute celui qui, taquin, rappelle qu\u2019il a sa \u00ab\u00a0libert\u00e9\u00a0\u00bb, mais a \u00ab\u00a0quand m\u00eame demand\u00e9 \u00e0 Attal avant de venir\u00a0\u00bb.<\/p>\n<p>\u00ab\u00a0On va aller \u00e0 la guerre\u00a0\u00bb<\/p>\n<p>Les fronti\u00e8res entre les deux scrutins sont aussi t\u00e9nues qu\u2019entre les mouvements de centre droit. Lui se souvient d\u2019une d\u00e9faite de la droite aux municipales de\u00a02020 \u00ab\u00a0parce qu\u2019elle ne s\u2019\u00e9tait pas entendue avec Renaissance\u00a0\u00bb. Quelques jours apr\u00e8s avoir pouss\u00e9 <a href=\"https:\/\/www.laprovence.com\/article\/region\/2264594612798514\/le-tramway-sur-la-corniche-est-une-opportunite-et-une-possibilite-martine-vassal-veut-desenclaver-les-quartiers-sud\" target=\"_blank\" rel=\"noopener\">Martine Vassal<\/a> (DVD) \u00e0 se <a href=\"https:\/\/www.laprovence.com\/article\/elections\/123604724782114\/renaud-muselier-derriere-martine-vassal-si-elle-est-candidate-a-la-mairie-de-marseille\" target=\"_blank\" rel=\"noopener\">repr\u00e9senter <\/a>\u00e0 la mairie de Marseille en\u00a02026, il lui tend la perche.<\/p>\n<p>\u00ab\u00a0Merci Renaud de pr\u00f4ner cette union, saisit la pr\u00e9sidente de la M\u00e9tropole Aix Marseille et du D\u00e9partement. On va aller \u00e0 la guerre et la gagner, parce que c\u2019est indispensable.\u00a0\u00bb Faut-il y voir une validation\u00a0? Il est encore t\u00f4t, mais Martine Vassal, en assurant qu\u2019on \u00ab\u00a0ne peut pas continuer avec des extr\u00eames qui nous font honte \u00e0 l\u2019Assembl\u00e9e\u00a0\u00bb, ajoutant m\u00eame que \u00ab\u00a0les <a href=\"https:\/\/www.laprovence.com\/article\/politique\/300570774856814\/municipales-2026-lfi-tacle-le-plan-marseille-en-grand-et-peaufine-son-programme-alternatif\" target=\"_blank\" rel=\"noopener\">Insoumis<\/a> ne devraient m\u00eame pas exister\u00a0\u00bb, dessine un chemin. Celui qui, \u00ab\u00a0du centre \u00e0 une droite affirm\u00e9e\u00a0\u00bb, la conduira vers une candidature. \u00c9douard Philippe n\u2019aurait pas dit mieux.<\/p>\n<p><img alt=\"\" loading=\"lazy\" width=\"18\" height=\"18\" decoding=\"async\" data-nimg=\"1\" class=\"mx-[8px]\" style=\"color:transparent\" src=\"https:\/\/www.europesays.com\/fr\/wp-content\/uploads\/2025\/04\/comment.b95dda91.svg.svg+xml\"\/>D\u00e9marrez la conversation<\/p>\n<p class=\"text-[1.8rem] mt-[32px]\">Votre opinion compte pour nous. Rejoignez la communaut\u00e9 laprovence.com en r\u00e9agissant sur l&rsquo;article Au meeting d\u2019\u00c9douard Philippe, Muselier en profite pour pousser Vassal vers la mairie de Marseille.<\/p>\n","protected":false},"excerpt":{"rendered":"Il a pris l\u2019habitude de ne plus mettre de cravate aux meetings. Et de faire de ses discours&hellip;\n","protected":false},"author":2,"featured_media":107762,"comment_status":"","ping_status":"","sticky":false,"template":"","format":"standard","meta":{"footnotes":""},"categories":[2814],"tags":[17,1111,11,22547,1777,674,1011,27,884,3918,22548,12,6284,316,471,22550,22549,882,25],"class_list":{"0":"post-107761","1":"post","2":"type-post","3":"status-publish","4":"format-standard","5":"has-post-thumbnail","7":"category-marseille","8":"tag-17","9":"tag-actu","10":"tag-actualites","11":"tag-dedouard","12":"tag-eu","13":"tag-europe","14":"tag-fr","15":"tag-france","16":"tag-marseille","17":"tag-meeting","18":"tag-muselier","19":"tag-news","20":"tag-philippe","21":"tag-politique","22":"tag-pour","23":"tag-pousser","24":"tag-profite","25":"tag-provence-alpes-cote-dazur","26":"tag-republique-francaise"},"share_on_mastodon":{"url":"https:\/\/pubeurope.com\/@fr\/114525060750867967","error":""},"_links":{"self":[{"href":"https:\/\/www.europesays.com\/fr\/wp-json\/wp\/v2\/posts\/107761","targetHints":{"allow":["GET"]}}],"collection":[{"href":"https:\/\/www.europesays.com\/fr\/wp-json\/wp\/v2\/posts"}],"about":[{"href":"https:\/\/www.europesays.com\/fr\/wp-json\/wp\/v2\/types\/post"}],"author":[{"embeddable":true,"href":"https:\/\/www.europesays.com\/fr\/wp-json\/wp\/v2\/users\/2"}],"replies":[{"embeddable":true,"href":"https:\/\/www.europesays.com\/fr\/wp-json\/wp\/v2\/comments?post=107761"}],"version-history":[{"count":0,"href":"https:\/\/www.europesays.com\/fr\/wp-json\/wp\/v2\/posts\/107761\/revisions"}],"wp:featuredmedia":[{"embeddable":true,"href":"https:\/\/www.europesays.com\/fr\/wp-json\/wp\/v2\/media\/107762"}],"wp:attachment":[{"href":"https:\/\/www.europesays.com\/fr\/wp-json\/wp\/v2\/media?parent=107761"}],"wp:term":[{"taxonomy":"category","embeddable":true,"href":"https:\/\/www.europesays.com\/fr\/wp-json\/wp\/v2\/categories?post=107761"},{"taxonomy":"post_tag","embeddable":true,"href":"https:\/\/www.europesays.com\/fr\/wp-json\/wp\/v2\/tags?post=107761"}],"curies":[{"name":"wp","href":"https:\/\/api.w.org\/{rel}","templated":true}]}}