{"id":107770,"date":"2025-05-17T20:33:32","date_gmt":"2025-05-17T20:33:32","guid":{"rendered":"https:\/\/www.europesays.com\/fr\/107770\/"},"modified":"2025-05-17T20:33:32","modified_gmt":"2025-05-17T20:33:32","slug":"la-plus-grande-librairie-de-cuisine-au-monde-prend-ses-quartiers-a-montparnasse","status":"publish","type":"post","link":"https:\/\/www.europesays.com\/fr\/107770\/","title":{"rendered":"la plus grande librairie de cuisine au monde prend ses quartiers \u00e0 Montparnasse"},"content":{"rendered":"<p>            Par<br \/>\n        <strong><br \/>\n            <a href=\"https:\/\/actu.fr\/auteur\/thomas-martin\" title=\"Consulter tous les articles de Thomas Martin\" target=\"_blank\" rel=\"noopener\">Thomas Martin<\/a><br \/>\n        <\/strong><\/p>\n<p>        Publi\u00e9 le<\/p>\n<p>            17 mai 2025 \u00e0 7h34        <\/p>\n<p>L\u2019endroit idoine. Pour ses 40 ans, la <strong>Librairie gourmande<\/strong> de D\u00e9borah Dupont Daguet s\u2019installe \u00e0 Vavin, dans le 6e arrondissement de Paris, \u00e0 proximit\u00e9 des <a href=\"https:\/\/actu.fr\/ile-de-france\/paris_75056\/paris-les-brasseries-de-la-capitale-ou-manger-au-moins-une-fois-dans-sa-vie_57892501.html\" target=\"_blank\" rel=\"noopener\">brasseries mythiques<\/a> de <a href=\"https:\/\/actu.fr\/tag\/montparnasse\" target=\"_blank\" rel=\"noopener\">Montparnasse<\/a> que sont La Coupole, La Rotonde ou encore Le D\u00f4me. Le lieu choisi abritait d\u2019ailleurs un restaurant bien connu dans le quartier : le Parc aux cerfs. Aujourd\u2019hui, les fourneaux et les tables qui accueillaient les convives ont laiss\u00e9 la place aux rayonnages emplis de <a href=\"https:\/\/actu.fr\/tag\/livres\" target=\"_blank\" rel=\"noopener\">livres<\/a> consacr\u00e9s \u00e0 la <a href=\"https:\/\/actu.fr\/tag\/cuisine\" target=\"_blank\" rel=\"noopener\">cuisine<\/a>, \u00e0 la <a href=\"https:\/\/actu.fr\/tag\/gastronomie\" target=\"_blank\" rel=\"noopener\">gastronomie<\/a>, \u00e0 la food, \u00e0 la \u00ab\u00a0bouffe\u00a0\u00bb\u2026Quelque 15 000 ouvrages au total pour rassasier les lecteurs.\u00a0<\/p>\n<p>\u00ab\u00a0Montparnasse, un quartier o\u00f9 il y a une vraie vie\u00a0\u00bb<\/p>\n<p class=\" wall-content\">C\u2019est Genevi\u00e8ve Baudon qui ouvre la Librairie Gourmande rue Dante dans le V\u00e8me arrondissement en 1985. Avec son \u00e9poux Marcel, bouquiniste de m\u00e9tier, elle y propose une large offre de livres de cuisine et d\u2019\u0153nologie, faisant la joie des amateurs et professionnels du monde culinaire. Le couple part \u00e0 la retraite en 2002 et vend la boutique \u00e0 une habitante voisine pour \u00e9viter sa fermeture.<\/p>\n<p class=\" wall-content\">En 2007, D\u00e9borah Dupont Daguet la rencontre, lui rach\u00e8te le fonds et d\u00e9m\u00e9nage la librairie \u00a0rue Montmartre, \u00e0 deux pas des Halles, l\u2019ancien ventre de Paris. Au passage, sa surface se multiplie par quatre, avec une collection \u00e9clectique de 20 000 r\u00e9f\u00e9rences, compos\u00e9e de livres de recettes mais aussi de plusieurs centaines de bandes dessin\u00e9es, de mangas et d\u2019ouvrages de sciences humaines et sociales, de livres neufs ou anciens dont de nombreuses pi\u00e8ces de collection autour de la gastronomie : une mine de savoirs et une source d\u2019inspiration, \u00e9galement pour les chefs.<\/p>\n<p class=\" wall-content\">Un bailleur augmentant fortement ses loyers, une hypercentre souffrant d\u2019une fuite de ses habitants\u2026Les ingr\u00e9dients \u00e9taient r\u00e9unis pour pousser D\u00e9borah Dupont Daguet \u00e0 aller voir ailleurs : \u00ab\u00a0Ne trouvant rien dans le quartier, j\u2019ai \u00e9tendu mon p\u00e9rim\u00e8tre. Montparnasse m\u2019attirait avec notamment la proximit\u00e9 des \u00e9coles Ferrandi, du lyc\u00e9e Guillaume<br \/>Tirel. C\u2019est un quartier o\u00f9 il y a une vraie vie, avec des familles, des restaurants iconiques\u00a0\u00bb.\u00a0<\/p>\n<p>\u00ab\u00a0Faire en sorte que le livre ne dorme pas ensuite sur l\u2019\u00e9tag\u00e8re\u00a0\u00bb<\/p>\n<p class=\" wall-content\">D\u00e9sormais install\u00e9e sur un seul niveau, D\u00e9borah accueille une client\u00e8le tr\u00e8s diverse allant du chef renomm\u00e9 (ndlr : Jean-Fran\u00e7ois Pi\u00e8ge et H\u00e9l\u00e8ne Darroze, entre autres, font partie des fid\u00e8les) jusqu\u2019au grand public en passant par les \u00e9l\u00e8ves des \u00e9coles de cuisine.\u00a0<\/p>\n<p class=\" wall-content\">Mais pourquoi se rendre ici plut\u00f4t que dans une librairie \u00ab\u00a0classique\u00a0\u00bb ?\u00a0 \u00ab\u00a0Nous avons une profondeur de gamme que l\u2019on ne retrouve pas ailleurs, avance D\u00e9borah. Mais surtout, nous apportons un vrai conseil. Nous allons \u00eatre capables en posant des questions aux clients de leur trouver le livre dont ils ont besoin qui ne serait pas forc\u00e9ment celui qu\u2019ils voulaient au d\u00e9part. Ce qui est vraiment important \u00e0 mes yeux, c\u2019est que le livre ne dorme pas ensuite sur l\u2019\u00e9tag\u00e8re\u00a0\u00bb.\u00a0<\/p>\n<p class=\" wall-content\">Sachant que les cuisiniers amateurs s\u2019essaient \u00e0 une ou trois recette par livre en moyenne, autant ne pas se tromper\u2026La profusion d\u2019ouvrages de recettes fait d\u2019ailleurs que l\u2019on peut facilement s\u2019y perdre. Une vraie d\u00e9ferlante aliment\u00e9e notamment par des livres de recettes \u00e0 faire avec des appareils de cuisine.\u00a0<\/p>\n<p class=\" wall-content\">Dans ce choix corn\u00e9lien, un ouvrage est-il \u00e0 conseiller ? \u00ab\u00a0La d\u00e9licieuse cuisine fran\u00e7aise de Joseph Viola avec 150 recettes de cuisine fran\u00e7aise est parfait pour s\u2019essayer aux grands classiques du dimanche midi\u00a0\u00bb, recommande D\u00e9borah.\u00a0<\/p>\n<p class=\" wall-content\">Cette derni\u00e8re organise \u00e9galement des d\u00e9dicaces. Nora Bouazzouni viendra ainsi samedi 24 mai entre 16h et 18h signer son livre sur les violences en cuisine, qui sera en librairie \u00e0 partir du mercredi 21 mai.<\/p>\n<p><a href=\"https:\/\/www.librairiegourmande.fr\/\" target=\"_blank\" rel=\"noopener\">Librairie Gourmande<\/a> \u2013 50 rue Vavin 75006 Paris<\/p>\n<p class=\" wall-content\">Suivez toute l\u2019actualit\u00e9 de vos villes et m\u00e9dias favoris en vous inscrivant \u00e0 <a href=\"https:\/\/moncompte.actu.fr\" title=\"D\u00e9couvez Mon Actu\" rel=\"nofollow noopener\" data-trk=\"{&quot;cta&quot;:{&quot;action&quot;:&quot;https:\\\/\\\/moncompte.actu.fr&quot;,&quot;category&quot;:&quot;mon compte&quot;,&quot;from&quot;:&quot;article footer&quot;,&quot;name&quot;:&quot;Mon actu&quot;,&quot;type&quot;:&quot;cta&quot;}}\" target=\"_blank\">Mon Actu<\/a>.<\/p>\n","protected":false},"excerpt":{"rendered":"Par Thomas Martin Publi\u00e9 le 17 mai 2025 \u00e0 7h34 L\u2019endroit idoine. Pour ses 40 ans, la Librairie&hellip;\n","protected":false},"author":2,"featured_media":107771,"comment_status":"","ping_status":"","sticky":false,"template":"","format":"standard","meta":{"footnotes":""},"categories":[1888],"tags":[1111,1928,11,1927,215,902,1777,674,1011,27,1652,11674,12,1926,626,1925,25],"class_list":{"0":"post-107770","1":"post","2":"type-post","3":"status-publish","4":"format-standard","5":"has-post-thumbnail","7":"category-paris","8":"tag-actu","9":"tag-actu-paris","10":"tag-actualites","11":"tag-actualites-paris","12":"tag-commerce","13":"tag-cuisine","14":"tag-eu","15":"tag-europe","16":"tag-fr","17":"tag-france","18":"tag-loisirs-culture","19":"tag-montparnasse","20":"tag-news","21":"tag-news-paris","22":"tag-paris","23":"tag-paris-news","24":"tag-republique-francaise"},"share_on_mastodon":{"url":"https:\/\/pubeurope.com\/@fr\/114525084246501204","error":""},"_links":{"self":[{"href":"https:\/\/www.europesays.com\/fr\/wp-json\/wp\/v2\/posts\/107770","targetHints":{"allow":["GET"]}}],"collection":[{"href":"https:\/\/www.europesays.com\/fr\/wp-json\/wp\/v2\/posts"}],"about":[{"href":"https:\/\/www.europesays.com\/fr\/wp-json\/wp\/v2\/types\/post"}],"author":[{"embeddable":true,"href":"https:\/\/www.europesays.com\/fr\/wp-json\/wp\/v2\/users\/2"}],"replies":[{"embeddable":true,"href":"https:\/\/www.europesays.com\/fr\/wp-json\/wp\/v2\/comments?post=107770"}],"version-history":[{"count":0,"href":"https:\/\/www.europesays.com\/fr\/wp-json\/wp\/v2\/posts\/107770\/revisions"}],"wp:featuredmedia":[{"embeddable":true,"href":"https:\/\/www.europesays.com\/fr\/wp-json\/wp\/v2\/media\/107771"}],"wp:attachment":[{"href":"https:\/\/www.europesays.com\/fr\/wp-json\/wp\/v2\/media?parent=107770"}],"wp:term":[{"taxonomy":"category","embeddable":true,"href":"https:\/\/www.europesays.com\/fr\/wp-json\/wp\/v2\/categories?post=107770"},{"taxonomy":"post_tag","embeddable":true,"href":"https:\/\/www.europesays.com\/fr\/wp-json\/wp\/v2\/tags?post=107770"}],"curies":[{"name":"wp","href":"https:\/\/api.w.org\/{rel}","templated":true}]}}