{"id":107772,"date":"2025-05-17T20:34:35","date_gmt":"2025-05-17T20:34:35","guid":{"rendered":"https:\/\/www.europesays.com\/fr\/107772\/"},"modified":"2025-05-17T20:34:35","modified_gmt":"2025-05-17T20:34:35","slug":"dumornay-et-diani-font-le-show-paulina-dudek-prend-leau-les-tops-et-les-flops","status":"publish","type":"post","link":"https:\/\/www.europesays.com\/fr\/107772\/","title":{"rendered":"Dumornay et Diani font le show, Paulina Dudek prend l\u2019eau&#8230; Les tops et les flops"},"content":{"rendered":"<p>Malgr\u00e9 une bonne premi\u00e8re mi-temps, les joueuses de la capitale sont tomb\u00e9es sur un OL conqu\u00e9rant qui a remport\u00e9 son 18e titre de Champion de France (3-0). D\u00e9couvrez ce qui a plu, et d\u00e9plu, \u00e0 notre r\u00e9daction.<\/p>\n<p class=\"fig-paragraph\">TOPS<\/p>\n<p>Dumornay\/Diani, duo infernal<\/p>\n<p class=\"fig-paragraph\">Align\u00e9e \u00e0 droite puis recentr\u00e9e apr\u00e8s la blessure de Van de Donk \u00e0 la demi-heure de jeu, Kadidiatou Diani en a fait voir de toutes les couleurs \u00e0 la d\u00e9fense parisienne. C\u2019est pourtant bien Dumornay qui ouvrait le score \u00e0 la 47e, profitant d\u2019un service cinq \u00e9toiles de Lindsey Horan-Heaps. En seconde p\u00e9riode, l\u2019attaquante de 30 ans doublait la mise de mani\u00e8re chanceuse (voir plus bas) pour assommer les joueuses de la capitale. Avec Marie-Antoinette Katoto, mise au ban dans son club formateur, l\u2019OL poss\u00e9derait un trio de feu.\u00a0<a href=\"http:\/\/www.lefigaro.fr\/sports\/football\/foot-f-front-contre-front-une-altercation-eclate-entre-katoto-et-le-directeur-sportif-du-psg-20250507\" data-fig-type=\"NewsFlash\" data-gtm-custom-categorie=\"navigation\" data-gtm-custom-action=\"crossclick\" data-gtm-custom-label=\"Contextuel\" data-gtm-event=\"customEventSPE\" data-fig-domain=\"LEFIGARO\" target=\"_blank\" rel=\"noopener\">La Parisienne est en fin de contrat cet \u00e9t\u00e9<\/a>, et la rumeur d\u2019un transfert dans le Rh\u00f4ne ne cesse de prendre de l\u2019\u00e9paisseur ces derni\u00e8res semaines.<\/p>\n<p>Wendie Renard tient la baraque<\/p>\n<p class=\"fig-paragraph\">L\u2019eau mouille, le feu br\u00fble et Wendie Renard domine le Championnat de France. Depuis bient\u00f4t 20 ans, la d\u00e9fenseure d\u2019origine martiniquaise ne cesse d\u2019impressionner par sa taille (1m87), certes, mais \u00e9galement par son sens du placement et de la relance. Elle a encore \u00e9t\u00e9 brillante dans ce secteur ce vendredi, alternant avec brio jeu court et jeu long. Si elle a tr\u00e8s peu \u00e9t\u00e9 sollicit\u00e9e globalement,\u00a0<a href=\"http:\/\/www.lefigaro.fr\/flash-actu\/foot-f-touchee-a-un-pied-wendie-renard-ne-disputera-pas-son-500e-match-avec-l-ol-face-au-paris-fc-ce-samedi-20250411\" data-fig-type=\"NewsFlash\" data-gtm-custom-categorie=\"navigation\" data-gtm-custom-action=\"crossclick\" data-gtm-custom-label=\"Contextuel\" data-gtm-event=\"customEventSPE\" data-fig-domain=\"LEFIGARO\" target=\"_blank\" rel=\"noopener\">la joueuse aux 500 matches avec l\u2019OL<\/a>\u00a0a \u00e9t\u00e9 juste et s\u2019est m\u00eame offert un but sur penalty dans les arr\u00eats de jeu apr\u00e8s une main de Oc\u00e9ane Hurtr\u00e9. La panenka \u00e9tait sans doute un peu manqu\u00e9e mais personne ne lui en voudra ce soir.<\/p>\n<p class=\"fig-paragraph\">FLOPS<\/p>\n<p>Le calvaire de Romee Leuchter<\/p>\n<p class=\"fig-paragraph\">Entre Vanessa Gilles et Wendie Renard, on peut dire que la N\u00e9erlandaise \u00e9tait bien gard\u00e9e. Elle est tout de m\u00eame parvenue \u00e0 toucher quelques ballons (29), sans parvenir \u00e0 les rendre proprement la plupart du temps (70% de passes r\u00e9ussies, 10 ballons perdus). Dans la cr\u00e9ation d\u2019occasion, elle a souffert de la comparaison avec Kanjinga, beaucoup plus mobile malgr\u00e9 du d\u00e9chet. \u00c9tonnamment, c\u2019est elle qui a jou\u00e9 l\u2019int\u00e9gralit\u00e9 de la rencontre. Sans doute Paulo Cesar avait-il encore en t\u00eate son but assorti d\u2019une passe d\u00e9cisive au match pr\u00e9c\u00e9dent\u00a0<a href=\"http:\/\/www.lefigaro.fr\/sports\/football\/arkema-premiere-ligue-le-psg-domine-le-paris-fc-et-rejoint-lyon-en-finale-du-championnat-20250511\" data-fig-type=\"NewsFlash\" data-gtm-custom-categorie=\"navigation\" data-gtm-custom-action=\"crossclick\" data-gtm-custom-label=\"Contextuel\" data-gtm-event=\"customEventSPE\" data-fig-domain=\"LEFIGARO\" target=\"_blank\" rel=\"noopener\">face au Paris FC<\/a>\u00a0(3-0).<\/p>\n<p>Paulina Dudek, capitaine abandonn\u00e9e<\/p>\n<p class=\"fig-paragraph\">On a senti d\u00e8s les premiers duels entre Kadidiatou Diani et Paulina Dudek une certaine f\u00e9brilit\u00e9 chez la capitaine du PSG. Elle s\u2019est ensuite plut\u00f4t bien reprise jusqu\u2019\u00e0 ce que l\u2019internationale fran\u00e7aise ne d\u00e9coche une frappe entre les jambes de la Polonaise, qui d\u00e9viait le ballon hors de port\u00e9e de sa gardienne Mary Eaps (80e). La d\u00e9fense parisienne encaissait finalement un dernier but dans les arr\u00eats de jeu qui rendait l\u2019addition sans doute un peu trop cors\u00e9 par rapport \u00e0 la physionomie de la partie. Il en est ainsi\u00a0: n\u2019oublions pas que\u00a0<a href=\"http:\/\/www.lefigaro.fr\/sports\/football\/ligue-1\/foot-apres-la-defaite-en-coupe-de-france-le-psg-ecarte-l-entraineur-de-l-equipe-feminine-abriel-20250505\" data-fig-type=\"NewsFlash\" data-gtm-custom-categorie=\"navigation\" data-gtm-custom-action=\"crossclick\" data-gtm-custom-label=\"Contextuel\" data-gtm-event=\"customEventSPE\" data-fig-domain=\"LEFIGARO\" target=\"_blank\" rel=\"noopener\">Paulo Cesar<\/a>\u00a0travaille un syst\u00e8me \u00e0 trois d\u00e9fenseures depuis seulement deux semaines.<\/p>\n","protected":false},"excerpt":{"rendered":"Malgr\u00e9 une bonne premi\u00e8re mi-temps, les joueuses de la capitale sont tomb\u00e9es sur un OL conqu\u00e9rant qui a&hellip;\n","protected":false},"author":2,"featured_media":107773,"comment_status":"","ping_status":"","sticky":false,"template":"","format":"standard","meta":{"footnotes":""},"categories":[1888],"tags":[1111,1928,11,1927,454,69,448,83,451,64,1777,450,449,674,1011,27,452,453,66,446,447,22551,12,1926,978,626,1925,70,93,25,455],"class_list":{"0":"post-107772","1":"post","2":"type-post","3":"status-publish","4":"format-standard","5":"has-post-thumbnail","7":"category-paris","8":"tag-actu","9":"tag-actu-paris","10":"tag-actualites","11":"tag-actualites-paris","12":"tag-ballon-dor","13":"tag-bundesliga","14":"tag-champions-league","15":"tag-coupe-de-france","16":"tag-coupe-du-monde","17":"tag-equipe-de-france","18":"tag-eu","19":"tag-euro","20":"tag-europa-league","21":"tag-europe","22":"tag-fr","23":"tag-france","24":"tag-italie","25":"tag-liga","26":"tag-ligue-1","27":"tag-ligue-2","28":"tag-ligue-des-champions","29":"tag-marie-antoinette-katoto","30":"tag-news","31":"tag-news-paris","32":"tag-olympique-lyonnais","33":"tag-paris","34":"tag-paris-news","35":"tag-premier-league","36":"tag-psg","37":"tag-republique-francaise","38":"tag-uefa"},"share_on_mastodon":{"url":"https:\/\/pubeurope.com\/@fr\/114525088267436703","error":""},"_links":{"self":[{"href":"https:\/\/www.europesays.com\/fr\/wp-json\/wp\/v2\/posts\/107772","targetHints":{"allow":["GET"]}}],"collection":[{"href":"https:\/\/www.europesays.com\/fr\/wp-json\/wp\/v2\/posts"}],"about":[{"href":"https:\/\/www.europesays.com\/fr\/wp-json\/wp\/v2\/types\/post"}],"author":[{"embeddable":true,"href":"https:\/\/www.europesays.com\/fr\/wp-json\/wp\/v2\/users\/2"}],"replies":[{"embeddable":true,"href":"https:\/\/www.europesays.com\/fr\/wp-json\/wp\/v2\/comments?post=107772"}],"version-history":[{"count":0,"href":"https:\/\/www.europesays.com\/fr\/wp-json\/wp\/v2\/posts\/107772\/revisions"}],"wp:featuredmedia":[{"embeddable":true,"href":"https:\/\/www.europesays.com\/fr\/wp-json\/wp\/v2\/media\/107773"}],"wp:attachment":[{"href":"https:\/\/www.europesays.com\/fr\/wp-json\/wp\/v2\/media?parent=107772"}],"wp:term":[{"taxonomy":"category","embeddable":true,"href":"https:\/\/www.europesays.com\/fr\/wp-json\/wp\/v2\/categories?post=107772"},{"taxonomy":"post_tag","embeddable":true,"href":"https:\/\/www.europesays.com\/fr\/wp-json\/wp\/v2\/tags?post=107772"}],"curies":[{"name":"wp","href":"https:\/\/api.w.org\/{rel}","templated":true}]}}