{"id":107780,"date":"2025-05-17T20:38:12","date_gmt":"2025-05-17T20:38:12","guid":{"rendered":"https:\/\/www.europesays.com\/fr\/107780\/"},"modified":"2025-05-17T20:38:12","modified_gmt":"2025-05-17T20:38:12","slug":"ukraine-trump-annonce-quil-va-parler-a-poutine-pour-mettre-fin-au-bain-de-sang-actualites","status":"publish","type":"post","link":"https:\/\/www.europesays.com\/fr\/107780\/","title":{"rendered":"Ukraine: Trump annonce qu&rsquo;il va parler \u00e0 Poutine pour \u00ab\u00a0mettre fin au bain de sang\u00a0\u00bb : Actualit\u00e9s"},"content":{"rendered":"<p class=\"lead \">Donald Trump a annonc\u00e9 qu&rsquo;il parlerait lundi \u00e0 son homologue russe pour \u00ab\u00a0mettre fin au bain de sang\u00a0\u00bb en Ukraine, apr\u00e8s que la Russie a soulign\u00e9 samedi qu&rsquo;il n&rsquo;y aurait pas de rencontre Poutine-Zelensky sans \u00ab\u00a0accords\u00a0\u00bb entre Moscou et Kiev, difficilement envisageables pour l&rsquo;heure.<\/p>\n<p class=\"lead \">Au lendemain des premiers pourparlers de paix entre Ukrainiens et Russes depuis 2022, qui n&rsquo;ont pas abouti \u00e0 une tr\u00eave, l&rsquo;arm\u00e9e russe a sur le terrain continu\u00e9 \u00e0 bombarder l&rsquo;Ukraine, tuant notamment neuf personnes dans le nord, selon les autorit\u00e9s locales.<\/p>\n<p class=\"lead \">Donald Trump a d\u00e9clar\u00e9 samedi qu&rsquo;il parlerait par t\u00e9l\u00e9phone lundi \u00e0 son homologue russe Vladimir Poutine pour \u00e9voquer une fin \u00e0 la guerre, avant de parler \u00e0 l&rsquo;Ukrainien Volodymyr Zelensky et \u00e0 plusieurs dirigeants d&rsquo;Etats membres de l&rsquo;Otan.<\/p>\n<p class=\"lead \">Objectif de l&rsquo;appel entre MM. Trump et Poutine: \u00ab\u00a0Mettre fin au +bain de sang+\u00a0\u00bb, a d\u00e9clar\u00e9 le pr\u00e9sident am\u00e9ricain sur sa plateforme Truth Social.<\/p>\n<p class=\"lead \">Il esp\u00e8re que ce sera \u00ab\u00a0une journ\u00e9e productive\u00a0\u00bb, \u00ab\u00a0qu&rsquo;un cessez-le-feu aura lieu\u00a0\u00bb et \u00ab\u00a0que cette guerre tr\u00e8s violente &#8211; une guerre qui n&rsquo;aurait jamais d\u00fb se produire &#8211; prenne fin\u00a0\u00bb.<\/p>\n<p class=\"lead \">Le chef de la diplomatie am\u00e9ricaine, Marco Rubio, a lui salu\u00e9 l&rsquo;annonce d&rsquo;un \u00e9change de prisonniers entre la Russie et l&rsquo;Ukraine, lors d&rsquo;un appel samedi avec son homologue russe Sergue\u00ef Lavrov.<\/p>\n<p class=\"lead \">Dans une interview \u00e0 la cha\u00eene CBS, le secr\u00e9taire d&rsquo;Etat a \u00e9galement rapport\u00e9 les d\u00e9clarations de Sergue\u00ef Lavrov, selon lequel Moscou pr\u00e9pare un document comprenant les exigences russes en vue d&rsquo;un cessez-le-feu.<\/p>\n<p class=\"lead \">Si Moscou peut fournir des propositions \u00ab\u00a0s\u00e9rieuses et viables\u00a0\u00bb, alors il y aura eu \u00ab\u00a0un r\u00e9el progr\u00e8s, et nous pourrons partir de l\u00e0\u00a0\u00bb, a ajout\u00e9 Marco Rubio.<\/p>\n<p class=\"lead \">&#8211; Positions inconciliables &#8211;<\/p>\n<p class=\"lead \">Vendredi \u00e0 Istanbul, les premi\u00e8res discussions directes entre Ukrainiens et Russes depuis le d\u00e9but de la guerre avaient surtout mis en \u00e9vidence le foss\u00e9 \u00e0 combler pour mettre fin au conflit d\u00e9clench\u00e9 en f\u00e9vrier 2022.<\/p>\n<p class=\"lead \">C\u00f4t\u00e9 russe, Sergue\u00ef Lavrov a \u00ab\u00a0confirm\u00e9 la volont\u00e9 de Moscou de poursuivre la coop\u00e9ration\u00a0\u00bb avec les Am\u00e9ricains, ont indiqu\u00e9 ses services.<\/p>\n<p class=\"lead \">La veille, la d\u00e9l\u00e9gation ukrainienne avait principalement r\u00e9clam\u00e9 aux Russes un cessez-le-feu \u00ab\u00a0inconditionnel\u00a0\u00bb et une rencontre entre les pr\u00e9sidents des deux pays.<\/p>\n<p class=\"lead \">Elle n&rsquo;a obtenu qu&rsquo;un \u00e9change de 1.000 prisonniers de chaque camp, comme l&rsquo;ont confirm\u00e9 les n\u00e9gociateurs russes.<\/p>\n<p class=\"lead \">Samedi, le chef du renseignement militaire ukrainien, Kyrylo Boudanov, a dit \u00ab\u00a0esp\u00e9rer\u00a0\u00bb que cet \u00e9change ait lieu \u00ab\u00a0la semaine prochaine\u00a0\u00bb.<\/p>\n<p class=\"lead \">Au sujet d&rsquo;un \u00e9ventuel sommet Poutine-Zelensky, le porte-parole de la pr\u00e9sidence russe, Dmitri Peskov, a clairement indiqu\u00e9 que la Russie n&rsquo;accepterait une telle rencontre &#8211; qui serait la premi\u00e8re depuis 2019 entre les deux hommes &#8211; qu&rsquo;une fois que les deux camps auraient trouv\u00e9 des \u00ab\u00a0accords\u00a0\u00bb sur le conflit.<\/p>\n<p class=\"lead \">Or, en l&rsquo;\u00e9tat, comme l&rsquo;a montr\u00e9 la r\u00e9union d&rsquo;Istanbul, qui a dur\u00e9 moins de deux heures, les positions restent inconciliables.<\/p>\n<p class=\"lead \">Le Kremlin maintient des revendications maximalistes : que l&rsquo;Ukraine renonce \u00e0 rejoindre l&rsquo;Otan, abandonne quatre de ses r\u00e9gions partiellement contr\u00f4l\u00e9es par la Russie, en plus de la Crim\u00e9e annex\u00e9e en 2014, et que cessent les livraisons d&rsquo;armes occidentales.<\/p>\n<p class=\"lead \">L&rsquo;Ukraine rejette fermement ces exigences, demandant que l&rsquo;arm\u00e9e russe, qui occupe toujours pr\u00e8s de 20% de son territoire, s&rsquo;en retire.<\/p>\n<p class=\"lead \">De nouvelles discussions directes ne seront possibles qu&rsquo;une fois l&rsquo;\u00e9change de prisonniers r\u00e9alis\u00e9, a soulign\u00e9 samedi Dmitri Peskov.<\/p>\n<p class=\"lead \">&#8211; \u00ab\u00a0Sanctions s\u00e9v\u00e8res\u00a0\u00bb &#8211;<\/p>\n<p class=\"lead \">Ces derni\u00e8res semaines, Moscou a rejet\u00e9 \u00e0 plusieurs reprises l&rsquo;offre ukrainienne de cessez-le-feu, malgr\u00e9 la pression des Europ\u00e9ens et des Etats-Unis.<\/p>\n<p class=\"lead \">Vendredi, le n\u00e9gociateur russe Medinski a cit\u00e9 Napol\u00e9on pour expliquer le refus de Moscou: \u00ab\u00a0+La guerre et les n\u00e9gociations doivent \u00eatre men\u00e9es simultan\u00e9ment+\u00a0\u00bb, a-t-il d\u00e9clar\u00e9.<\/p>\n<p class=\"lead \">Volodymyr Zelensky a annonc\u00e9 samedi avoir eu un \u00ab\u00a0bon\u00a0\u00bb \u00e9change avec le Premier ministre canadien Mark Carney, qu&rsquo;il rencontrait pour la premi\u00e8re fois.<\/p>\n<p class=\"lead \">\u00ab\u00a0La priorit\u00e9 absolue est de faire pression sur la Russie afin qu&rsquo;elle prenne des mesures concr\u00e8tes pour mettre fin \u00e0 la guerre\u00a0\u00bb, a indiqu\u00e9 M. Zelensky sur les r\u00e9seaux sociaux, assurant avoir discut\u00e9 \u00ab\u00a0en d\u00e9tail\u00a0\u00bb avec M. Carney de \u00ab\u00a0sanctions qui pourraient \u00eatre efficaces\u00a0\u00bb contre la Russie. \u00ab\u00a0Les prochaines sanctions contre la Russie doivent \u00eatre fortes\u00a0\u00bb et porter notamment \u00ab\u00a0sur l&rsquo;\u00e9nergie\u00a0\u00bb.<\/p>\n<p class=\"lead \">Dans ce contexte, les hostilit\u00e9s se poursuivent sur le terrain.<\/p>\n<p class=\"lead \">Un drone russe a \u00ab\u00a0frapp\u00e9\u00a0\u00bb dans la nuit un minibus dans la r\u00e9gion de Soumy (nord), faisant au moins neuf morts et sept bless\u00e9s selon les autorit\u00e9s ukrainiennes.<\/p>\n<p class=\"lead \">Volodymyr Zelensky a d\u00e9nonc\u00e9 \u00ab\u00a0un assassinat d\u00e9lib\u00e9r\u00e9 de civils\u00a0\u00bb et appel\u00e9 Etats-Unis et UE \u00e0 des \u00ab\u00a0sanctions s\u00e9v\u00e8res\u00a0\u00bb contre Moscou.<\/p>\n<p class=\"lead \">Sur le front o\u00f9 elle progresse petit \u00e0 petit, l&rsquo;arm\u00e9e russe a elle revendiqu\u00e9 la prise de la localit\u00e9 d&rsquo;Alexandropil dans la r\u00e9gion ukrainienne de Donetsk (est).<\/p>\n<p class=\"small font-weight-bold text-gray3 \"> publi\u00e9 le 17 mai \u00e0 21h29, AFP<\/p>\n<p>                             Partager<\/p>\n","protected":false},"excerpt":{"rendered":"Donald Trump a annonc\u00e9 qu&rsquo;il parlerait lundi \u00e0 son homologue russe pour \u00ab\u00a0mettre fin au bain de sang\u00a0\u00bb&hellip;\n","protected":false},"author":2,"featured_media":107781,"comment_status":"","ping_status":"","sticky":false,"template":"","format":"standard","meta":{"footnotes":""},"categories":[1590],"tags":[11,10268,574,2120,312,1777,674,12,807,132,3496,1778,220,308],"class_list":{"0":"post-107780","1":"post","2":"type-post","3":"status-publish","4":"format-standard","5":"has-post-thumbnail","7":"category-ukraine","8":"tag-actualites","9":"tag-arme","10":"tag-canada","11":"tag-conflit","12":"tag-diplomatie","13":"tag-eu","14":"tag-europe","15":"tag-news","16":"tag-prisonniers","17":"tag-russie","18":"tag-turquie","19":"tag-ue","20":"tag-ukraine","21":"tag-usa"},"share_on_mastodon":{"url":"https:\/\/pubeurope.com\/@fr\/114525106172243558","error":""},"_links":{"self":[{"href":"https:\/\/www.europesays.com\/fr\/wp-json\/wp\/v2\/posts\/107780","targetHints":{"allow":["GET"]}}],"collection":[{"href":"https:\/\/www.europesays.com\/fr\/wp-json\/wp\/v2\/posts"}],"about":[{"href":"https:\/\/www.europesays.com\/fr\/wp-json\/wp\/v2\/types\/post"}],"author":[{"embeddable":true,"href":"https:\/\/www.europesays.com\/fr\/wp-json\/wp\/v2\/users\/2"}],"replies":[{"embeddable":true,"href":"https:\/\/www.europesays.com\/fr\/wp-json\/wp\/v2\/comments?post=107780"}],"version-history":[{"count":0,"href":"https:\/\/www.europesays.com\/fr\/wp-json\/wp\/v2\/posts\/107780\/revisions"}],"wp:featuredmedia":[{"embeddable":true,"href":"https:\/\/www.europesays.com\/fr\/wp-json\/wp\/v2\/media\/107781"}],"wp:attachment":[{"href":"https:\/\/www.europesays.com\/fr\/wp-json\/wp\/v2\/media?parent=107780"}],"wp:term":[{"taxonomy":"category","embeddable":true,"href":"https:\/\/www.europesays.com\/fr\/wp-json\/wp\/v2\/categories?post=107780"},{"taxonomy":"post_tag","embeddable":true,"href":"https:\/\/www.europesays.com\/fr\/wp-json\/wp\/v2\/tags?post=107780"}],"curies":[{"name":"wp","href":"https:\/\/api.w.org\/{rel}","templated":true}]}}