{"id":1077911,"date":"2026-07-21T02:35:17","date_gmt":"2026-07-21T02:35:17","guid":{"rendered":"https:\/\/www.europesays.com\/fr\/1077911\/"},"modified":"2026-07-21T02:35:17","modified_gmt":"2026-07-21T02:35:17","slug":"trois-hommes-mis-en-examen-apres-le-meurtre-de-florian-tue-par-balle-dans-une-voiture-a-lest-de-nantes","status":"publish","type":"post","link":"https:\/\/www.europesays.com\/fr\/1077911\/","title":{"rendered":"Trois hommes mis en examen apr\u00e8s le meurtre de Florian, tu\u00e9 par balle dans une voiture \u00e0 l\u2019est de Nantes"},"content":{"rendered":"<p>\n                Article premium,<br \/>\n                    R\u00e9serv\u00e9 aux\u00a0abonn\u00e9s\n            <\/p>\n<p class=\"su-standfirst chapeau\">L\u2019enqu\u00eate sur ce drame, qui a co\u00fbt\u00e9 la vie \u00e0 un jeune homme de 19\u00a0ans sur le parking du centre commercial Paridis, le dimanche 28\u00a0juin, a tr\u00e8s vite progress\u00e9. La police judiciaire a interpell\u00e9 deux suspects, mardi 7\u00a0juillet, et plac\u00e9 en garde \u00e0 vue un troisi\u00e8me homme en fin de semaine derni\u00e8re. Ils sont tous les trois en d\u00e9tention provisoire.<\/p>\n<p>                                        <img decoding=\"async\" class=\"su-media\" src=\"https:\/\/www.europesays.com\/fr\/wp-content\/uploads\/2026\/07\/MjAyNjA3ZjFiMjFkZmM3NTdlYTY3NTYzNzg2ZmU1MTJkYTQ1ZDc.webp\" alt=\"Le jeune homme de 19\u00a0ans est d\u00e9c\u00e9d\u00e9 dans une voiture sur le parking du centre commercial Paridis, route de Paris, \u00e0 Nantes, le dimanche 28\u00a0juin. Il s\u2019agissait du cinqui\u00e8me meurtre par balle \u00e0 Nantes depuis le d\u00e9but de l\u2019ann\u00e9e.\"  \/><\/p>\n<p>                            Le jeune homme de 19\u00a0ans est d\u00e9c\u00e9d\u00e9 dans une voiture sur le parking du centre commercial Paridis, route de Paris, \u00e0 Nantes, le dimanche 28\u00a0juin. Il s\u2019agissait du cinqui\u00e8me meurtre par balle \u00e0 Nantes depuis le d\u00e9but de l\u2019ann\u00e9e. | FRANCK DUBRAY \/ OUEST FRANCE<\/p>\n<p>                            fermer<\/p>\n<ul class=\"su-row su-carrousel-container su-not-list\" data-suswipe=\"{\" rambo=\"\" .carrousel-nav-bas=\"\" .item=\"\">\n<li class=\"su-col-xs-6 su-col-md-24 carrousel-contenu su-carrousel-item\" data-ofvwidth=\"{\" mobileonly=\"\"><img decoding=\"async\" data-ofmaxheight=\"\" class=\"su-media lazyload\" alt=\"Le jeune homme de 19\u00a0ans est d\u00e9c\u00e9d\u00e9 dans une voiture sur le parking du centre commercial Paridis, route de Paris, \u00e0 Nantes, le dimanche 28\u00a0juin. Il s\u2019agissait du cinqui\u00e8me meurtre par balle \u00e0 Nantes depuis le d\u00e9but de l\u2019ann\u00e9e.\" src=\"data:image\/png;base64,iVBORw0KGgoAAAANSUhEUgAAABAAAAAJCAYAAAA7KqwyAAAAGXRFWHRTb2Z0d2FyZQBBZG9iZSBJbWFnZVJlYWR5ccllPAAAABhJREFUeNpi\/P\/\/PwMlgHHUgFEDgAAgwAD+lBrvy+NcxAAAAABJRU5ErkJggg==\" data-oflazyload=\"{&quot;srcset&quot;:&quot;https:\/\/media.ouest-france.fr\/v1\/pictures\/MjAyNjA3ZjFiMjFkZmM3NTdlYTY3NTYzNzg2ZmU1MTJkYTQ1ZDc?width=320&amp;focuspoint=50%2C25&amp;cropresize=1&amp;client_id=bpeditorial&amp;sign=f9d802e930fbceacd4e08831802a089c5fea500b76fb26a534263e37bf610888 320w,https:\/\/media.ouest-france.fr\/v1\/pictures\/MjAyNjA3ZjFiMjFkZmM3NTdlYTY3NTYzNzg2ZmU1MTJkYTQ1ZDc?width=375&amp;focuspoint=50%2C25&amp;cropresize=1&amp;client_id=bpeditorial&amp;sign=ba06409ca9995a1af8de8594d501df5cebb2fe8dae0547bab163f286da817c86 360w,https:\/\/media.ouest-france.fr\/v1\/pictures\/MjAyNjA3ZjFiMjFkZmM3NTdlYTY3NTYzNzg2ZmU1MTJkYTQ1ZDc?width=480&amp;focuspoint=50%2C25&amp;cropresize=1&amp;client_id=bpeditorial&amp;sign=4005bc001b387e6b3658c72ed2e86c16df686325fccfe7b45e1fa5fffbefa9f6 480w,https:\/\/media.ouest-france.fr\/v1\/pictures\/MjAyNjA3ZjFiMjFkZmM3NTdlYTY3NTYzNzg2ZmU1MTJkYTQ1ZDc?width=630&amp;focuspoint=50%2C25&amp;cropresize=1&amp;client_id=bpeditorial&amp;sign=35d9c57d4f99ffbd97f6b980d990c2148da14cd193ac6237c10ee975042983dc 630w,https:\/\/media.ouest-france.fr\/v1\/pictures\/MjAyNjA3ZjFiMjFkZmM3NTdlYTY3NTYzNzg2ZmU1MTJkYTQ1ZDc?width=940&amp;focuspoint=50%2C25&amp;cropresize=1&amp;client_id=bpeditorial&amp;sign=265cec6f0326c4e3925ca02b3b2ab6cb8b3628c88972b482b460ec2a9c7bb7c1 940w,https:\/\/media.ouest-france.fr\/v1\/pictures\/MjAyNjA3ZjFiMjFkZmM3NTdlYTY3NTYzNzg2ZmU1MTJkYTQ1ZDc?width=1260&amp;focuspoint=50%2C25&amp;cropresize=1&amp;client_id=bpeditorial&amp;sign=327ce0f35e50f8071eb614931342e69e85e4cf863702fef7d0cceb6a1f19efc2 1260w&quot;}\"\/>Le jeune homme de 19\u00a0ans est d\u00e9c\u00e9d\u00e9 dans une voiture sur le parking du centre commercial Paridis, route de Paris, \u00e0 Nantes, le dimanche 28\u00a0juin. Il s\u2019agissait du cinqui\u00e8me meurtre par balle \u00e0 Nantes depuis le d\u00e9but de l\u2019ann\u00e9e. | FRANCK DUBRAY \/ OUEST FRANCE<\/li>\n<\/ul>\n<p>Une information judiciaire pour meurtre en bande organis\u00e9e et association de malfaiteurs a \u00e9t\u00e9 ouverte, vendredi 10\u00a0juillet, au p\u00f4le criminel du tribunal de Nantes, apr\u00e8s le meurtre d\u2019un jeune homme de 19\u00a0ans, <a href=\"https:\/\/www.ouest-france.fr\/societe\/faits-divers\/nouveau-drame-a-nantes-un-jeune-de-19-ans-a-ete-tue-par-balles-dans-la-nuit-77249106-72b2-11f1-a0e7-4fa27dc4c816\" target=\"_self\" rel=\"nofollow noopener\">tu\u00e9 par balle dans un v\u00e9hicule, dimanche 28\u00a0juin, sur le parking du centre commercial Paridis, \u00e0 Nantes<\/a>. Trois hommes, \u00e2g\u00e9s de 20 \u00e0 25\u00a0ans, ont \u00e9t\u00e9 interpell\u00e9s, mis en examen et plac\u00e9s en d\u00e9tention provisoire, a-t-on appris ce lundi 20\u00a0juillet.<\/p>\n<p>Les deux premiers suspects ont \u00e9t\u00e9 arr\u00eat\u00e9s mardi 7\u00a0juillet par les policiers de la Division de la criminalit\u00e9 organis\u00e9e et sp\u00e9cialis\u00e9e\u00a0(DCOS) et de la brigade de recherche et d\u2019intervention. Un troisi\u00e8me homme&#8230;<\/p>\n<p style=\"text-align: center; background-color: #dbbe4d; padding-top: 5px; padding-bottom: 5px; font-size: 14px;\"><strong>D\u00e9j\u00e0 abonn\u00e9 ? <\/strong><a data-trkartmonet=\"Identification\" data-trk-sipa=\"{\" blockcategory=\"\" paywall=\"\" href=\"http:\/\/www.ouest-france.fr\/login?redirect=https:\/\/www.ouest-france.fr\/faits-divers\/meurtres\/trois-hommes-mis-en-examen-apres-le-meurtre-de-florian-tue-par-balle-dans-une-voiture-a-lest-de-nantes-43b09c14-7c1e-11f1-b616-dddac7a26294\" rel=\"nofollow noopener\" title=\"Se connecter \u00e0 Ouest-France\" class=\"su-link-light\" target=\"_blank\">Connectez-vous<\/a><\/p>\n<p style=\"text-align: center; padding-top: 15px; padding-bottom: 8px; vertical-align: bottom;\">bloqu\u00e9<strong> Pour lire la suite, abonnez-vous<\/strong><\/p>\n<p style=\"text-align: center;\"><strong>1er mois \u00e0 1\u20ac<\/strong><\/p>\n<p style=\"text-align: center; margin-top: -5px;\">Annulable \u00e0 tout moment<\/p>\n<p style=\"text-align: center;\">\u00a0<\/p>\n<p style=\"text-align: center;\"><a data-ida=\"\" data-trkartmonet=\"Tunnel OF+\" data-trk-sipa=\"{&#010;\" blockcategory=\"\" paywall=\"\" :=\"\" m=\"\" of=\"\" class=\"su-button su-subscription\" data-trk-bloc=\"paywall\" href=\"https:\/\/abonnement.ouest-france.fr\/tunnel\/pack-essentiel-article\/122096117101?int_medium=lien&amp;int_campaign=PWFR0225-OF&amp;int_content=page-article-payant_boutonjaune-paywall&amp;marquesource=OF&amp;rt=https:\/\/www.ouest-france.fr\/faits-divers\/meurtres\/trois-hommes-mis-en-examen-apres-le-meurtre-de-florian-tue-par-balle-dans-une-voiture-a-lest-de-nantes-43b09c14-7c1e-11f1-b616-dddac7a26294\" rel=\"nofollow noopener\" target=\"_blank\"><strong>Je m&rsquo;abonne<\/strong><\/a><\/p>\n<p style=\"text-align: center; padding-top: 10px; padding-bottom: 10px;\"><img decoding=\"async\" src=\"https:\/\/media.ouest-france.fr\/v1\/fonts\/be7723fcee3f1866f1ce99184077fc6f-carte-bancaire.svg?height=36\" alt=\"CB\"\/>\u00a0\u00a0<img decoding=\"async\" src=\"https:\/\/media.ouest-france.fr\/v1\/fonts\/1819d54c599d8afa64539cfba4ac9dde-rib.svg?height=36\" alt=\"RIB\"\/>\u00a0\u00a0<img decoding=\"async\" src=\"https:\/\/media.ouest-france.fr\/v1\/fonts\/065fc80d7b6a03d14a834c224ce723e1-paypal.svg?height=36\" alt=\"PAYPAL\"\/><\/p>\n","protected":false},"excerpt":{"rendered":"Article premium, R\u00e9serv\u00e9 aux\u00a0abonn\u00e9s L\u2019enqu\u00eate sur ce drame, qui a co\u00fbt\u00e9 la vie \u00e0 un jeune homme de&hellip;\n","protected":false},"author":2,"featured_media":1077912,"comment_status":"","ping_status":"","sticky":false,"template":"","format":"standard","meta":{"footnotes":"","_share_on_mastodon":"0"},"categories":[2818],"tags":[1111,11,3862,1777,674,118,1011,27,303,3047,28152,766,12,2636,1072,25],"class_list":["post-1077911","post","type-post","status-publish","format-standard","has-post-thumbnail","category-nantes","tag-actu","tag-actualites","tag-carquefou","tag-eu","tag-europe","tag-faits-divers","tag-fr","tag-france","tag-justice","tag-loire-atlantique","tag-meurtres","tag-nantes","tag-news","tag-pays-de-la-loire","tag-police","tag-republique-francaise"],"share_on_mastodon":{"url":"https:\/\/pubeurope.com\/@fr\/116955640761483794","error":""},"_links":{"self":[{"href":"https:\/\/www.europesays.com\/fr\/wp-json\/wp\/v2\/posts\/1077911","targetHints":{"allow":["GET"]}}],"collection":[{"href":"https:\/\/www.europesays.com\/fr\/wp-json\/wp\/v2\/posts"}],"about":[{"href":"https:\/\/www.europesays.com\/fr\/wp-json\/wp\/v2\/types\/post"}],"author":[{"embeddable":true,"href":"https:\/\/www.europesays.com\/fr\/wp-json\/wp\/v2\/users\/2"}],"replies":[{"embeddable":true,"href":"https:\/\/www.europesays.com\/fr\/wp-json\/wp\/v2\/comments?post=1077911"}],"version-history":[{"count":0,"href":"https:\/\/www.europesays.com\/fr\/wp-json\/wp\/v2\/posts\/1077911\/revisions"}],"wp:featuredmedia":[{"embeddable":true,"href":"https:\/\/www.europesays.com\/fr\/wp-json\/wp\/v2\/media\/1077912"}],"wp:attachment":[{"href":"https:\/\/www.europesays.com\/fr\/wp-json\/wp\/v2\/media?parent=1077911"}],"wp:term":[{"taxonomy":"category","embeddable":true,"href":"https:\/\/www.europesays.com\/fr\/wp-json\/wp\/v2\/categories?post=1077911"},{"taxonomy":"post_tag","embeddable":true,"href":"https:\/\/www.europesays.com\/fr\/wp-json\/wp\/v2\/tags?post=1077911"}],"curies":[{"name":"wp","href":"https:\/\/api.w.org\/{rel}","templated":true}]}}