{"id":107798,"date":"2025-05-17T20:48:08","date_gmt":"2025-05-17T20:48:08","guid":{"rendered":"https:\/\/www.europesays.com\/fr\/107798\/"},"modified":"2025-05-17T20:48:08","modified_gmt":"2025-05-17T20:48:08","slug":"alexandre-strehlau-latout-offensif-de-tours-face-a-poitiers-en-finale-de-marmara-spikeligue","status":"publish","type":"post","link":"https:\/\/www.europesays.com\/fr\/107798\/","title":{"rendered":"Alexandre Strehlau, l&rsquo;atout offensif de Tours face \u00e0 Poitiers en finale de Marmara SpikeLigue"},"content":{"rendered":"<p>Malgr\u00e9 la distance et le d\u00e9calage horaire avec le Japon, Earvin Ngapeth ne ratera rien de la finale retour de MSL. Depuis Osaka, o\u00f9 il dispute actuellement la Ligue des champions asiatique avec <a href=\"https:\/\/www.lequipe.fr\/Volley-ball\/Actualites\/Apres-la-turquie-earvin-ngapeth-va-s-engager-pour-une-nouvelle-pige-en-iran\/1558460\" notaddlevel=\"true\" target=\"_blank\" rel=\"nofollow noopener\">le club iranien de Sirjan le temps d&rsquo;une pige<\/a>, il pourra suivre le duel entre Tours et Poitiers, ce samedi soir. Entre le club de ses d\u00e9buts pros (2008-2011) et celui de sa ville, avec lequel il a illumin\u00e9 le d\u00e9but du Championnat, le double champion olympique fran\u00e7ais sait que la dynamique tend plut\u00f4t vers le TVB.<\/p>\n<p>Battu dans sa salle samedi dernier \u00e0 l&rsquo;aller (1-3), l&rsquo;Alterna SPVB devra r\u00e9aliser un coup monumental dans le palais des sports Robert-Grenon, annonc\u00e9 sold-out depuis plusieurs jours et o\u00f9 les 3\u00a0200 spectateurs attendus ont pour consigne de venir tout de bleu v\u00eatu : remporter le match puis un set en or de 15 points pour d\u00e9partager les deux \u00e9quipes. Cette dramaturgie s&rsquo;\u00e9tait av\u00e9r\u00e9e fatale en finale l&rsquo;an pass\u00e9 pour les Tourangeaux, vainqueurs \u00e0 domicile face \u00e0 Saint-Nazaire (3-2) mais d\u00e9faits au golden set (12-15). <\/p>\n<p>La bande \u00e0 Dan Lewis, reboost\u00e9e par l&rsquo;arriv\u00e9e en fin de saison du surpuissant pointu slov\u00e8ne &#8211; <a href=\"https:\/\/www.lequipe.fr\/Volley-ball\/Actualites\/Tours-engage-nik-mujanovic-pour-la-saison-prochaine\/1557578\" notaddlevel=\"true\" target=\"_blank\" rel=\"nofollow noopener\">et futur joueur de Tours<\/a> &#8211; Nik Mujanovic, devra notamment envoyer du lourd au service pour emp\u00eacher l&rsquo;escouade de Marcelo Fronckowiak, qui dirige sa huiti\u00e8me finale en quatre saisons toutes comp\u00e9titions confondues, d&rsquo;\u00e9crire une nouvelle page d&rsquo;histoire du volley hexagonal. Avec une dixi\u00e8me couronne nationale, le TVB \u00e9galerait en effet le record d\u00e9tenu par l&rsquo;AS Cannes, quand Poitiers r\u00eave d&rsquo;un troisi\u00e8me sacre apr\u00e8s 1999 et 2011.<\/p>\n","protected":false},"excerpt":{"rendered":"Malgr\u00e9 la distance et le d\u00e9calage horaire avec le Japon, Earvin Ngapeth ne ratera rien de la finale&hellip;\n","protected":false},"author":2,"featured_media":107799,"comment_status":"","ping_status":"","sticky":false,"template":"","format":"standard","meta":{"footnotes":""},"categories":[1417],"tags":[1011,27,60,1470,1469],"class_list":{"0":"post-107798","1":"post","2":"type-post","3":"status-publish","4":"format-standard","5":"has-post-thumbnail","7":"category-volley","8":"tag-fr","9":"tag-france","10":"tag-sports","11":"tag-volley","12":"tag-volleyball"},"share_on_mastodon":{"url":"https:\/\/pubeurope.com\/@fr\/114525143321181251","error":""},"_links":{"self":[{"href":"https:\/\/www.europesays.com\/fr\/wp-json\/wp\/v2\/posts\/107798","targetHints":{"allow":["GET"]}}],"collection":[{"href":"https:\/\/www.europesays.com\/fr\/wp-json\/wp\/v2\/posts"}],"about":[{"href":"https:\/\/www.europesays.com\/fr\/wp-json\/wp\/v2\/types\/post"}],"author":[{"embeddable":true,"href":"https:\/\/www.europesays.com\/fr\/wp-json\/wp\/v2\/users\/2"}],"replies":[{"embeddable":true,"href":"https:\/\/www.europesays.com\/fr\/wp-json\/wp\/v2\/comments?post=107798"}],"version-history":[{"count":0,"href":"https:\/\/www.europesays.com\/fr\/wp-json\/wp\/v2\/posts\/107798\/revisions"}],"wp:featuredmedia":[{"embeddable":true,"href":"https:\/\/www.europesays.com\/fr\/wp-json\/wp\/v2\/media\/107799"}],"wp:attachment":[{"href":"https:\/\/www.europesays.com\/fr\/wp-json\/wp\/v2\/media?parent=107798"}],"wp:term":[{"taxonomy":"category","embeddable":true,"href":"https:\/\/www.europesays.com\/fr\/wp-json\/wp\/v2\/categories?post=107798"},{"taxonomy":"post_tag","embeddable":true,"href":"https:\/\/www.europesays.com\/fr\/wp-json\/wp\/v2\/tags?post=107798"}],"curies":[{"name":"wp","href":"https:\/\/api.w.org\/{rel}","templated":true}]}}