{"id":1077981,"date":"2026-07-21T03:28:19","date_gmt":"2026-07-21T03:28:19","guid":{"rendered":"https:\/\/www.europesays.com\/fr\/1077981\/"},"modified":"2026-07-21T03:28:19","modified_gmt":"2026-07-21T03:28:19","slug":"thales-noue-un-partenariat-strategique-avec-destinus-pour-developper-de-nouvelles-capacites-de-protection-et-de-frappe-zone-militaire","status":"publish","type":"post","link":"https:\/\/www.europesays.com\/fr\/1077981\/","title":{"rendered":"Thales noue un partenariat strat\u00e9gique avec Destinus pour d\u00e9velopper de nouvelles capacit\u00e9s de protection et de frappe &#8211; Zone Militaire"},"content":{"rendered":"<ol>\n<li><a href=\"https:\/\/news.google.com\/rss\/articles\/CBMi6gFBVV95cUxPTFhxZ0VfWFFSdkwzV0N1Y1FNZFhMTWVQSVNudFM3MkdWS0RVTTRGY2FZRDRsZXdIV2pNeE5OcXNYb1VBQmNSR2Z2bmZha0RPY0ptdzJHQzQtLVYzbmo5aEszQTVSSGUyeHJibldIVVR6NWp1alcwRjlmcGJBVExMcTAxMjlST3pHV004eDIxV3FvTlh3dDNPbDdSQks1LUt3Z2ExbFVNd0RZcmEzYzRNcTdBVHNuOVY2R0cwSklDeE1KcmxuYXgxa1g0WHpReTNlNEFxU0tOcDY1WW82Q1pQZjdzYkdkcnRROEE?oc=5\" target=\"_blank\" rel=\"nofollow noopener\">Thales noue un partenariat strat\u00e9gique avec Destinus pour d\u00e9velopper de nouvelles capacit\u00e9s de protection et de frappe<\/a>&nbsp;&nbsp;Zone Militaire<\/li>\n<li><a href=\"https:\/\/news.google.com\/rss\/articles\/CBMi3wFBVV95cUxPMktOSjJoVUpsTW5zTG9vMGFLUWtKOHlwbjF5NWdOU3Y2ZV83cERmSnItNHQxMXBMZDBoOW1oeS1LSHlWaDNJckttS1RlU1FJY1dEMXFhNWVHdC1RVWVpeU8xVTBBVFlBclotODFHYkVlTXVFczFyYnY4WnllUEpmR01NX2M1NmVidGJHSmdRYWJLLVpUcW9TT29JTlpVSktNb3ZQa2FHOGhabzhYWTZ0cmEtWmxVTlpOT1ByU1lHMl9LODA2WHROSVZTcHd0U0paa0QwOGhkWTkxQjFKX0ow?oc=5\" target=\"_blank\" rel=\"nofollow noopener\">Thales s&rsquo;allie \u00e0 Destinus pour d\u00e9velopper une d\u00e9fense a\u00e9rienne multicouche europ\u00e9enne<\/a>&nbsp;&nbsp;Zonebourse<\/li>\n<li><a href=\"https:\/\/news.google.com\/rss\/articles\/CBMitwFBVV95cUxPYkhPbnlDV0w1eGlVM1M3SmstTEVHcGlRLUVhR1lzRW1tbGJDWGE1dnlPNkRKN0FFbjVvMTBfQ1UyVER0Vy12bklHWDREdE01MV9VN01waEYxeEZkTGV1Z083dk0tOF9CNndnd0o0SHhPNGt3UWJxa0tuNkdBT1pMSG9lejN2T01RZ2h0TVNPQXNJRTFYWFpaaUNpZGtHb3NzcVZWRWQwM2lYVENoZ3FpTVJVUWZGQTA?oc=5\" target=\"_blank\" rel=\"nofollow noopener\">Thales et Destinus concluent un partenariat strat\u00e9gique<\/a>&nbsp;&nbsp;Boursier.com<\/li>\n<li><a href=\"https:\/\/news.google.com\/rss\/articles\/CBMiigFBVV95cUxOUlhfRlozdG0zWW5PNlVoRmtHYTVvdms0RmVqRWw2bU84d0t6eHQ4WFJqaEhUT1lfcTIyZ0xRaEtVM0NldU10T3hRbWIwRmVPempFWkJRMTNwVzZBSXE4U0I5UXVva25ubzRXYy1XMnQ5T2VjSXR5WnFEMmYtTXZNZEdrd2w4aDVNYnc?oc=5\" target=\"_blank\" rel=\"nofollow noopener\">Thales et Destinus s\u2019associent dans la d\u00e9fense a\u00e9rienne.<\/a>&nbsp;&nbsp;Theatrum Belli<\/li>\n<li><a href=\"https:\/\/news.google.com\/rss\/articles\/CBMilwFBVV95cUxORDhUajVLelhKUWVmem5pRXpZWVgwS0g2RVMyZjd4MVh0Mm5RblFKVHpCeDY5Uk9qcVY0TE5xaE85aDZGcWJJeC00dzhrSUVVUTZTMjZic0JueTh4MGRxNWVmTTJUb3dMamowbmY5Sk54V1ZzY1F3T2NPSEQ3TkluYTRSTndyVm5zX0NOT1J0TlNqdEhHcHJN?oc=5\" target=\"_blank\" rel=\"nofollow noopener\">Action Thales : nouveau partenariat militaire avec Destinus<\/a>&nbsp;&nbsp;XTB.com<\/li>\n<\/ol>\n","protected":false},"excerpt":{"rendered":"Thales noue un partenariat strat\u00e9gique avec Destinus pour d\u00e9velopper de nouvelles capacit\u00e9s de protection et de frappe&nbsp;&nbsp;Zone Militaire&hellip;\n","protected":false},"author":2,"featured_media":1077982,"comment_status":"","ping_status":"","sticky":false,"template":"","format":"standard","meta":{"footnotes":"","_share_on_mastodon":"0"},"categories":[6],"tags":[35,15470,110252,33,34,111461,1011,27,11731,693,2766,717,544],"class_list":["post-1077981","post","type-post","status-publish","format-standard","has-post-thumbnail","category-economie","tag-business","tag-defense-aerienne","tag-destinus","tag-economie","tag-economy","tag-effecteur","tag-fr","tag-france","tag-frappe","tag-industrie","tag-partenariat","tag-technologie","tag-thales"],"share_on_mastodon":{"url":"https:\/\/pubeurope.com\/@fr\/116955847464528121","error":""},"_links":{"self":[{"href":"https:\/\/www.europesays.com\/fr\/wp-json\/wp\/v2\/posts\/1077981","targetHints":{"allow":["GET"]}}],"collection":[{"href":"https:\/\/www.europesays.com\/fr\/wp-json\/wp\/v2\/posts"}],"about":[{"href":"https:\/\/www.europesays.com\/fr\/wp-json\/wp\/v2\/types\/post"}],"author":[{"embeddable":true,"href":"https:\/\/www.europesays.com\/fr\/wp-json\/wp\/v2\/users\/2"}],"replies":[{"embeddable":true,"href":"https:\/\/www.europesays.com\/fr\/wp-json\/wp\/v2\/comments?post=1077981"}],"version-history":[{"count":0,"href":"https:\/\/www.europesays.com\/fr\/wp-json\/wp\/v2\/posts\/1077981\/revisions"}],"wp:featuredmedia":[{"embeddable":true,"href":"https:\/\/www.europesays.com\/fr\/wp-json\/wp\/v2\/media\/1077982"}],"wp:attachment":[{"href":"https:\/\/www.europesays.com\/fr\/wp-json\/wp\/v2\/media?parent=1077981"}],"wp:term":[{"taxonomy":"category","embeddable":true,"href":"https:\/\/www.europesays.com\/fr\/wp-json\/wp\/v2\/categories?post=1077981"},{"taxonomy":"post_tag","embeddable":true,"href":"https:\/\/www.europesays.com\/fr\/wp-json\/wp\/v2\/tags?post=1077981"}],"curies":[{"name":"wp","href":"https:\/\/api.w.org\/{rel}","templated":true}]}}