{"id":107804,"date":"2025-05-17T20:52:08","date_gmt":"2025-05-17T20:52:08","guid":{"rendered":"https:\/\/www.europesays.com\/fr\/107804\/"},"modified":"2025-05-17T20:52:08","modified_gmt":"2025-05-17T20:52:08","slug":"le-retour-de-martin-guerre","status":"publish","type":"post","link":"https:\/\/www.europesays.com\/fr\/107804\/","title":{"rendered":"Le retour de Martin Guerre"},"content":{"rendered":"<p>Alors on imagine que tu es champion du monde avec un team satellite, un typhon dans l&rsquo;histoire b\u00e9ate des teams officiels. En milieu d&rsquo;ann\u00e9e 2024, tu n&rsquo;es pas encore titr\u00e9 mais tu te bats pour et tu te bats bien, tu apprends que la marque pour laquelle tu cours, tu r\u00eaves \u00e9videmment d&rsquo;y monter en team factory, t&rsquo;a pr\u00e9f\u00e9r\u00e9 un Marquez six fois champion du monde MotoGP \u00e0 un Martin titr\u00e9 une fois. Tu jures de te venger et tu le fais, tu bats le candidat officiel de Ducati facory. Au moment de l&rsquo;humiliation, car c&rsquo;en est une quand on ne te prend pas en factory, par col\u00e8re tu vas signer une autre marque. La col\u00e8re \u00e7a peut \u00eatre une amie quand tu es en baston, c&rsquo;est toujours une ennemie destructrice quand elle g\u00e8re ta vie. Il y avait clairement \u00e0 ce moment-l\u00e0 une possibilit\u00e9 de continuer avec Pramac sur la meilleure moto du monde, mais on trouve \u00e7a minable non, tu veux punir la marque qui t&rsquo;humilie. Et ceux que tu vas voir sont dans un bonheur inattendu, un futur champion du monde te tombe dans les bras ! Donc erreur de Martin, erreur d&rsquo;Aprilia, on ne signe rien en \u00e9tat de gr\u00e2ce, la vie est un rapport de force permanent o\u00f9 il faut pr\u00e9voir le pire surtout quand tout va bien. M\u00eame dans les mots <strong>\u00a0\u00ab\u00a0coup de foudre \u00bb<\/strong> il faut se souvenir qu&rsquo;il y a la foudre ! Donc faute de Martin qui change de cr\u00e8merie, faute de la cr\u00e8merie qui se laisse arracher une clause de sortie de Martin au cas o\u00f9, au GP de France 2025, le pilote ne serait pas en position de se battre pour le titre. Mais au d\u00e9part tout va bien. Sauf que Martin se gaufre s\u00e9v\u00e8re d\u00e8s les premiers tours de roue. Nouvelle humiliation d&rsquo;un champion du monde qui regarde les GP \u00e0 la TV ! On sait qu&rsquo;un motard doit croire \u00e0 sa bonne \u00e9toile, il est superstitieux comme l&rsquo;\u00e9taient (et le sont toujours un peu d&rsquo;ailleurs) les marins Terre-Neuvas. Et quand un d\u00e9but d&rsquo;histoire qui pouvait \u00eatre immense part tout de suite en live, forc\u00e9ment, on doute. <strong>On doute du destin, chose bien plus ample qu&rsquo;un simple chrono sur un tour rapide<\/strong> (on voit le d\u00e9sastre que produit ce genre de sensation sur Bagnaia depuis le d\u00e9but de la saison !). Martin est hors-jeu, ce qui est d\u00e9j\u00e0 insupportable. Martin doute du destin c&rsquo;est encore plus insupportable. On ne saura jamais s&rsquo;il doute des capacit\u00e9s d&rsquo;Aprilia, on en fait toute une histoire alors que l&rsquo;histoire n&rsquo;est pas l\u00e0. Aprilia n&rsquo;est pas coupable, Martin est en plein doute et son manager vient lui proposer une autre fa\u00e7on de vivre. Comment dire non ?\u00a0<\/p>\n<p>La suite apr\u00e8s cette publicit\u00e9<\/p>\n","protected":false},"excerpt":{"rendered":"Alors on imagine que tu es champion du monde avec un team satellite, un typhon dans l&rsquo;histoire b\u00e9ate&hellip;\n","protected":false},"author":2,"featured_media":107805,"comment_status":"","ping_status":"","sticky":false,"template":"","format":"standard","meta":{"footnotes":""},"categories":[1413],"tags":[17,5828,1011,27,4268,1457,1456,1458,22559,60],"class_list":{"0":"post-107804","1":"post","2":"type-post","3":"status-publish","4":"format-standard","5":"has-post-thumbnail","7":"category-moto","8":"tag-17","9":"tag-aprilia","10":"tag-fr","11":"tag-france","12":"tag-martin","13":"tag-moto","14":"tag-motocycle","15":"tag-motogp","16":"tag-plaidoyer","17":"tag-sports"},"share_on_mastodon":{"url":"https:\/\/pubeurope.com\/@fr\/114525158951764538","error":""},"_links":{"self":[{"href":"https:\/\/www.europesays.com\/fr\/wp-json\/wp\/v2\/posts\/107804","targetHints":{"allow":["GET"]}}],"collection":[{"href":"https:\/\/www.europesays.com\/fr\/wp-json\/wp\/v2\/posts"}],"about":[{"href":"https:\/\/www.europesays.com\/fr\/wp-json\/wp\/v2\/types\/post"}],"author":[{"embeddable":true,"href":"https:\/\/www.europesays.com\/fr\/wp-json\/wp\/v2\/users\/2"}],"replies":[{"embeddable":true,"href":"https:\/\/www.europesays.com\/fr\/wp-json\/wp\/v2\/comments?post=107804"}],"version-history":[{"count":0,"href":"https:\/\/www.europesays.com\/fr\/wp-json\/wp\/v2\/posts\/107804\/revisions"}],"wp:featuredmedia":[{"embeddable":true,"href":"https:\/\/www.europesays.com\/fr\/wp-json\/wp\/v2\/media\/107805"}],"wp:attachment":[{"href":"https:\/\/www.europesays.com\/fr\/wp-json\/wp\/v2\/media?parent=107804"}],"wp:term":[{"taxonomy":"category","embeddable":true,"href":"https:\/\/www.europesays.com\/fr\/wp-json\/wp\/v2\/categories?post=107804"},{"taxonomy":"post_tag","embeddable":true,"href":"https:\/\/www.europesays.com\/fr\/wp-json\/wp\/v2\/tags?post=107804"}],"curies":[{"name":"wp","href":"https:\/\/api.w.org\/{rel}","templated":true}]}}