{"id":1078092,"date":"2026-07-21T04:49:27","date_gmt":"2026-07-21T04:49:27","guid":{"rendered":"https:\/\/www.europesays.com\/fr\/1078092\/"},"modified":"2026-07-21T04:49:27","modified_gmt":"2026-07-21T04:49:27","slug":"il-incarne-gaza-khalil-al-hayya-le-survivant-elu-a-la-tete-dun-hamas-decime","status":"publish","type":"post","link":"https:\/\/www.europesays.com\/fr\/1078092\/","title":{"rendered":"\u00abIl incarne Gaza\u00bb : Khalil al-Hayya, le survivant \u00e9lu \u00e0 la t\u00eate d\u2019un Hamas d\u00e9cim\u00e9"},"content":{"rendered":"<p>\n    <strong>PORTRAIT<\/strong> &#8211; Proche de l\u2019Iran, h\u00e9ritier politique de Yahya\u00a0Sinwar et principal n\u00e9gociateur du mouvement islamiste, le dirigeant gazaoui est charg\u00e9 de n\u00e9gocier la survie du Hamas.<\/p>\n<p class=\"fig-paragraph\">Le 9 septembre 2025, Khalil Al-Hayya examinait \u00e0 Doha une nouvelle proposition am\u00e9ricaine de cessez-le-feu\u00a0<a href=\"http:\/\/www.lefigaro.fr\/international\/qatar-plusieurs-explosions-entendues-a-doha-ou-israel-affirme-avoir-frappe-des-dirigeants-du-hamas-20250909\" data-fig-type=\"NewsFlash\" data-gtm-custom-categorie=\"navigation\" data-gtm-custom-action=\"crossclick\" data-gtm-custom-label=\"Contextuel\" data-gtm-event=\"customEventSPE\" data-fig-domain=\"LEFIGARO\" rel=\"nofollow noopener\" target=\"_blank\">lorsque les missiles isra\u00e9liens ont frapp\u00e9 la r\u00e9sidence o\u00f9 se r\u00e9unissaient les dirigeants du Hamas<\/a>. Le n\u00e9gociateur a surv\u00e9cu, mais son fils a \u00e9t\u00e9 tu\u00e9. Quelques mois plus tard, le survivant est devenu chef d\u2019un Hamas dont les \u00e9tats-majors politique et militaire ont \u00e9t\u00e9 presque enti\u00e8rement d\u00e9capit\u00e9s. Il lui revient d\u00e9sormais de n\u00e9gocier le futur du mouvement\u00a0: le sort de ses armes, son maintien \u00e0 Gaza et les conditions du retrait isra\u00e9lien.<\/p>\n<p class=\"fig-paragraph\">Men\u00e9 dans le plus grand secret, le scrutin a r\u00e9uni les diff\u00e9rentes branches territoriales du mouvement. Il succ\u00e8de ce lundi 20 juillet \u00e0\u00a0<a href=\"http:\/\/www.lefigaro.fr\/international\/qui-etait-mohammed-sinwar-le-chef-presume-du-hamas-qu-israel-affirme-avoir-tue-20250528\" data-fig-type=\"Article\" data-gtm-custom-categorie=\"navigation\" data-gtm-custom-action=\"crossclick\" data-gtm-custom-label=\"Contextuel\" data-gtm-event=\"customEventSPE\" data-fig-domain=\"LEFIGARO\" rel=\"nofollow noopener\" target=\"_blank\">Yahya Sinwar<\/a>, architecte du 7-Octobre, tu\u00e9 en octobre 2024 par l\u2019arm\u00e9e isra\u00e9lienne. Son \u00e9lection n\u2019annonce ni rupture doctrinale ni conversion diplomatique. Elle consacre la victoire de la direction gazaouie et pro-iranienne sur la vieille garde ext\u00e9rieure incarn\u00e9e par Khaled\u00a0Mechaal, son rival, qui a pass\u00e9 dix-sept\u2026<\/p>\n<p class=\"fig-premium-paywall__infos\">\n        Cet article est r\u00e9serv\u00e9 aux abonn\u00e9s.        Il vous reste 87% \u00e0 d\u00e9couvrir.\n    <\/p>\n<p>                <img  data- alt=\"Le Figaro\" class=\"fig-img--complete fig-img\"\/><\/p>\n<p class=\"fig-premium-paywall__title\">Vous avez envie de lire la suite ?<\/p>\n<p class=\"fig-premium-paywall__subtitle\">D\u00e9bloquez tous les articles imm\u00e9diatement.<\/p>\n<p class=\"fig-premium-paywall__connect\">\n                D\u00e9j\u00e0 abonn\u00e9\u00a0?                <a class=\"fig-premium-paywall__connect-link\" href=\"https:\/\/connect.lefigaro.fr\/login?client=horizon_web&amp;type=main&amp;redirect_uri=https%3A%2F%2Fwww.lefigaro.fr%2Finternational%2Fil-incarne-gaza-khalil-al-hayya-le-survivant-charge-de-negocier-la-survie-du-hamas-20260720\" data-js-gtm=\"{&quot;event&quot;:&quot;customEventGA4&quot;,&quot;eventName&quot;:&quot;click_action&quot;,&quot;feature&quot;:&quot;paywall&quot;,&quot;location&quot;:&quot;paywall&quot;,&quot;button_action&quot;:&quot;connect&quot;,&quot;click_text&quot;:&quot;Connectez-vous&quot;}\" rel=\"nofollow noopener\" target=\"_blank\"><br \/>\n                    Connectez-vous<br \/>\n                <\/a>\n            <\/p>\n","protected":false},"excerpt":{"rendered":"PORTRAIT &#8211; Proche de l\u2019Iran, h\u00e9ritier politique de Yahya\u00a0Sinwar et principal n\u00e9gociateur du mouvement islamiste, le dirigeant gazaoui&hellip;\n","protected":false},"author":2,"featured_media":1078093,"comment_status":"","ping_status":"","sticky":false,"template":"","format":"standard","meta":{"footnotes":"","_share_on_mastodon":"0"},"categories":[5],"tags":[11,1011,27,665,3519,14,12,28],"class_list":["post-1078092","post","type-post","status-publish","format-standard","has-post-thumbnail","category-international","tag-actualites","tag-fr","tag-france","tag-gaza","tag-hamas","tag-international","tag-news","tag-world"],"share_on_mastodon":{"url":"https:\/\/pubeurope.com\/@fr\/116956166065058107","error":""},"_links":{"self":[{"href":"https:\/\/www.europesays.com\/fr\/wp-json\/wp\/v2\/posts\/1078092","targetHints":{"allow":["GET"]}}],"collection":[{"href":"https:\/\/www.europesays.com\/fr\/wp-json\/wp\/v2\/posts"}],"about":[{"href":"https:\/\/www.europesays.com\/fr\/wp-json\/wp\/v2\/types\/post"}],"author":[{"embeddable":true,"href":"https:\/\/www.europesays.com\/fr\/wp-json\/wp\/v2\/users\/2"}],"replies":[{"embeddable":true,"href":"https:\/\/www.europesays.com\/fr\/wp-json\/wp\/v2\/comments?post=1078092"}],"version-history":[{"count":0,"href":"https:\/\/www.europesays.com\/fr\/wp-json\/wp\/v2\/posts\/1078092\/revisions"}],"wp:featuredmedia":[{"embeddable":true,"href":"https:\/\/www.europesays.com\/fr\/wp-json\/wp\/v2\/media\/1078093"}],"wp:attachment":[{"href":"https:\/\/www.europesays.com\/fr\/wp-json\/wp\/v2\/media?parent=1078092"}],"wp:term":[{"taxonomy":"category","embeddable":true,"href":"https:\/\/www.europesays.com\/fr\/wp-json\/wp\/v2\/categories?post=1078092"},{"taxonomy":"post_tag","embeddable":true,"href":"https:\/\/www.europesays.com\/fr\/wp-json\/wp\/v2\/tags?post=1078092"}],"curies":[{"name":"wp","href":"https:\/\/api.w.org\/{rel}","templated":true}]}}