{"id":107814,"date":"2025-05-17T20:57:28","date_gmt":"2025-05-17T20:57:28","guid":{"rendered":"https:\/\/www.europesays.com\/fr\/107814\/"},"modified":"2025-05-17T20:57:28","modified_gmt":"2025-05-17T20:57:28","slug":"le-polisario-a-la-recherche-dun-nouvel-idiot-utile","status":"publish","type":"post","link":"https:\/\/www.europesays.com\/fr\/107814\/","title":{"rendered":"Le Polisario \u00e0 la recherche d\u2019un nouvel idiot utile !"},"content":{"rendered":"<p>\t\t\tCinquante-deux ans apr\u00e8s sa cr\u00e9ation sous la protection militaire alg\u00e9rienne, le Front Polisario appara\u00eet plus fractur\u00e9 que jamais. Le mouvement s\u00e9paratiste, en perte de vitesse et \u00e0 bout de souffle, cherche d\u00e9sesp\u00e9r\u00e9ment \u00e0 se r\u00e9inventer. Son chef, Brahim Ghali, symbole d\u2019un \u00e9chec patent, est d\u00e9sormais ouvertement contest\u00e9 par ses propres miliciens qui exigent son d\u00e9part pour \u00ab sauver ce qui peut l\u2019\u00eatre \u00bb. Un \u00e9ni\u00e8me sursaut d\u2019une organisation min\u00e9e par les luttes de clans, instrumentalis\u00e9e par Alger et incapable de masquer son isolement international.<\/p>\n<p style=\"text-align: justify;\">Le 10 mai dernier, \u00e0 l\u2019occasion de l\u2019anniversaire de la cr\u00e9ation de ce qui se pr\u00e9tend une \u00ab r\u00e9publique sahraouie \u00bb jamais reconnue par les grandes puissances, une p\u00e9tition interne a circul\u00e9 dans les camps de Tindouf, r\u00e9clamant un \u00ab congr\u00e8s extraordinaire \u00bb avant septembre 2025. Une initiative r\u00e9v\u00e9latrice d\u2019un mouvement en crise, incapable de convaincre sa propre base apr\u00e8s des d\u00e9cennies d\u2019impasse strat\u00e9gique. Les initiateurs de cette fronde, tous issus de l\u2019appareil politique ou militaire du Polisario, appellent \u00e0 une \u00ab refondation \u00bb et \u00e0 la fin d\u2019un leadership us\u00e9 jusqu\u2019\u00e0 la corde. Une mani\u00e8re \u00e0 peine voil\u00e9e de pousser Ghali vers la sortie, accus\u00e9 d\u2019avoir enfonc\u00e9 le Front dans une fuite en avant arm\u00e9e depuis la rupture du cessez-le-feu en novembre 2020.<\/p>\n<p style=\"text-align: justify;\">Car la r\u00e9alit\u00e9 est crue : apr\u00e8s avoir d\u00e9clench\u00e9 une vaine escalade militaire contre le Maroc dans la zone d\u2019El Guerguerat, sous la pression d\u2019Alger, Ghali a livr\u00e9 le Polisario \u00e0 un isolement total. Ni l\u2019ONU, ni les grandes capitales, ni m\u00eame les partenaires africains n\u2019ont suivi. Pire, les appels r\u00e9currents des \u00c9tats-Unis \u00e0 cesser toute vell\u00e9it\u00e9 de d\u00e9stabilisation dans la r\u00e9gion ont \u00e9t\u00e9 ignor\u00e9s, au moment m\u00eame o\u00f9 des accointances entre des \u00e9l\u00e9ments du Polisario et des groupes terroristes sah\u00e9liens parrain\u00e9s par l\u2019Alg\u00e9rie sont r\u00e9guli\u00e8rement d\u00e9nonc\u00e9es par les observateurs internationaux.<\/p>\n<p><strong>Lire aussi :\u00a0<a style=\"color: #008000;\" href=\"https:\/\/maroc-diplomatique.net\/le-polisario-tente-la-russie-mais-moscou-resserre-ses-liens-avec-rabat\/\" target=\"_blank\" rel=\"noopener\">Le Polisario tente la Russie, mais Moscou resserre ses liens avec Rabat<\/a><\/strong><\/p>\n<p style=\"text-align: justify;\">Derri\u00e8re l\u2019apparente volont\u00e9 de \u00ab dialogue \u00bb et de \u00ab r\u00e9conciliation \u00bb pr\u00f4n\u00e9e par les signataires de la p\u00e9tition, une r\u00e9alit\u00e9 cynique se dessine : la recherche d\u2019un nouvel homme-lige, un autre \u00ab idiot utile \u00bb au service d\u2019une strat\u00e9gie de nuisance contre le Maroc. Les noms circulent d\u00e9j\u00e0. Le retour remarqu\u00e9 d\u2019Abdekader Taleb Omar \u00e0 Tindouf, apr\u00e8s une longue carri\u00e8re comme repr\u00e9sentant du Polisario \u00e0 Alger, n\u2019est pas anodin. Propuls\u00e9 r\u00e9cemment \u00e0 la t\u00eate du pseudo-minist\u00e8re de l\u2019\u00c9ducation, il appara\u00eet comme le favori du r\u00e9gime alg\u00e9rien pour succ\u00e9der \u00e0 Ghali. Une continuit\u00e9 parfaite dans la soumission \u00e0 l\u2019agenda d\u2019Alger.<\/p>\n<p style=\"text-align: justify;\">Cette man\u0153uvre n\u2019a rien d\u2019une surprise. Elle rappelle les appels similaires lanc\u00e9s d\u00e8s 2024 par Bachir Mustapha Sayed, fr\u00e8re du fondateur du Polisario, qui d\u00e9non\u00e7ait d\u00e9j\u00e0 l\u2019impasse mortelle dans laquelle Ghali avait plong\u00e9 le Front. Loin d\u2019un v\u00e9ritable aggiornamento, la strat\u00e9gie reste inchang\u00e9e : entretenir une agitation permanente contre le Maroc, \u00e9tendre l\u2019instabilit\u00e9 vers le Sahel, et pr\u00e9server co\u00fbte que co\u00fbte les int\u00e9r\u00eats g\u00e9ostrat\u00e9giques de l\u2019Alg\u00e9rie dans une r\u00e9gion d\u00e9j\u00e0 gangren\u00e9e par les r\u00e9seaux terroristes.<\/p>\n<p style=\"text-align: justify;\">La derni\u00e8re rencontre entre Ghali et le pr\u00e9sident alg\u00e9rien Abdelmadjid Tebboune, le 30 avril \u00e0 Alger, a d\u2019ailleurs confirm\u00e9 cette emprise. Quelques jours plus tard, Taleb Omar reprenait ses quartiers \u00e0 Tindouf, sous les yeux d\u2019une direction vieillissante qui tente de gagner du temps en promettant un hypoth\u00e9tique congr\u00e8s en janvier 2026. Mais dans les camps, la col\u00e8re monte. La jeunesse sahraouie, otage d\u2019une propagande \u00e9cul\u00e9e et priv\u00e9e d\u2019avenir, commence \u00e0 rejeter les manipulations de ceux qui, depuis Alger, exploitent leur d\u00e9sespoir.<\/p>\n<p style=\"text-align: justify;\">Face \u00e0 cette agitation st\u00e9rile, le Maroc poursuit son ancrage r\u00e9gional, fort du soutien de la communaut\u00e9 internationale \u00e0 son initiative d\u2019autonomie, d\u00e9sormais qualifi\u00e9e de \u00ab s\u00e9rieuse, cr\u00e9dible et r\u00e9aliste \u00bb par les grandes puissances. Alors que Rabat multiplie les succ\u00e8s diplomatiques en Afrique et au-del\u00e0, le Polisario s\u2019enlise dans ses contradictions, incapable d\u2019exister sans le parrainage alg\u00e9rien.<\/p>\n<p style=\"text-align: justify;\">Le Polisario cherche son prochain pantin. Mais les Sahraouis, eux, attendent la paix et la dignit\u00e9. Deux aspirations que seule une solution politique r\u00e9aliste, sous souverainet\u00e9 marocaine, peut d\u00e9sormais offrir.<\/p>\n","protected":false},"excerpt":{"rendered":"Cinquante-deux ans apr\u00e8s sa cr\u00e9ation sous la protection militaire alg\u00e9rienne, le Front Polisario appara\u00eet plus fractur\u00e9 que jamais.&hellip;\n","protected":false},"author":2,"featured_media":107815,"comment_status":"","ping_status":"","sticky":false,"template":"","format":"standard","meta":{"footnotes":""},"categories":[1358],"tags":[3185,15,1348,1384,1385,1386,58,22560,59,1011,27,18234,2223,22561],"class_list":{"0":"post-107814","1":"post","2":"type-post","3":"status-publish","4":"format-standard","5":"has-post-thumbnail","7":"category-arts-et-design","8":"tag-abdelmadjid-tebboune","9":"tag-algerie","10":"tag-arts","11":"tag-arts-and-design","12":"tag-arts-et-design","13":"tag-design","14":"tag-divertissement","15":"tag-el-guerguerat","16":"tag-entertainment","17":"tag-fr","18":"tag-france","19":"tag-lonu","20":"tag-maroc","21":"tag-polisario"},"share_on_mastodon":{"url":"https:\/\/pubeurope.com\/@fr\/114525178641506429","error":""},"_links":{"self":[{"href":"https:\/\/www.europesays.com\/fr\/wp-json\/wp\/v2\/posts\/107814","targetHints":{"allow":["GET"]}}],"collection":[{"href":"https:\/\/www.europesays.com\/fr\/wp-json\/wp\/v2\/posts"}],"about":[{"href":"https:\/\/www.europesays.com\/fr\/wp-json\/wp\/v2\/types\/post"}],"author":[{"embeddable":true,"href":"https:\/\/www.europesays.com\/fr\/wp-json\/wp\/v2\/users\/2"}],"replies":[{"embeddable":true,"href":"https:\/\/www.europesays.com\/fr\/wp-json\/wp\/v2\/comments?post=107814"}],"version-history":[{"count":0,"href":"https:\/\/www.europesays.com\/fr\/wp-json\/wp\/v2\/posts\/107814\/revisions"}],"wp:featuredmedia":[{"embeddable":true,"href":"https:\/\/www.europesays.com\/fr\/wp-json\/wp\/v2\/media\/107815"}],"wp:attachment":[{"href":"https:\/\/www.europesays.com\/fr\/wp-json\/wp\/v2\/media?parent=107814"}],"wp:term":[{"taxonomy":"category","embeddable":true,"href":"https:\/\/www.europesays.com\/fr\/wp-json\/wp\/v2\/categories?post=107814"},{"taxonomy":"post_tag","embeddable":true,"href":"https:\/\/www.europesays.com\/fr\/wp-json\/wp\/v2\/tags?post=107814"}],"curies":[{"name":"wp","href":"https:\/\/api.w.org\/{rel}","templated":true}]}}