{"id":10782,"date":"2025-04-08T17:43:22","date_gmt":"2025-04-08T17:43:22","guid":{"rendered":"https:\/\/www.europesays.com\/fr\/10782\/"},"modified":"2025-04-08T17:43:22","modified_gmt":"2025-04-08T17:43:22","slug":"une-centaine-de-migrants-qui-occupaient-un-gymnase-expulses-2","status":"publish","type":"post","link":"https:\/\/www.europesays.com\/fr\/10782\/","title":{"rendered":"Une centaine de migrants qui occupaient un gymnase expuls\u00e9s"},"content":{"rendered":"<p>Ils y avaient trouv\u00e9 refuge depuis le 28\u00a0novembre, vivant selon la mairie \u00ab\u00a0dans des conditions pr\u00e9caires.\u00a0\u00bb Ce lundi matin, une centaine de personnes, pour la plupart<a href=\"https:\/\/www.20minutes.fr\/dossier\/migrants\" class=\"color-ultramarine c-link\" target=\"_blank\" rel=\"noopener\"> des migrants<\/a>, ont \u00e9t\u00e9 expuls\u00e9es par la police du gymnase F\u00e9lix Masson \u00e0 Rennes. Au plus fort de l\u2019occupation, environ 170 personnes, dont des familles avec enfants, vivaient dans le b\u00e2timent municipal.<\/p>\n<p>Mais en raison de probl\u00e8mes de s\u00e9curit\u00e9 et de conditions de vies insalubres, la municipalit\u00e9 avait demand\u00e9 l\u2019\u00e9vacuation des lieux. Ce qu\u2019avait valid\u00e9 le tribunal administratif dans une ordonnance rendue le 17\u00a0mars, laissant aux occupants jusqu\u2019au 21\u00a0mars pour quitter les lieux. \u00ab\u00a0Faute d\u2019\u00e9volution de la situation depuis cette date, la municipalit\u00e9 a sollicit\u00e9 le concours de la force publique\u00a0\u00bb, souligne la pr\u00e9fecture <a href=\"https:\/\/www.20minutes.fr\/dossier\/ille_et_vilaine\" class=\"color-ultramarine c-link\" target=\"_blank\" rel=\"noopener\">d\u2019Ille-et-Vilaine<\/a>, pr\u00e9cisant que l\u2019op\u00e9ration s\u2019est d\u00e9roul\u00e9e \u00ab\u00a0sans incident.\u00a0\u00bb<\/p>\n<p>Des solutions d\u2019h\u00e9bergement pour quelques familles<\/p>\n<p>Selon la mairie, un recensement des personnes pr\u00e9sentes dans le gymnase avait identifi\u00e9 une dizaine de familles avec enfants mineurs qui \u00ab\u00a0se sont vu proposer une solution d\u2019h\u00e9bergement\u00a0\u00bb \u00e0 partir de ce lundi soir, pr\u00e9cise la ville. Selon Suzanne Mamet, coordinatrice de l\u2019association Utopia 56 \u00e0 Rennes, les solutions <a href=\"https:\/\/www.20minutes.fr\/dossier\/hebergement_d_urgence\" class=\"color-ultramarine c-link\" target=\"_blank\" rel=\"noopener\">d\u2019h\u00e9bergement d\u2019urgence<\/a> propos\u00e9es sont souvent limit\u00e9es \u00e0 une dur\u00e9e d\u2019une semaine, \u00ab\u00a0donc derri\u00e8re, \u00e7a fera des retours \u00e0 la rue directement apr\u00e8s.\u00a0\u00bb<\/p>\n<\/p>\n<p>Un grand nombre de personnes seules ainsi qu\u2019une famille n\u2019ont par ailleurs pas obtenu de solutions d\u2019h\u00e9bergement. Elles devraient rejoindre quelque 70 personnes qui vivent d\u00e9j\u00e0 sous des tentes dans un parc du nord de Rennes, dont une cinquantaine d\u2019enfants, a d\u00e9clar\u00e9 Suzanne Mamet.<\/p>\n","protected":false},"excerpt":{"rendered":"Ils y avaient trouv\u00e9 refuge depuis le 28\u00a0novembre, vivant selon la mairie \u00ab\u00a0dans des conditions pr\u00e9caires.\u00a0\u00bb Ce lundi&hellip;\n","protected":false},"author":2,"featured_media":10783,"comment_status":"","ping_status":"","sticky":false,"template":"","format":"standard","meta":{"footnotes":""},"categories":[2821],"tags":[1111,47,11,829,1777,674,5220,5219,118,1011,27,5222,3909,848,1251,12,584,25,5221],"class_list":{"0":"post-10782","1":"post","2":"type-post","3":"status-publish","4":"format-standard","5":"has-post-thumbnail","7":"category-rennes","8":"tag-actu","9":"tag-actualite","10":"tag-actualites","11":"tag-bretagne","12":"tag-eu","13":"tag-europe","14":"tag-evacuation","15":"tag-expulsion","16":"tag-faits-divers","17":"tag-fr","18":"tag-france","19":"tag-hebergement","20":"tag-hebergement-durgence","21":"tag-ille-et-vilaine","22":"tag-migrants","23":"tag-news","24":"tag-rennes","25":"tag-republique-francaise","26":"tag-squat"},"share_on_mastodon":{"url":"https:\/\/pubeurope.com\/@fr\/114303585701584899","error":""},"_links":{"self":[{"href":"https:\/\/www.europesays.com\/fr\/wp-json\/wp\/v2\/posts\/10782","targetHints":{"allow":["GET"]}}],"collection":[{"href":"https:\/\/www.europesays.com\/fr\/wp-json\/wp\/v2\/posts"}],"about":[{"href":"https:\/\/www.europesays.com\/fr\/wp-json\/wp\/v2\/types\/post"}],"author":[{"embeddable":true,"href":"https:\/\/www.europesays.com\/fr\/wp-json\/wp\/v2\/users\/2"}],"replies":[{"embeddable":true,"href":"https:\/\/www.europesays.com\/fr\/wp-json\/wp\/v2\/comments?post=10782"}],"version-history":[{"count":0,"href":"https:\/\/www.europesays.com\/fr\/wp-json\/wp\/v2\/posts\/10782\/revisions"}],"wp:featuredmedia":[{"embeddable":true,"href":"https:\/\/www.europesays.com\/fr\/wp-json\/wp\/v2\/media\/10783"}],"wp:attachment":[{"href":"https:\/\/www.europesays.com\/fr\/wp-json\/wp\/v2\/media?parent=10782"}],"wp:term":[{"taxonomy":"category","embeddable":true,"href":"https:\/\/www.europesays.com\/fr\/wp-json\/wp\/v2\/categories?post=10782"},{"taxonomy":"post_tag","embeddable":true,"href":"https:\/\/www.europesays.com\/fr\/wp-json\/wp\/v2\/tags?post=10782"}],"curies":[{"name":"wp","href":"https:\/\/api.w.org\/{rel}","templated":true}]}}