{"id":107826,"date":"2025-05-17T21:04:08","date_gmt":"2025-05-17T21:04:08","guid":{"rendered":"https:\/\/www.europesays.com\/fr\/107826\/"},"modified":"2025-05-17T21:04:08","modified_gmt":"2025-05-17T21:04:08","slug":"la-montee-des-marches-qui-aurait-pu-etre-glamour-a-cannes","status":"publish","type":"post","link":"https:\/\/www.europesays.com\/fr\/107826\/","title":{"rendered":"la mont\u00e9e des marches qui aurait pu \u00eatre glamour \u00e0 Cannes"},"content":{"rendered":"<p><strong>MONT\u00c9E DES MARCHES. JOUR 5.<\/strong> Les deux acteurs ont \u00e9lectris\u00e9 la Croisette ce samedi, en pr\u00e9sentant Die, My Love de Lynne Ramsay. Quelques m\u00e8tres devant eux, un dindon montait aussi les marches.<\/p>\n<p class=\"fig-paragraph\">Trois films \u00e9taient pr\u00e9sent\u00e9s en comp\u00e9tition ce samedi sur la Croisette, dans le cadre de la 78e \u00e9dition du\u00a0<a href=\"http:\/\/madame.lefigaro.fr\/festival_de_cannes\" data-fig-type=\"Topic\" data-gtm-custom-categorie=\"navigation\" data-gtm-custom-action=\"crossclick\" data-gtm-custom-label=\"Contextuel\" data-gtm-event=\"customEventSPE\" data-fig-domain=\"MADAME\" target=\"_blank\" rel=\"noopener\">Festival de Cannes<\/a>\u00a0: Renoir de Chie Hayakawa, Nouvelle Vague de Richard Linklater et Die, My Love de Lynne Ramsay. Ce dernier tapis rouge \u00e9tait sans doute l\u2019un des plus attendus de la journ\u00e9e gr\u00e2ce \u00e0 son casting am\u00e9ricain cinq \u00e9toiles\u00a0:\u00a0<a href=\"http:\/\/madame.lefigaro.fr\/celebrites\/actu-people\/jennifer-lawrence-un-dindon-et-robert-pattinson-la-montee-des-marches-qui-aurait-pu-etre-glamour-a-cannes-20250517\" data-fig-type=\"Article\" data-gtm-custom-categorie=\"navigation\" data-gtm-custom-action=\"crossclick\" data-gtm-custom-label=\"Contextuel\" data-gtm-event=\"customEventSPE\" data-fig-domain=\"MADAME\" target=\"_blank\" rel=\"noopener\">Jennifer Lawrence<\/a>\u00a0et\u00a0<a href=\"http:\/\/madame.lefigaro.fr\/celebrites\/ce-jour-ou-robert-pattinson-et-kristen-stewart-ont-officialise-leur-relation-a-cannes-en-2012-20250517\" data-fig-type=\"Article\" data-gtm-custom-categorie=\"navigation\" data-gtm-custom-action=\"crossclick\" data-gtm-custom-label=\"Contextuel\" data-gtm-event=\"customEventSPE\" data-fig-domain=\"MADAME\" target=\"_blank\" rel=\"noopener\">Robert Pattinson<\/a>, qui se donnent la r\u00e9plique \u00e0 l\u2019\u00e9cran, avaient fait le d\u00e9placement jusqu\u2019en France pour d\u00e9fendre ce nouveau thriller.<\/p>\n<p class=\"fig-paragraph\">Les deux stars ont pris de longues minutes pour saluer la foule mass\u00e9e aux abords du Palais des festivals, entre d\u00e9dicaces et selfies improvis\u00e9s, avant de rejoindre le tapis rouge sous les cris d\u00e9cha\u00een\u00e9s des photographes. L\u2019actrice de 34 ans, notamment connue pour son r\u00f4le dans la saga Hunger Games, portait une robe longue corset\u00e9e immacul\u00e9e et un fichu des plus \u00e9l\u00e9gants, tandis que son partenaire arborait un costume sombre et un n\u0153ud papillon parfaitement ajust\u00e9.<\/p>\n<p class=\"fig-body-link&#10;    \">\n            \u00c0 lire aussi<br \/>\n        <a class=\"fig-body-link__link\" href=\"https:\/\/photo-madame.lefigaro.fr\/celebrites\/actu-people\/kristen-stewart-illumine-la-nuit-cannoise-sur-le-tapis-rouge-de-cannes-20250517\" data-fig-type=\"SlideShowResource\" data-gtm-custom-categorie=\"navigation\" data-gtm-custom-action=\"crossclick\" data-gtm-custom-label=\"Contextuel\" data-gtm-event=\"customEventSPE\" data-fig-domain=\"MADAME\" target=\"_blank\" rel=\"noopener\">Kristen Stewart illumine la nuit cannoise sur le tapis rouge de Cannes<\/a>\n<\/p>\n<p>Nouvelle Vague et Renoir<\/p>\n<p class=\"fig-paragraph\">Die, My Love raconte l\u2019histoire d\u2019une m\u00e8re \u00e0 la d\u00e9rive (Jennifer Lawrence), perdue dans sa campagne natale o\u00f9 la maternit\u00e9 devient pour elle une v\u00e9ritable prison mentale. Mari\u00e9e \u00e0 un homme d\u00e9vou\u00e9 mais impuissant (Robert Pattinson), elle lutte contre des pulsions destructrices, entre fantasmes, violence et m\u00e9lancolie. Adapt\u00e9 du roman d\u2019Ariana Harwicz, le film explore une folie intime avec une intensit\u00e9 brute et visc\u00e9rale.<\/p>\n<p class=\"fig-paragraph\">Quant \u00e0 Renoir et Nouvelle Vague \u2013 le premier \u00e9voquant la mort d\u2019un p\u00e8re \u00e0 travers les yeux d\u2019un enfant, le second les coulisses du film culte \u00c0 bout de souffle de Jean-Luc Godard \u2013 d\u2019autres personnalit\u00e9s semblaient impatientes de les d\u00e9couvrir. On a crois\u00e9 sur le tapis rouge des chanteuses fran\u00e7aises, comme Yseult, ou encore des actrices comme Alma Jodorowski, qui a d\u00e9voil\u00e9 son baby bump dans une robe courte et moulante.\u00a0<a href=\"http:\/\/madame.lefigaro.fr\/celebrites\/cinema\/raphael-quenard-j-ai-offert-mon-cesar-a-ma-grand-mere-maternelle-qui-l-a-expose-sur-sa-table-de-cuisine-20250222\" data-fig-type=\"Article\" data-gtm-custom-categorie=\"navigation\" data-gtm-custom-action=\"crossclick\" data-gtm-custom-label=\"Contextuel\" data-gtm-event=\"customEventSPE\" data-fig-domain=\"MADAME\" target=\"_blank\" rel=\"noopener\">Rapha\u00ebl Quenard<\/a>, qui passe pour la premi\u00e8re fois derri\u00e8re la cam\u00e9ra avec I Love Peru, a lui aussi gravi les marches, accompagn\u00e9 de son casting&#8230; et d\u2019un dindon. Une apparition inattendue, qui a presque vol\u00e9 la vedette \u00e0 Fran\u00e7ois Civil et Michel Hazanavicius. Presque.<\/p>\n","protected":false},"excerpt":{"rendered":"MONT\u00c9E DES MARCHES. JOUR 5. Les deux acteurs ont \u00e9lectris\u00e9 la Croisette ce samedi, en pr\u00e9sentant Die, My&hellip;\n","protected":false},"author":2,"featured_media":107827,"comment_status":"","ping_status":"","sticky":false,"template":"","format":"standard","meta":{"footnotes":""},"categories":[8],"tags":[976,972,58,59,5634,638,1011,27,22563,977,973,975,22562,974],"class_list":{"0":"post-107826","1":"post","2":"type-post","3":"status-publish","4":"format-standard","5":"has-post-thumbnail","7":"category-divertissement","8":"tag-actu-people","9":"tag-celebrite","10":"tag-divertissement","11":"tag-entertainment","12":"tag-festival-de-cannes","13":"tag-figaro","14":"tag-fr","15":"tag-france","16":"tag-jennifer-lawrence","17":"tag-madame","18":"tag-people","19":"tag-potain-de-stars","20":"tag-robert-pattinson","21":"tag-star"},"share_on_mastodon":{"url":"https:\/\/pubeurope.com\/@fr\/114525206231085179","error":""},"_links":{"self":[{"href":"https:\/\/www.europesays.com\/fr\/wp-json\/wp\/v2\/posts\/107826","targetHints":{"allow":["GET"]}}],"collection":[{"href":"https:\/\/www.europesays.com\/fr\/wp-json\/wp\/v2\/posts"}],"about":[{"href":"https:\/\/www.europesays.com\/fr\/wp-json\/wp\/v2\/types\/post"}],"author":[{"embeddable":true,"href":"https:\/\/www.europesays.com\/fr\/wp-json\/wp\/v2\/users\/2"}],"replies":[{"embeddable":true,"href":"https:\/\/www.europesays.com\/fr\/wp-json\/wp\/v2\/comments?post=107826"}],"version-history":[{"count":0,"href":"https:\/\/www.europesays.com\/fr\/wp-json\/wp\/v2\/posts\/107826\/revisions"}],"wp:featuredmedia":[{"embeddable":true,"href":"https:\/\/www.europesays.com\/fr\/wp-json\/wp\/v2\/media\/107827"}],"wp:attachment":[{"href":"https:\/\/www.europesays.com\/fr\/wp-json\/wp\/v2\/media?parent=107826"}],"wp:term":[{"taxonomy":"category","embeddable":true,"href":"https:\/\/www.europesays.com\/fr\/wp-json\/wp\/v2\/categories?post=107826"},{"taxonomy":"post_tag","embeddable":true,"href":"https:\/\/www.europesays.com\/fr\/wp-json\/wp\/v2\/tags?post=107826"}],"curies":[{"name":"wp","href":"https:\/\/api.w.org\/{rel}","templated":true}]}}