{"id":107830,"date":"2025-05-17T21:06:10","date_gmt":"2025-05-17T21:06:10","guid":{"rendered":"https:\/\/www.europesays.com\/fr\/107830\/"},"modified":"2025-05-17T21:06:10","modified_gmt":"2025-05-17T21:06:10","slug":"noz-va-vendre-des-millions-darticles-de-deco-dun-magasin-tres-connu-des-remises-jusqua-60-prevues","status":"publish","type":"post","link":"https:\/\/www.europesays.com\/fr\/107830\/","title":{"rendered":"Noz va vendre des millions d&rsquo;articles de d\u00e9co d&rsquo;un magasin tr\u00e8s connu, des remises jusqu&rsquo;\u00e0 60 % pr\u00e9vues"},"content":{"rendered":"<p>            Par<br \/>\n        <strong><br \/>\n            <a href=\"https:\/\/actu.fr\/auteur\/johann-foucault\" title=\"Consulter tous les articles de Johann Foucault\" rel=\"nofollow noopener\" target=\"_blank\">Johann Foucault<\/a><br \/>\n        <\/strong><\/p>\n<p>        Publi\u00e9 le<\/p>\n<p>            17 mai 2025 \u00e0 17h00        <\/p>\n<p>Les amateurs de d\u00e9coration ont de quoi se r\u00e9jouir : \u00e0 la suite de la liquidation des magasins CASA en Belgique, <a href=\"https:\/\/actu.fr\/tag\/noz\" rel=\"nofollow noopener\" target=\"_blank\">Noz<\/a> propose un arrivage exceptionnel de produits de la c\u00e9l\u00e8bre enseigne de d\u00e9coration, \u00e0 prix tr\u00e8s r\u00e9duits.\u00a0<\/p>\n<p class=\" wall-content\">Et l\u2019offre est all\u00e9chante. Ce sont <strong>6,5 millions d\u2019articles de d\u00e9coration et du mobilier<\/strong> qui seront vendus dans les magasins fran\u00e7ais de l\u2019enseigne discount, <a href=\"https:\/\/www.noz.fr\/arrivage-exceptionnel-decoration-et-mobilier-casa-a-60\/\" rel=\"nofollow noopener\" target=\"_blank\">annonce NOZ sur son site<\/a>, vendredi 16 mai 2025.<\/p>\n<p class=\" wall-content\">Des<strong> remises jusqu\u2019\u00e0 60 %<\/strong> par rapport aux prix originaux CASA sont pr\u00e9vues.<\/p>\n<p>Meuble, vaisselle, bougies, coussins\u2026<\/p>\n<p class=\" wall-content\">Meubles d\u2019appoint, vaisselle, bougies, coussins, luminaires, petits rangements\u2026 Tous ces produits qui font la renomm\u00e9e de CASA seront \u00e0 retrouver dans les enseignes de Noz en France.<\/p>\n<p class=\" wall-content\">\u00ab\u00a0Une belle opportunit\u00e9 pour rafra\u00eechir son int\u00e9rieur sans se ruiner\u00a0\u00bb, vante l\u2019enseigne, habitu\u00e9e de ce genre d\u2019op\u00e9rations. On se rappelle les ventes en 2024 d\u2019un <a href=\"https:\/\/actu.fr\/economie\/apres-la-liquidation-d-esprit-noz-va-vendre-un-million-de-vetements-et-accessoires-a-prix-casses_61614717.html\" rel=\"nofollow noopener\" target=\"_blank\">million de v\u00eatements et d\u2019accessoires de la marque Esprit<\/a>, ou encore celles d\u2019un <a href=\"https:\/\/actu.fr\/economie\/noz-des-milliers-de-chaussures-et-accessoires-minelli-vendus-a-prix-casse-dans-toute-la-france_61559738.html\" rel=\"nofollow noopener\" target=\"_blank\">stock de produits rachet\u00e9s \u00e0\u00a0Minelli<\/a>.<\/p>\n<p>Vid\u00e9os : en ce moment sur ActuQuand retrouver ces articles CASA en magasin ?\u00a0<\/p>\n<p class=\" wall-content\">Les millions de produits CASA seront \u00ab\u00a0disponibles dans tous les magasins Noz entre mi-mai et mi-juillet\u00a0\u00bb, pr\u00e9cise l\u2019enseigne, ajoutant que \u00ab\u00a0les dates varient selon les points de vente\u00a0\u00bb.<\/p>\n<p class=\" wall-content\">Les arrivages peuvent \u00eatre retrouv\u00e9s aupr\u00e8s du magasin Noz le plus proche de chez vous, soit via la page Facebook ou la <a href=\"https:\/\/www.noz.fr\/les-magasins-noz\/\" rel=\"nofollow noopener\" target=\"_blank\">fiche du magasin<\/a>.<\/p>\n<p class=\" wall-content\">Suivez toute l\u2019actualit\u00e9 de vos villes et m\u00e9dias favoris en vous inscrivant \u00e0 <a href=\"https:\/\/moncompte.actu.fr\" title=\"D\u00e9couvez Mon Actu\" rel=\"nofollow noopener\" data-trk=\"{&quot;cta&quot;:{&quot;action&quot;:&quot;https:\\\/\\\/moncompte.actu.fr&quot;,&quot;category&quot;:&quot;mon compte&quot;,&quot;from&quot;:&quot;article footer&quot;,&quot;name&quot;:&quot;Mon actu&quot;,&quot;type&quot;:&quot;cta&quot;}}\" target=\"_blank\">Mon Actu<\/a>.<\/p>\n","protected":false},"excerpt":{"rendered":"Par Johann Foucault Publi\u00e9 le 17 mai 2025 \u00e0 17h00 Les amateurs de d\u00e9coration ont de quoi se&hellip;\n","protected":false},"author":2,"featured_media":107831,"comment_status":"","ping_status":"","sticky":false,"template":"","format":"standard","meta":{"footnotes":""},"categories":[6],"tags":[35,130,33,34,1011,27,22564],"class_list":{"0":"post-107830","1":"post","2":"type-post","3":"status-publish","4":"format-standard","5":"has-post-thumbnail","7":"category-economie","8":"tag-business","9":"tag-consommation","10":"tag-economie","11":"tag-economy","12":"tag-fr","13":"tag-france","14":"tag-noz"},"share_on_mastodon":{"url":"https:\/\/pubeurope.com\/@fr\/114525214097924503","error":""},"_links":{"self":[{"href":"https:\/\/www.europesays.com\/fr\/wp-json\/wp\/v2\/posts\/107830","targetHints":{"allow":["GET"]}}],"collection":[{"href":"https:\/\/www.europesays.com\/fr\/wp-json\/wp\/v2\/posts"}],"about":[{"href":"https:\/\/www.europesays.com\/fr\/wp-json\/wp\/v2\/types\/post"}],"author":[{"embeddable":true,"href":"https:\/\/www.europesays.com\/fr\/wp-json\/wp\/v2\/users\/2"}],"replies":[{"embeddable":true,"href":"https:\/\/www.europesays.com\/fr\/wp-json\/wp\/v2\/comments?post=107830"}],"version-history":[{"count":0,"href":"https:\/\/www.europesays.com\/fr\/wp-json\/wp\/v2\/posts\/107830\/revisions"}],"wp:featuredmedia":[{"embeddable":true,"href":"https:\/\/www.europesays.com\/fr\/wp-json\/wp\/v2\/media\/107831"}],"wp:attachment":[{"href":"https:\/\/www.europesays.com\/fr\/wp-json\/wp\/v2\/media?parent=107830"}],"wp:term":[{"taxonomy":"category","embeddable":true,"href":"https:\/\/www.europesays.com\/fr\/wp-json\/wp\/v2\/categories?post=107830"},{"taxonomy":"post_tag","embeddable":true,"href":"https:\/\/www.europesays.com\/fr\/wp-json\/wp\/v2\/tags?post=107830"}],"curies":[{"name":"wp","href":"https:\/\/api.w.org\/{rel}","templated":true}]}}