{"id":107832,"date":"2025-05-17T21:07:12","date_gmt":"2025-05-17T21:07:12","guid":{"rendered":"https:\/\/www.europesays.com\/fr\/107832\/"},"modified":"2025-05-17T21:07:12","modified_gmt":"2025-05-17T21:07:12","slug":"plusieurs-morts-apres-la-collision-de-deux-helicopteres-en-finlande","status":"publish","type":"post","link":"https:\/\/www.europesays.com\/fr\/107832\/","title":{"rendered":"Plusieurs morts apr\u00e8s la collision de deux h\u00e9licopt\u00e8res en Finlande"},"content":{"rendered":"<p>Plusieurs personnes sont mortes samedi en <a href=\"https:\/\/www.20minutes.fr\/dossier\/finlande\" class=\"color-ultramarine c-link\" rel=\"nofollow noopener\" target=\"_blank\">Finlande <\/a>apr\u00e8s la collision en vol de <a href=\"https:\/\/www.20minutes.fr\/paris\/4093021-20240527-jo-paris-2024-explique-pourquoi-beaucoup-helicopteres-semaine-capitale\" class=\"color-ultramarine c-link\" rel=\"nofollow noopener\" target=\"_blank\">deux h\u00e9licopt\u00e8res<\/a> transportant cinq personnes, qui se sont ensuite \u00e9cras\u00e9s, a annonc\u00e9 la police.<\/p>\n<\/p>\n<p>\u00ab\u00a0L\u2019accident a entra\u00een\u00e9 plusieurs d\u00e9c\u00e8s. Le nombre exact des victimes et l\u2019identit\u00e9 des passagers sont encore en train d\u2019\u00eatre \u00e9tablis\u00a0\u00bb, a d\u00e9clar\u00e9 la police finlandaise dans un communiqu\u00e9.<\/p>\n<p>\u00ab\u00a0Tomb\u00e9 comme une pierre\u00a0\u00bb<\/p>\n<p>D\u2019apr\u00e8s leurs plans de vol respectifs, l\u2019un des appareils transportait deux personnes et l\u2019autre trois. Selon les m\u00e9dias, il s\u2019agit d\u2019hommes d\u2019affaires et les h\u00e9licopt\u00e8res auraient d\u00e9coll\u00e9 d\u2019Estonie.<\/p>\n<p><a href=\"https:\/\/www.20minutes.fr\/dossier\/finlande\" class=\"c-link c-btn c-btn--primary\" rel=\"nofollow noopener\" target=\"_blank\">Nos articles sur la Finlande<\/a><\/p>\n<p>La cause de la collision, qui a eu lieu \u00e0 l\u2019ouest d\u2019Helsinki \u00e0 la mi-journ\u00e9e, n\u2019a pas \u00e9t\u00e9 rendue publique. Un t\u00e9moin interrog\u00e9<a href=\"https:\/\/www.iltalehti.fi\/kotimaa\/a\/3a5b93f0-b36f-4eb2-ab7d-01af587677b8\" rel=\"nofollow noopener\" target=\"_blank\" class=\"color-ultramarine c-link\"> par le journal finlandais Iltalehti<\/a> dit avoir vu l\u2019un des h\u00e9licopt\u00e8res faire une man\u0153uvre et percuter l\u2019autre a\u00e9ronef. \u00ab\u00a0L\u2019un est tomb\u00e9 comme une pierre, l\u2019autre plus lentement, je n\u2019ai entendu aucun bruit\u00a0\u00bb, a racont\u00e9 Antti Marjanen au quotidien.<\/p>\n","protected":false},"excerpt":{"rendered":"Plusieurs personnes sont mortes samedi en Finlande apr\u00e8s la collision en vol de deux h\u00e9licopt\u00e8res transportant cinq personnes,&hellip;\n","protected":false},"author":2,"featured_media":107833,"comment_status":"","ping_status":"","sticky":false,"template":"","format":"standard","meta":{"footnotes":""},"categories":[5],"tags":[119,47,11,219,1011,27,6373,14,74,12,28],"class_list":{"0":"post-107832","1":"post","2":"type-post","3":"status-publish","4":"format-standard","5":"has-post-thumbnail","7":"category-international","8":"tag-accident","9":"tag-actualite","10":"tag-actualites","11":"tag-finlande","12":"tag-fr","13":"tag-france","14":"tag-helicoptere","15":"tag-international","16":"tag-monde","17":"tag-news","18":"tag-world"},"share_on_mastodon":{"url":"https:\/\/pubeurope.com\/@fr\/114525217998230750","error":""},"_links":{"self":[{"href":"https:\/\/www.europesays.com\/fr\/wp-json\/wp\/v2\/posts\/107832","targetHints":{"allow":["GET"]}}],"collection":[{"href":"https:\/\/www.europesays.com\/fr\/wp-json\/wp\/v2\/posts"}],"about":[{"href":"https:\/\/www.europesays.com\/fr\/wp-json\/wp\/v2\/types\/post"}],"author":[{"embeddable":true,"href":"https:\/\/www.europesays.com\/fr\/wp-json\/wp\/v2\/users\/2"}],"replies":[{"embeddable":true,"href":"https:\/\/www.europesays.com\/fr\/wp-json\/wp\/v2\/comments?post=107832"}],"version-history":[{"count":0,"href":"https:\/\/www.europesays.com\/fr\/wp-json\/wp\/v2\/posts\/107832\/revisions"}],"wp:featuredmedia":[{"embeddable":true,"href":"https:\/\/www.europesays.com\/fr\/wp-json\/wp\/v2\/media\/107833"}],"wp:attachment":[{"href":"https:\/\/www.europesays.com\/fr\/wp-json\/wp\/v2\/media?parent=107832"}],"wp:term":[{"taxonomy":"category","embeddable":true,"href":"https:\/\/www.europesays.com\/fr\/wp-json\/wp\/v2\/categories?post=107832"},{"taxonomy":"post_tag","embeddable":true,"href":"https:\/\/www.europesays.com\/fr\/wp-json\/wp\/v2\/tags?post=107832"}],"curies":[{"name":"wp","href":"https:\/\/api.w.org\/{rel}","templated":true}]}}