{"id":107840,"date":"2025-05-17T21:12:47","date_gmt":"2025-05-17T21:12:47","guid":{"rendered":"https:\/\/www.europesays.com\/fr\/107840\/"},"modified":"2025-05-17T21:12:47","modified_gmt":"2025-05-17T21:12:47","slug":"loisirs-la-nuit-des-musees-a-nancy-le-festival-des-musicales-en-barrois-et-des-fermes-en-vedettes-neuf-idees-de-sorties-ce-week-end-en-lorraine","status":"publish","type":"post","link":"https:\/\/www.europesays.com\/fr\/107840\/","title":{"rendered":"Loisirs La Nuit des mus\u00e9es \u00e0 Nancy, le Festival des musicales en Barrois et des fermes en vedettes&#8230; Neuf id\u00e9es de sorties ce week-end en Lorraine"},"content":{"rendered":"<p>  Nancy : mus\u00e9e des Beaux-Arts\u200a, une nuit pour visiter et jouer en famille<\/p>\n<p>Dans le cadre de la 21e\u00a0 Nuit europ\u00e9enne des mus\u00e9es, le mus\u00e9e des Beaux-arts ouvre ses portes gratuitement de la tomb\u00e9e de la nuit jusqu\u2019\u00e0 minuit, ce samedi 17 mai . Les familles pourront prendre le d\u00e9part d\u2019un parcours jeux \u00ab\u200ales 7 erreurs dans les \u0153uvres\u200a\u00bb ou participer \u00e0 un atelier \u00ab\u200ajeu des formes surprises\u200a\u00bb. Tous les visiteurs pourront \u00e9couter les prestations du groupe Glow up \u00e0 20\u200ah\u200a30, 21\u200ah\u200a30, 22\u200ah\u200a30 et 23\u200ah\u200a15.<\/p>\n<p>    &#13;<br \/>\n    &#13;<br \/>\n    &#13;<br \/>\n    <a href=\"https:\/\/cdn-s-www.estrepublicain.fr\/images\/9f419d33-6d82-4615-8279-c8a4664ea294\/NW_raw\/photo-er-1747317435.jpg\" title=\"Photo ER\" class=\"chocolat-image GA-tracking\" data-ga_type=\"click\" data-ga_category=\"D\u00e9tail\" data-ga_action=\"zoomer\" data-ga_label=\"aggrandir image\" rel=\"nofollow noopener\" target=\"_blank\">&#13;<br \/>\n        <img src=\"https:\/\/www.europesays.com\/fr\/wp-content\/uploads\/2025\/05\/photo-er-1747317435.jpg\"   alt=\"Photo ER\" fetchpriority=\"high\" decoding=\"async\" data-mobile=\"NW_listA_M|1747317435\" data-base=\"NW_listA|1747317435\"\/>&#13;<br \/>\n    <\/a>&#13;<\/p>\n<p>Photo ER<\/p>\n<p class=\"insetTitle\">Les informations pratiques<\/p>\n<ul>\n<li><strong>Dates.<\/strong> Samedi 17 mai, de 20 h \u00e0 minuit.<\/li>\n<li><strong>Lieu.<\/strong> Mus\u00e9e des Beaux-Arts 3, Place Stanislas \u00e0 Nancy.<\/li>\n<li><strong>Tarifs.<\/strong> Entr\u00e9e libre<\/li>\n<\/ul>\n<p>  <strong>Le march\u00e9 de l\u2019Amour est dans le pr\u00e9 \u00e0 Dommartin-sous-Amance<br \/><\/strong><\/p>\n<p>L\u2019ADP Tour, association cr\u00e9\u00e9e par d\u2019anciens candidats de l\u2019\u00e9mission phare de M6, passe par la ferme de Nicolas Grandidier, agriculteur \u00e0 Dommartin-sous-Amance, commune situ\u00e9e dans la grande banlieue nord de Nancy. Ancien candidat de la saison 9 de L\u2019Amour est dans le pr\u00e9, Nicolas accueillera sur son exploitation, 25 anciens candidats venus de toute la France. Chacun proposera au public sa propre production\u200a: viande, vins, champagne, armagnac, plantes aromatiques, etc. Les visiteurs seront d\u2019abord l\u00e0 pour rencontrer ceux qu\u2019ils ont suivis et appr\u00e9ci\u00e9s semaine apr\u00e8s semaine \u00e0 travers le petit \u00e9cran. Outre les stands des producteurs, le lieu sera le th\u00e9\u00e2tre de nombreuses animations pour petits et grands.<\/p>\n<p>    &#13;<br \/>\n    &#13;<br \/>\n    &#13;<br \/>\n    <a href=\"https:\/\/cdn-s-www.estrepublicain.fr\/images\/aad03334-66ab-4a02-8ce9-0f134e64fe9c\/NW_raw\/nicolas-grandidier-est-agriculteur-a-dommartin-sous-amance-photo-dr-1747318059.jpg\" title=\"Nicolas Grandidier est agriculteur \u00e0 Dommartin-sous-Amance. Photo DR\" class=\"chocolat-image GA-tracking\" data-ga_type=\"click\" data-ga_category=\"D\u00e9tail\" data-ga_action=\"zoomer\" data-ga_label=\"aggrandir image\" rel=\"nofollow noopener\" target=\"_blank\">&#13;<br \/>\n        <img src=\"https:\/\/www.europesays.com\/fr\/wp-content\/uploads\/2025\/05\/nicolas-grandidier-est-agriculteur-a-dommartin-sous-amance-photo-dr-1747318059.jpg\"   alt=\"Nicolas Grandidier est agriculteur \u00e0 Dommartin-sous-Amance. Photo DR\" fetchpriority=\"high\" decoding=\"async\" data-mobile=\"NW_listA_M|1747318059\" data-base=\"NW_listA|1747318059\"\/>&#13;<br \/>\n    <\/a>&#13;<\/p>\n<p>Nicolas Grandidier est agriculteur \u00e0 Dommartin-sous-Amance. Photo DR<\/p>\n<p class=\"insetTitle\">Les informations pratiques<\/p>\n<ul>\n<li><strong>Dates.<\/strong>\u00a0Samedi 17 et dimanche 18 mai, de 10\u200ah \u00e0 17\u200ah.<\/li>\n<li><strong>Lieu.<\/strong>\u00a0 Ferme du Montheu, \u00e0 Dommartin-sous-Amance.(54)<\/li>\n<li><strong>Tarif \u00a0: <\/strong>Entr\u00e9e libre<\/li>\n<\/ul>\n<p>  Meuse \u00a0: festival Musicales en Barrois ce dimanche 18\u00a0mai<\/p>\n<p>Ce dimanche, des concerts seront donn\u00e9s dans le cadre de la 9e \u00e9dition du festival Musicales du Barrois. \u00c0 10\u200ah\u200a30, \u00e0 l\u2019Espace Saint-Louis, La Derni\u00e8re Heure, concert cr\u00e9ation pour mezzo-soprano, piano et r\u00e9citant, d\u2019apr\u00e8s le conte philosophique de Gustave Flaubert (complet)\u200a; entre 14\u200ah et 14\u200ah\u200a15, place du march\u00e9 couvert, \u00e0 14\u200ah\u200a30 ou 15\u200ah\u200a30, lieu surprise, \u00c0 tous Vents, par le duo Invento, fl\u00fbte \u00e0 bec et accord\u00e9on\u200a; \u00e0 14\u200ah\u200a30 ou 15\u200ah\u200a30, lieu surprise, Les Muses Baroques, en pr\u00e9sence de six musiciens et trois danseuses.<br \/>Concert final \u00e0 17\u200ah, \u00e9glise Saint-Antoine, Stabat Mater, de Pergol\u00e8se, par Les Paladins, direction J\u00e9r\u00f4me Correas, la soprano Amel Brahim-Djelloul et la mezzo-soprano Mathilde Ortscheidt.<\/p>\n<p>    &#13;<br \/>\n    &#13;<br \/>\n    &#13;<br \/>\n    <a href=\"https:\/\/cdn-s-www.estrepublicain.fr\/images\/9e2f038e-78cf-4ef8-94d3-aa5571dc4ce6\/NW_raw\/les-muses-baroques-participeront-a-la-9e-edition-du-festival-musicales-en-barrois-photo-dr-1747318877.jpg\" title=\"Les Muses Baroques participeront \u00e0 la 9e\u00a0\u00e9dition du festival Musicales en Barrois. Photo\u00a0Dr\" class=\"chocolat-image GA-tracking\" data-ga_type=\"click\" data-ga_category=\"D\u00e9tail\" data-ga_action=\"zoomer\" data-ga_label=\"aggrandir image\" rel=\"nofollow noopener\" target=\"_blank\">&#13;<br \/>\n        <img src=\"https:\/\/www.europesays.com\/fr\/wp-content\/uploads\/2025\/05\/les-muses-baroques-participeront-a-la-9e-edition-du-festival-musicales-en-barrois-photo-dr-174731887.jpeg\"   alt=\"Les Muses Baroques participeront \u00e0 la 9e\u00a0\u00e9dition du festival Musicales en Barrois. Photo\u00a0Dr\" fetchpriority=\"high\" decoding=\"async\" data-mobile=\"NW_listA_M|1747318877\" data-base=\"NW_listA|1747318877\"\/>&#13;<br \/>\n    <\/a>&#13;<\/p>\n<p>Les Muses Baroques participeront \u00e0 la 9e\u00a0\u00e9dition du festival Musicales en Barrois. Photo\u00a0Dr<\/p>\n<p class=\"insetTitle\">Les informations pratiques<\/p>\n<ul>\n<li><strong>Date.<\/strong>\u00a0Dimanche 18 mai, \u00e0 Bar-le-Duc.<\/li>\n<li><strong>R\u00e9servations \u00a0:\u00a0<\/strong>Office de tourisme Sud Meuse, t\u00e9l.\u200a03\u200a29\u200a79\u200a11\u200a13 ou 06\u200a23\u200a54\u200a27\u200a90 ou www.patrimoinesenbarrois.com<\/li>\n<li><strong>Tarifs.<\/strong>\u00a0De 10 euros \u00e0 25 euros.<\/li>\n<\/ul>\n<p>  Metz : man\u00e8ges et nouveaut\u00e9s attendent le public \u00e0 la foire de mai<\/p>\n<p>La foire de mai bat son plein sur le parking de Metz Expo. Jusqu\u2019au dimanche 25 mai, 60\u200a000 m2 de man\u00e8ges et de stands. De nouvelles attractions viennent compl\u00e9ter l\u2019exp\u00e9rience, pour un total d\u2019environ 200 man\u00e8ges. L\u2019entr\u00e9e est gratuite pour les visiteurs, tout comme le parking.<\/p>\n<p>    &#13;<br \/>\n    &#13;<br \/>\n    &#13;<br \/>\n    <a href=\"https:\/\/cdn-s-www.estrepublicain.fr\/images\/adf55593-7861-4c6b-a4e7-8b3a1884e3a6\/NW_raw\/photo-archives-frederic-lecocq-1746115131.jpg\" title=\"Photo\u00a0archives Fr\u00e9d\u00e9ric Lecocq.\" class=\"chocolat-image GA-tracking\" data-ga_type=\"click\" data-ga_category=\"D\u00e9tail\" data-ga_action=\"zoomer\" data-ga_label=\"aggrandir image\" rel=\"nofollow noopener\" target=\"_blank\">&#13;<br \/>\n        <img src=\"https:\/\/www.europesays.com\/fr\/wp-content\/uploads\/2025\/05\/photo-archives-frederic-lecocq-1746115131.jpg\"   alt=\"Photo\u00a0archives Fr\u00e9d\u00e9ric Lecocq.\" fetchpriority=\"high\" decoding=\"async\" data-mobile=\"NW_listA_M|1746115131\" data-base=\"NW_listA|1746115131\"\/>&#13;<br \/>\n    <\/a>&#13;<\/p>\n<p>Photo\u00a0archives Fr\u00e9d\u00e9ric Lecocq.<\/p>\n<p class=\"insetTitle\">Les informations pratiques<\/p>\n<ul>\n<li><strong>Dates.<\/strong>\u00a0Jusqu&rsquo;au dimanche 25 mai.<\/li>\n<li><strong>Lieu.<\/strong> \u00a0sur le parking de Metz Expo..\u00a0<\/li>\n<li><strong>Horaires d\u00e9taill\u00e9s \u00a0:\u00a0<\/strong>Lundi, mardi et jeudi (16\u200ah-23\u200ah)\u200a; mercredi et dimanche (de 14\u200ah \u00e0 23\u200ah), vendredi (16\u200ah-0\u200ah). Samedi (14\u200ah-1\u200ah).<\/li>\n<\/ul>\n<p>  Heillecourt \u00a0: cinq villages \u00e0 d\u00e9couvrir dans \u00ab\u200aMa ville nature\u200a\u00bb<\/p>\n<p>Ce grand \u00e9v\u00e9nement familial, incontournable pour les passionn\u00e9s de nature, adeptes des circuits courts et du bien-\u00eatre, revient ce week-end o\u00f9 3 000 personnes sont attendues .Au c\u0153ur du Grand Parc de l\u2019Embanie, les visiteurs sont invit\u00e9s \u00e0 d\u00e9couvrir le temps d\u2019une pause \u00ab\u200aHeillecourt, ma ville nature\u200a\u00bb. Un week-end riche en rencontres, en d\u00e9couvertes et en animations. Cinq villages sont \u00e0 visiter\u200a: \u00ab\u200aSaveurs\u200a\u00bb, \u00ab\u200aNature\u200a\u00bb, \u00ab\u200aSport-sant\u00e9\u200a\u00bb, \u00ab\u200aRepaire du jeu\u200a\u00bb et \u00ab\u200aArts et Sc\u00e8nes\u200a\u00bb. Ils permettront aux visiteurs d\u2019aller \u00e0 la rencontre de producteurs et artisans de la r\u00e9gion, de se d\u00e9tendre ou jouer en famille et d\u2019appr\u00e9cier les talents de nombreux artistes.<\/p>\n<p>    &#13;<br \/>\n    &#13;<br \/>\n    &#13;<br \/>\n    <a href=\"https:\/\/cdn-s-www.estrepublicain.fr\/images\/759ed230-a27d-4e55-b234-b22bff6baf4d\/NW_raw\/photo-dr-1747319282.jpg\" title=\"Photo DR\" class=\"chocolat-image GA-tracking\" data-ga_type=\"click\" data-ga_category=\"D\u00e9tail\" data-ga_action=\"zoomer\" data-ga_label=\"aggrandir image\" rel=\"nofollow noopener\" target=\"_blank\">&#13;<br \/>\n        <img src=\"https:\/\/www.europesays.com\/fr\/wp-content\/uploads\/2025\/05\/photo-dr-1747319282.jpg\"   alt=\"Photo DR\" fetchpriority=\"high\" decoding=\"async\" data-mobile=\"NW_listA_M|1747319282\" data-base=\"NW_listA|1747319282\"\/>&#13;<br \/>\n    <\/a>&#13;<\/p>\n<p>Photo DR<\/p>\n<p class=\"insetTitle\">Les informations pratiques<\/p>\n<ul>\n<li><strong>Date.<\/strong>\u00a0Samedi 17 mai, de 14\u200ah \u00e0 20\u200ah et dimanche 18 mai, de 10\u200ah \u00e0 18\u200ah.<\/li>\n<li><strong>Lieu.<\/strong>\u00a0Au Parc de l\u2019Embanie \u00e0 Heillecourt.\u00a0<\/li>\n<li><strong>Tarif.<\/strong>\u00a0Entr\u00e9e libre.\u00a0<\/li>\n<\/ul>\n<p>  Meuse \u00a0:\u00a0artistes et historiens investissent le Caf\u00e9 du Centre \u00e0 Mangiennes<\/p>\n<p>Les 3e Rencontres litt\u00e9raires et artistiques Version Mangiennes se d\u00e9rouleront les 16, 17 et 18 mai en Meuse. Trois jours de f\u00eate avec un programme charg\u00e9. Une quinzaine d\u2019intervenants se succ\u00e9deront au Caf\u00e9 du Centre, sous l\u2019\u00e9gide de l\u2019association Version Mangiennes. Ecrivains, historiens, artistes partageront avec le public leur travail et leurs pr\u00e9occupations sous forme de spectacles, de conf\u00e9rences et de performances. L\u2019autrice Olivia Rosenthal, la musicienne Flora Hibberd et son groupe, l\u2019historien Sylvain Venayre (directeur de la collection L\u2019histoire dessin\u00e9e de la France) seront de la partie. Le programme \u00e9clectique fait la part belle aussi aux auteurs qui signent leur premier roman comme Elisa Bories. Et aux enfants, avec le dimanche matin des ateliers d\u00e9di\u00e9s.<\/p>\n<p>    &#13;<br \/>\n    &#13;<br \/>\n    &#13;<br \/>\n    <a href=\"https:\/\/cdn-s-www.estrepublicain.fr\/images\/829fa7c2-644b-4892-90cc-77cc2ff31417\/NW_raw\/les-rencontres-litteraires-et-musicales-version-mangiennes-se-deroulent-au-cafe-du-centre-photo-d-archives-frederic-mercenier-1747383446.jpg\" title=\"Les Rencontres litt\u00e9raires et musicales Version Mangiennes se d\u00e9roulent au Caf\u00e9 du Centre. Photo d\u2019archives Fr\u00e9d\u00e9ric Mercenier\" class=\"chocolat-image GA-tracking\" data-ga_type=\"click\" data-ga_category=\"D\u00e9tail\" data-ga_action=\"zoomer\" data-ga_label=\"aggrandir image\" rel=\"nofollow noopener\" target=\"_blank\">&#13;<br \/>\n        <img src=\"https:\/\/www.europesays.com\/fr\/wp-content\/uploads\/2025\/05\/les-rencontres-litteraires-et-musicales-version-mangiennes-se-deroulent-au-cafe-du-centre-photo-d-ar.jpeg\"   alt=\"Les Rencontres litt\u00e9raires et musicales Version Mangiennes se d\u00e9roulent au Caf\u00e9 du Centre. Photo d\u2019archives Fr\u00e9d\u00e9ric Mercenier\" fetchpriority=\"high\" decoding=\"async\" data-mobile=\"NW_listA_M|1747383446\" data-base=\"NW_listA|1747383446\"\/>&#13;<br \/>\n    <\/a>&#13;<\/p>\n<p>Les Rencontres litt\u00e9raires et musicales Version Mangiennes se d\u00e9roulent au Caf\u00e9 du Centre. Photo d\u2019archives Fr\u00e9d\u00e9ric Mercenier<\/p>\n<p class=\"insetTitle\">Les informations pratiques<\/p>\n<ul>\n<li><strong>Contact et renseignements d\u00e9taill\u00e9s \u00a0: <\/strong>Contact : www.version-mangiennes.com<\/li>\n<\/ul>\n<p>  Epinal \u00a0: la Traviata\u00a0entre th\u00e9\u00e2tre et op\u00e9ra<\/p>\n<p>Sc\u00e8nes Vosges et le Flor\u00e9al musical d\u2019\u00c9pinal offrent une programmation conjointe et originale ce samedi 17 mai \u00e0 20\u200ah\u200a30 \u00e0 la Rotonde de Thaon-les-Vosges, avec un spectacle lyrico-dramaturgique intitul\u00e9 \u00ab\u200aTraviata, vous m\u00e9ritez un avenir meilleur. \u200a\u00bb Un parfum de r\u00eave et de r\u00e9alit\u00e9 flotte autour de La Traviata, comme si la vie et la mort de cette femme dite \u00ab\u200ad\u00e9voy\u00e9e\u200a\u00bb semblaient plus insaisissables que celles des autres h\u00e9ro\u00efnes lyriques. Les spectateurs sont ici invit\u00e9s dans l\u2019intimit\u00e9 br\u00fblante de Violetta, parmi les convives de cette f\u00eate fantasmagorique o\u00f9 se m\u00ealent th\u00e9\u00e2tre et op\u00e9ra, voix parl\u00e9es et voix chant\u00e9es.<\/p>\n<p>    &#13;<br \/>\n    &#13;<br \/>\n    &#13;<br \/>\n    <a href=\"https:\/\/cdn-s-www.estrepublicain.fr\/images\/882cc3fe-9df2-49d5-848a-10f3efc8fdff\/NW_raw\/photo-pascal-gely-1747383864.jpg\" title=\"Photo Pascal G\u00e9ly\" class=\"chocolat-image GA-tracking\" data-ga_type=\"click\" data-ga_category=\"D\u00e9tail\" data-ga_action=\"zoomer\" data-ga_label=\"aggrandir image\" rel=\"nofollow noopener\" target=\"_blank\">&#13;<br \/>\n        <img src=\"https:\/\/www.europesays.com\/fr\/wp-content\/uploads\/2025\/05\/photo-pascal-gely-1747383864.jpg\"   alt=\"Photo Pascal G\u00e9ly\" fetchpriority=\"high\" decoding=\"async\" data-mobile=\"NW_listA_M|1747383864\" data-base=\"NW_listA|1747383864\"\/>&#13;<br \/>\n    <\/a>&#13;<\/p>\n<p>Photo Pascal G\u00e9ly<\/p>\n<p class=\"insetTitle\">Les informations pratiques<\/p>\n<ul>\n<li><strong>Date.<\/strong>\u00a0Samedi 17 mai \u00e0 20\u200ah\u200a30.<\/li>\n<li><strong>Lieu.<\/strong> \u00a0Rotonde de Thaon-les-Vosges\u00a0(88)<\/li>\n<li><strong>Tarifs.<\/strong>\u00a0 Tarif plein 31 \u20ac, adh\u00e9rents 28 \u20ac, -\u2002de 15 ans 16 \u20ac. Renseignements au 03\u200a29\u200a65\u200a98\u200a58.<\/li>\n<\/ul>\n<p>  Moselle \u00a0: des brasseries r\u00e9gionales au Montigny Mouss<\/p>\n<p>Montigny Mouss revient samedi et dimanche \u00e0 l\u2019Espace Europa de Montigny-l\u00e8s-Metz avec une quinzaine de brasseries artisanales du Grand Est. Le festival met \u00e0 l\u2019honneur la bi\u00e8re locale et propose des ateliers sur r\u00e9servation\u200a: accords mets-bi\u00e8re (15 \u20ac) et initiation \u00e0 la d\u00e9gustation (10 \u20ac). Trois ap\u00e9ros-concerts rythmeront le week-end. L\u2019\u00e9v\u00e9nement, organis\u00e9 par l\u2019association Brassage de cultures, se d\u00e9roule en alternance une ann\u00e9e sur deux.<\/p>\n<p>    &#13;<br \/>\n    &#13;<br \/>\n    &#13;<br \/>\n    <a href=\"https:\/\/cdn-s-www.estrepublicain.fr\/images\/792bbef8-c4b8-464f-a214-f7ac047b2b4d\/NW_raw\/photo-rl-1747384214.jpg\" title=\"Photo RL\" class=\"chocolat-image GA-tracking\" data-ga_type=\"click\" data-ga_category=\"D\u00e9tail\" data-ga_action=\"zoomer\" data-ga_label=\"aggrandir image\" rel=\"nofollow noopener\" target=\"_blank\">&#13;<br \/>\n        <img src=\"https:\/\/www.europesays.com\/fr\/wp-content\/uploads\/2025\/05\/photo-rl-1747384214.jpg\"   alt=\"Photo RL\" fetchpriority=\"high\" decoding=\"async\" data-mobile=\"NW_listA_M|1747384214\" data-base=\"NW_listA|1747384214\"\/>&#13;<br \/>\n    <\/a>&#13;<\/p>\n<p>Photo RL<\/p>\n<p>  Metz \u00a0: convention de g\u00e9ocaching : grande chasse au tr\u00e9sor \u00e0 Bliiida<\/p>\n<p>Gr\u00e2ce \u00e0 l\u2019association Trip Team Moselle, Metz accueille, du 16 au 18 mai, la premi\u00e8re convention internationale de g\u00e9ocaching en France. L\u2019occasion pour mille g\u00e9ocacheurs de se retrouver \u00e0 Bliiida mais aussi d\u2019initier, samedi de 10 h \u00e0 16 h, le public \u00e0 cette chasse au tr\u00e9sor grandeur nature qui se pratique en suivant des coordonn\u00e9es GPS. Pour cette \u00ab Graoully Party \u00bb, vingt aventures seront propos\u00e9es sur le site.\u00a0<\/p>\n<p>    &#13;<br \/>\n    &#13;<br \/>\n    &#13;<br \/>\n    <a href=\"https:\/\/cdn-s-www.estrepublicain.fr\/images\/858706e9-e133-4256-aacb-85f7b5dfa6e9\/NW_raw\/photo-rl-1747384751.jpg\" title=\"Photo RL\" class=\"chocolat-image GA-tracking\" data-ga_type=\"click\" data-ga_category=\"D\u00e9tail\" data-ga_action=\"zoomer\" data-ga_label=\"aggrandir image\" rel=\"nofollow noopener\" target=\"_blank\">&#13;<br \/>\n        <img src=\"https:\/\/www.europesays.com\/fr\/wp-content\/uploads\/2025\/05\/photo-rl-1747384751.jpg\"   alt=\"Photo RL\" fetchpriority=\"high\" decoding=\"async\" data-mobile=\"NW_listA_M|1747384751\" data-base=\"NW_listA|1747384751\"\/>&#13;<br \/>\n    <\/a>&#13;<\/p>\n<p>Photo RL<\/p>\n<p class=\"insetTitle\">Les informations pratiques<\/p>\n<ul>\n<li>\n<ul>\n<li><strong>Date.<\/strong>\u00a0Samedi 17 mai, de 10 h \u00e0 16 h,<\/li>\n<li><strong>Lieu.<\/strong>\u00a0Bliiida, avenue de Blida, \u00e0 Metz.(Moselle)<\/li>\n<li><strong>Tarifs.<\/strong>\u00a0Entr\u00e9e libre<\/li>\n<\/ul>\n<\/li>\n<\/ul>\n","protected":false},"excerpt":{"rendered":"Nancy : mus\u00e9e des Beaux-Arts\u200a, une nuit pour visiter et jouer en famille Dans le cadre de la&hellip;\n","protected":false},"author":2,"featured_media":107841,"comment_status":"","ping_status":"","sticky":false,"template":"","format":"standard","meta":{"footnotes":""},"categories":[9635],"tags":[1111,11,3600,1687,3602,1704,1777,674,11210,11208,107,1011,27,775,3457,11209,1702,1703,12,3456,25,273,3140],"class_list":{"0":"post-107840","1":"post","2":"type-post","3":"status-publish","4":"format-standard","5":"has-post-thumbnail","7":"category-nancy","8":"tag-actu","9":"tag-actualites","10":"tag-bar-le-duc","11":"tag-culture-loisirs","12":"tag-edition-bar-le-duc","13":"tag-edition-nancy-et-agglomeration","14":"tag-eu","15":"tag-europe","16":"tag-fains-veel","17":"tag-faulx","18":"tag-fil-info","19":"tag-fr","20":"tag-france","21":"tag-grand-est","22":"tag-meurthe-et-moselle","23":"tag-meuse","24":"tag-nancy","25":"tag-nancy-ville-54b","26":"tag-news","27":"tag-region-lorraine","28":"tag-republique-francaise","29":"tag-selection-de-la-redaction","30":"tag-spectacle"},"share_on_mastodon":{"url":"https:\/\/pubeurope.com\/@fr\/114525237792289206","error":""},"_links":{"self":[{"href":"https:\/\/www.europesays.com\/fr\/wp-json\/wp\/v2\/posts\/107840","targetHints":{"allow":["GET"]}}],"collection":[{"href":"https:\/\/www.europesays.com\/fr\/wp-json\/wp\/v2\/posts"}],"about":[{"href":"https:\/\/www.europesays.com\/fr\/wp-json\/wp\/v2\/types\/post"}],"author":[{"embeddable":true,"href":"https:\/\/www.europesays.com\/fr\/wp-json\/wp\/v2\/users\/2"}],"replies":[{"embeddable":true,"href":"https:\/\/www.europesays.com\/fr\/wp-json\/wp\/v2\/comments?post=107840"}],"version-history":[{"count":0,"href":"https:\/\/www.europesays.com\/fr\/wp-json\/wp\/v2\/posts\/107840\/revisions"}],"wp:featuredmedia":[{"embeddable":true,"href":"https:\/\/www.europesays.com\/fr\/wp-json\/wp\/v2\/media\/107841"}],"wp:attachment":[{"href":"https:\/\/www.europesays.com\/fr\/wp-json\/wp\/v2\/media?parent=107840"}],"wp:term":[{"taxonomy":"category","embeddable":true,"href":"https:\/\/www.europesays.com\/fr\/wp-json\/wp\/v2\/categories?post=107840"},{"taxonomy":"post_tag","embeddable":true,"href":"https:\/\/www.europesays.com\/fr\/wp-json\/wp\/v2\/tags?post=107840"}],"curies":[{"name":"wp","href":"https:\/\/api.w.org\/{rel}","templated":true}]}}