{"id":107854,"date":"2025-05-17T21:24:10","date_gmt":"2025-05-17T21:24:10","guid":{"rendered":"https:\/\/www.europesays.com\/fr\/107854\/"},"modified":"2025-05-17T21:24:10","modified_gmt":"2025-05-17T21:24:10","slug":"le-couple-fait-plier-la-ville","status":"publish","type":"post","link":"https:\/\/www.europesays.com\/fr\/107854\/","title":{"rendered":"le couple fait plier la Ville"},"content":{"rendered":"<p>Ils avaient d\u00e9couvert avec effarement l\u2019installation par la Ville d\u2019un m\u00e2t m\u00e9tallique juch\u00e9 d\u2019une cam\u00e9ra de surveillance de la voie publique sous les fen\u00eatres de leur habitation, \u00e0 moins de 50\u00a0cm de leur fa\u00e7ade, route de Schirmeck. Une situation insupportable pour la famille Mandala <a href=\"https:\/\/www.dna.fr\/faits-divers-justice\/2024\/11\/14\/une-camera-publique-sous-leurs-fenetres\" target=\"_blank\" rel=\"noopener\">r\u00e9v\u00e9l\u00e9e par les DNA en novembre dernier<\/a> \u00a0: la pr\u00e9sence de la cam\u00e9ra donnant sur la fen\u00eatre de leur fille \u00e9tait per\u00e7ue comme trop intrusive. Leur sang n\u2019avait fait qu\u2019un tour quand la famille strasbourgeoise avait de plus d\u00e9couvert que cette cam\u00e9ra \u00e9tait destin\u00e9e \u00e0 la vid\u00e9overbalisation par la police municipale.<\/p>\n<p>Trois courriers recommand\u00e9s et un recours au tribunal administratif plus tard, le Service de l\u2019information et de la r\u00e9gulation automatique de la circulation (Sirac) a d\u00e9cid\u00e9 de faire machine arri\u00e8re. C\u2019est chose faite d\u00e9but mai\u00a0: \u00ab\u00a0Ma fille a vu le poteau bouger derri\u00e8re sa fen\u00eatre. Le temps que je sorte, le poteau \u00e9tait sur le camion\u00a0\u00bb, raconte la m\u00e8re de famille. \u00ab\u00a0Il a fallu 15 jours pour l\u2019installer, en 20 minutes il \u00e9tait d\u00e9mont\u00e9.\u00a0\u00bb<\/p>\n<p>  Une d\u00e9cision rare<\/p>\n<p>La cam\u00e9ra incrimin\u00e9e sera finalement install\u00e9e un peu plus loin sur un feu de circulation, au niveau du carrefour de la route de Schirmeck et de la rue des M\u00e9rovingiens, toujours en vue de surveiller le trafic routier et r\u00e9aliser des verbalisations, notamment concernant la circulation sur les couloirs de bus et les stationnements g\u00eanants. \u00ab\u00a0Je suis contente, on a r\u00e9ussi \u00e0 faire plier la Ville\u00a0\u00bb, se satisfait Anne Mandala dont la pugnacit\u00e9 a permis cette d\u00e9cision rare, d\u2019autant que l\u2019emplacement \u00e9tait valid\u00e9 par la Commission de vid\u00e9overbalisation. Derni\u00e8re \u00e9tape\u00a0: retrouver l\u2018\u00e9tat habituel du trottoir qui porte encore les stigmates de la pr\u00e9sence du poteau. Une r\u00e9fection compl\u00e8te est pr\u00e9vue selon la Ville.<\/p>\n","protected":false},"excerpt":{"rendered":"Ils avaient d\u00e9couvert avec effarement l\u2019installation par la Ville d\u2019un m\u00e2t m\u00e9tallique juch\u00e9 d\u2019une cam\u00e9ra de surveillance de&hellip;\n","protected":false},"author":2,"featured_media":107855,"comment_status":"","ping_status":"","sticky":false,"template":"","format":"standard","meta":{"footnotes":""},"categories":[2820],"tags":[1111,11,1984,2880,1777,674,274,107,1011,27,775,3539,12,316,25,104,640,2879],"class_list":{"0":"post-107854","1":"post","2":"type-post","3":"status-publish","4":"format-standard","5":"has-post-thumbnail","7":"category-strasbourg","8":"tag-actu","9":"tag-actualites","10":"tag-conseil-municipal","11":"tag-edition-strasbourg","12":"tag-eu","13":"tag-europe","14":"tag-faits-divers-justice","15":"tag-fil-info","16":"tag-fr","17":"tag-france","18":"tag-grand-est","19":"tag-les-ecologistes","20":"tag-news","21":"tag-politique","22":"tag-republique-francaise","23":"tag-societe","24":"tag-strasbourg","25":"tag-strasbourg-ville"},"share_on_mastodon":{"url":"https:\/\/pubeurope.com\/@fr\/114525285050971701","error":""},"_links":{"self":[{"href":"https:\/\/www.europesays.com\/fr\/wp-json\/wp\/v2\/posts\/107854","targetHints":{"allow":["GET"]}}],"collection":[{"href":"https:\/\/www.europesays.com\/fr\/wp-json\/wp\/v2\/posts"}],"about":[{"href":"https:\/\/www.europesays.com\/fr\/wp-json\/wp\/v2\/types\/post"}],"author":[{"embeddable":true,"href":"https:\/\/www.europesays.com\/fr\/wp-json\/wp\/v2\/users\/2"}],"replies":[{"embeddable":true,"href":"https:\/\/www.europesays.com\/fr\/wp-json\/wp\/v2\/comments?post=107854"}],"version-history":[{"count":0,"href":"https:\/\/www.europesays.com\/fr\/wp-json\/wp\/v2\/posts\/107854\/revisions"}],"wp:featuredmedia":[{"embeddable":true,"href":"https:\/\/www.europesays.com\/fr\/wp-json\/wp\/v2\/media\/107855"}],"wp:attachment":[{"href":"https:\/\/www.europesays.com\/fr\/wp-json\/wp\/v2\/media?parent=107854"}],"wp:term":[{"taxonomy":"category","embeddable":true,"href":"https:\/\/www.europesays.com\/fr\/wp-json\/wp\/v2\/categories?post=107854"},{"taxonomy":"post_tag","embeddable":true,"href":"https:\/\/www.europesays.com\/fr\/wp-json\/wp\/v2\/tags?post=107854"}],"curies":[{"name":"wp","href":"https:\/\/api.w.org\/{rel}","templated":true}]}}