{"id":107860,"date":"2025-05-17T21:27:11","date_gmt":"2025-05-17T21:27:11","guid":{"rendered":"https:\/\/www.europesays.com\/fr\/107860\/"},"modified":"2025-05-17T21:27:11","modified_gmt":"2025-05-17T21:27:11","slug":"balaye-a-nice-le-stade-brestois-part-en-vacances-sur-une-grosse-valise","status":"publish","type":"post","link":"https:\/\/www.europesays.com\/fr\/107860\/","title":{"rendered":"Balay\u00e9 \u00e0 Nice, le Stade Brestois part en vacances sur une grosse valise"},"content":{"rendered":"<p>Ligue 1 (34e et derni\u00e8re journ\u00e9e). Nice &#8211; Brest\u00a0: 0-6<\/p>\n<p>Flash-back. Le 19 mai 2024, jour quasi f\u00e9ri\u00e9 dans l\u2019histoire du SB29, Nice rend un grand service \u00e0 Brest lors de l\u2019ultime multiplex de la saison, en \u00e9galisant dans le temps additionnel sur la pelouse de Lille (2-2). Pendant ce temps, Brest s\u2019impose \u00e0 Toulouse (0-3) et acte sa premi\u00e8re participation \u00e0 la Ligue des champions.<\/p>\n<p>Comme pour rendre la pareille aux Aiglons, les Brestois ont ainsi ralenti Lille, cette saison, lors de l\u2019avant-derni\u00e8re journ\u00e9e (2-0), avant de (tr\u00e8s) lourdement s\u2019incliner \u00e0 l\u2019Allianz Riviera, ce samedi 17 mai 2025. Impossible d\u2019accuser de non-match volontaire les Brestois, auteurs d\u2019une bonne entame avant d\u2019\u00eatre s\u00e9v\u00e8rement punis. Difficile, \u00e9galement, d\u2019accabler une formation brestoise engag\u00e9e dans un 48e match cette saison (seul Paris en compte davantage en Ligue 1, avec 51).<\/p>\n<p>Pour autant, les Brestois ont \u00e0 peu tout montr\u00e9 d\u2019une \u00e9quipe en bout de course, sevr\u00e9e de tout enjeu, apr\u00e8s avoir r\u00e9alis\u00e9 une grande partie face aux Dogues dans un contexte similaire une semaine plus t\u00f4t. Laissant aux Ni\u00e7ois le monopole de l\u2019envie &#8211; inversement aux parcours europ\u00e9ens respectifs des deux \u00e9quipes cette saison &#8211; les co\u00e9quipiers d\u2019<a href=\"https:\/\/www.letelegramme.fr\/sports\/football\/stade-brestois\/nice-brest-le-groupe-brestois-sans-martin-mais-avec-balde-6819383.php\" title=\"www.letelegramme.fr\" target=\"_blank\" rel=\"noopener\">Hugo Magnetti, capitaine en l\u2019absence de Brendan Chardonnet<\/a>, ont souvent arpent\u00e9 la pelouse t\u00eate baiss\u00e9e.<\/p>\n<p>Une d\u00e9fense au bilan critique<\/p>\n<p>Le sc\u00e9nario ne les aidant en rien\u00a0: une contre-attaque \u00e9clair conclue par Guessand (16\u2019) puis un deuxi\u00e8me coup de massue, dans la foul\u00e9e, avec une remise de l\u2019Ivoirien pour Laborde dans une d\u00e9fense clairsem\u00e9e (19\u2019). Avant un auto-sabotage du malheureux Locko, titulaire pour la premi\u00e8re fois depuis plus d\u2019un an et engag\u00e9 dans une conduite de balle p\u00e9rilleuse dans sa surface (26\u2019).<\/p>\n<p>Tout en assurant une tr\u00e8s large et rare possession du ballon (58\u00a0% sur l\u2019ensemble du match), les \u00ab\u00a0Rouge et Blanc\u00a0\u00bb ont pass\u00e9 leur match \u00e0 \u00e9coper, \u00e9tant sanctionn\u00e9 \u00e0 deux nouvelles reprises apr\u00e8s la pause par Laborde (75\u2019), le revenant Moffi (82\u2019) et Abdi (90\u2019+4). Rappelant au passage que la d\u00e9fense finist\u00e9rienne (15e en Ligue 1) aura constitu\u00e9 un chantier permanent cette saison avec au moins trois buts conc\u00e9d\u00e9s lors d\u2019un tiers des rencontres (16\/48), et 59 r\u00e9alisations encaiss\u00e9es au total en championnat.<\/p>\n<p>Enfin le clap de fin<\/p>\n<p>Pass\u00e9 par le banc du Gym du temps o\u00f9 il \u00e9voluait encore au stade du Ray, l\u2019enfant du Cavigal \u00c9ric Roy a ainsi clos sur ses terres une semaine haute en couleurs, qui l\u2019a vu c\u00e9der son titre de meilleur entra\u00eeneur du championnat au Parisien Luis Enrique, avant d\u2019<a href=\"https:\/\/www.letelegramme.fr\/sports\/football\/stade-brestois\/eric-roy-prolonge-au-stade-brestois-jusquen-2027-6819107.php\" title=\"www.letelegramme.fr\" target=\"_blank\" rel=\"noopener\">enfin officialiser sa prolongation de deux ans sur le banc brestois<\/a>, vendredi.<\/p>\n<p>Malgr\u00e9 la cinglante d\u00e9faite, le Stade Brestois a boucl\u00e9 samedi deux ans de hauts faits sous l\u2019\u00e8re \u00ab Roy 2 \u00bb, apr\u00e8s la mission maintien du Ni\u00e7ois au printemps 2023. Signant 111 points au cumul des deux derni\u00e8res saisons &#8211; sixi\u00e8me bilan en Ligue 1 derri\u00e8re Nice. Alors que les Azur\u00e9ens, eux, devront se d\u00e9faire de deux adversaires avant de pouvoir int\u00e9grer la phase de ligue de C1, le SB29 dit adieu \u00e0 un hypoth\u00e9tique r\u00eave d\u2019Europe, laissant la huiti\u00e8me place au RC Lens. Rideau.<\/p>\n","protected":false},"excerpt":{"rendered":"Ligue 1 (34e et derni\u00e8re journ\u00e9e). Nice &#8211; Brest\u00a0: 0-6 Flash-back. Le 19 mai 2024, jour quasi f\u00e9ri\u00e9&hellip;\n","protected":false},"author":2,"featured_media":107861,"comment_status":"","ping_status":"","sticky":false,"template":"","format":"standard","meta":{"footnotes":""},"categories":[2819],"tags":[1111,11,3450,1777,674,63,1011,27,66,12,2401,882,25,60,4449],"class_list":{"0":"post-107860","1":"post","2":"type-post","3":"status-publish","4":"format-standard","5":"has-post-thumbnail","7":"category-nice","8":"tag-actu","9":"tag-actualites","10":"tag-brest","11":"tag-eu","12":"tag-europe","13":"tag-football","14":"tag-fr","15":"tag-france","16":"tag-ligue-1","17":"tag-news","18":"tag-nice","19":"tag-provence-alpes-cote-dazur","20":"tag-republique-francaise","21":"tag-sports","22":"tag-stade-brestois"},"share_on_mastodon":{"url":"https:\/\/pubeurope.com\/@fr\/114525296620989796","error":""},"_links":{"self":[{"href":"https:\/\/www.europesays.com\/fr\/wp-json\/wp\/v2\/posts\/107860","targetHints":{"allow":["GET"]}}],"collection":[{"href":"https:\/\/www.europesays.com\/fr\/wp-json\/wp\/v2\/posts"}],"about":[{"href":"https:\/\/www.europesays.com\/fr\/wp-json\/wp\/v2\/types\/post"}],"author":[{"embeddable":true,"href":"https:\/\/www.europesays.com\/fr\/wp-json\/wp\/v2\/users\/2"}],"replies":[{"embeddable":true,"href":"https:\/\/www.europesays.com\/fr\/wp-json\/wp\/v2\/comments?post=107860"}],"version-history":[{"count":0,"href":"https:\/\/www.europesays.com\/fr\/wp-json\/wp\/v2\/posts\/107860\/revisions"}],"wp:featuredmedia":[{"embeddable":true,"href":"https:\/\/www.europesays.com\/fr\/wp-json\/wp\/v2\/media\/107861"}],"wp:attachment":[{"href":"https:\/\/www.europesays.com\/fr\/wp-json\/wp\/v2\/media?parent=107860"}],"wp:term":[{"taxonomy":"category","embeddable":true,"href":"https:\/\/www.europesays.com\/fr\/wp-json\/wp\/v2\/categories?post=107860"},{"taxonomy":"post_tag","embeddable":true,"href":"https:\/\/www.europesays.com\/fr\/wp-json\/wp\/v2\/tags?post=107860"}],"curies":[{"name":"wp","href":"https:\/\/api.w.org\/{rel}","templated":true}]}}