{"id":107862,"date":"2025-05-17T21:29:10","date_gmt":"2025-05-17T21:29:10","guid":{"rendered":"https:\/\/www.europesays.com\/fr\/107862\/"},"modified":"2025-05-17T21:29:10","modified_gmt":"2025-05-17T21:29:10","slug":"une-saison-mitigee-malgre-le-maintien-les-supporters-font-grise-mine","status":"publish","type":"post","link":"https:\/\/www.europesays.com\/fr\/107862\/","title":{"rendered":"\u00ab\u00a0une saison mitig\u00e9e\u00a0\u00bb, malgr\u00e9 le maintien les supporters font grise mine"},"content":{"rendered":"<p>            Par<br \/>\n        <strong><br \/>\n            <a href=\"https:\/\/actu.fr\/auteur\/thomas-bernard\" title=\"Consulter tous les articles de Thomas Bernard\" target=\"_blank\" rel=\"noopener\">Thomas Bernard<\/a><br \/>\n        <\/strong><\/p>\n<p>        Publi\u00e9 le<\/p>\n<p>            17 mai 2025 \u00e0 23h14        <\/p>\n<p>Des buts, des applaudissements et une victoire. C\u2019\u00e9tait presque un soir de f\u00eate<a href=\"https:\/\/actu.fr\/tag\/beaujoire\" target=\"_blank\" rel=\"noopener\"> au stade de la Beaujoire<\/a>. Le FC Nantes n\u2019avait plus connu un tel sc\u00e9nario depuis le mois de mars et un succ\u00e8s contre Lille (1-0).<\/p>\n<p class=\" wall-content\">Ce samedi 17\u00a0mai, <strong>les Canaris l\u2019ont emport\u00e9 3-0 face \u00e0 Montpellier<\/strong>, lors de la 34 \u00e8me et derni\u00e8re journ\u00e9e de Ligue\u00a01. Des buts inscrits par Moses Simon, Francis Coquelin et Matthis Abline.<\/p>\n<p class=\" wall-content\">Gr\u00e2ce \u00e0 cette victoire, les co\u00e9quipiers de Pedro Chirivella assurent leur maintien parmi l\u2019\u00e9lite du football fran\u00e7ais. Un exercice 2024-2025 que les supporters du FCN ne garderont pas en m\u00e9moire. Rencontres avec les fans des Jaune et Vert.<\/p>\n<p class=\" wall-content\">\n<p>\u00ab\u2009Une saison catastrophique\u2009\u00bb<\/p>\n<p class=\" wall-content\">Sous le soleil printanier, les supporters nantais sont venus saluer en nombre les Canaris d\u00e8s leur arriv\u00e9e au stade \u00e0 19h30. Aux abords de l\u2019enceinte, des fans d\u00e9briefent la saison.<\/p>\n<p class=\" wall-content\">\u00ab\u2009C\u2019est une saison plus que mitig\u00e9e. C\u2019\u00e9tait compliqu\u00e9 les contenus des matchs. On a bien jou\u00e9 que <a href=\"https:\/\/actu.fr\/pays-de-la-loire\/nantes_44109\/le-fc-nantes-accroche-le-psg-et-decroche-un-point-precieux-pour-le-maintien_62544255.html\" target=\"_blank\" rel=\"noopener\">contre les grosses \u00e9quipes\u2009\u00bb<\/a>, confie Baptiste, abonn\u00e9 en tribune Loire.<\/p>\n<p>Vid\u00e9os : en ce moment sur Actu<br \/>\n    <img   decoding=\"async\" loading=\"lazy\" src=\"https:\/\/www.europesays.com\/fr\/wp-content\/uploads\/2025\/05\/supporters-fc-nantes-stade-de-la-beaujoire-960x640.jpeg\" alt=\"Jean-Claude, Nils et Mathieu ont \u00e9t\u00e9 d\u00e9\u00e7us par la saison 2024-2025 du FC Nantes. \" width=\"960\" height=\"640\"\/><br \/>\n    Jean-Claude, Nils et Mathieu ont \u00e9t\u00e9 d\u00e9\u00e7us par la saison 2024-2025 du FC Nantes. (\u00a9Thomas Bernard \/ actu Nantes)<\/p>\n<p class=\" wall-content\">\u00ab\u2009On a l\u2019impression qu\u2019il y a eu un manque d\u2019envie.<strong> L\u2019\u00e9quipe ne d\u00e9gage pas d\u2019\u00e9motion\u2009\u00bb<\/strong>, note Mathieu. Au-del\u00e0 des r\u00e9sultats, c\u2019est la qualit\u00e9 de jeu propos\u00e9e par les Nantais qui a agac\u00e9 le public. \u00ab\u2009La saison a \u00e9t\u00e9 catastrophique, <strong>on s\u2019est tr\u00e8s souvent ennuy\u00e9 au stade\u2009\u00bb<\/strong>, regrette Clint.<\/p>\n<p class=\" wall-content\">Malgr\u00e9 cela, les supporters n\u2019ont pas boud\u00e9 les tribunes. Ce samedi, le stade de la Beaujoire \u00e9tait garni avec <strong>34\u2009780\u00a0spectateurs<\/strong>.<\/p>\n<p>Leroux, Kombouar\u00e9, Lopes, l\u2019avis des supporters<\/p>\n<p class=\" wall-content\">Avec le maintien acquis, les amoureux du FCN se projettent d\u00e9j\u00e0 sur la saison prochaine, \u00e0 commencer par le futur d\u2019Antoine Kombouar\u00e9.<\/p>\n<p class=\" wall-content\">\u00ab\u2009Merci pour tout Antoine mais je pense qu\u2019il faut passer \u00e0 autre chose\u2009\u00bb explique Baptiste. \u00ab\u2009Les compositions \u00e9taient trop souvent d\u00e9fensives, on a trop subi dans le jeu\u2009\u00bb, analyse quant \u00e0 lui Clint.<\/p>\n<p class=\" wall-content\">Le nom du technicien des Jaune et Vert a \u00e9t\u00e9 copieusement siffl\u00e9 lors de l\u2019annonce des compositions. Pour rappel, il reste un an de contrat \u00e0 l\u2019entra\u00eeneur<a href=\"https:\/\/actu.fr\/pays-de-la-loire\/nantes_44109\/coupe-de-france-22-ans-apres-le-fc-nantes-decroche-enfin-un-trophee_50700823.html\" target=\"_blank\" rel=\"noopener\"> vainqueur de la coupe de France avec le FCN en 2022<\/a>. La direction du club se penchera sur son avenir dans les prochaines semaines.<\/p>\n<p>    <img   decoding=\"async\" loading=\"lazy\" src=\"https:\/\/www.europesays.com\/fr\/wp-content\/uploads\/2025\/05\/stade-de-la-beaujoire-tribune-loire-960x640.jpeg\" alt=\"En fin de rencontre, les supporters de la brigade Loire ont d\u00e9ploy\u00e9 une banderole pour d\u00e9noncer \" width=\"960\" height=\"640\"\/><br \/>\n    En fin de rencontre, les supporters de la brigade Loire ont d\u00e9ploy\u00e9 une banderole pour d\u00e9noncer \u00ab\u2009une \u00e9ni\u00e8me saison noire\u2009\u00bb du FC Nantes. (\u00a9Thomas Bernard \/ actu Nantes)<\/p>\n<p class=\" wall-content\">Du c\u00f4t\u00e9 de l\u2019effectif, le FC Nantes pourrait \u00eatre amen\u00e9 \u00e0 rapidement vendre des joueurs en raison <a href=\"https:\/\/actu.fr\/sports\/football\/droits-tv-du-foot-avec-la-fin-de-la-mediation-dazn-lfp-quel-avenir-pour-la-diffusion-de-la-ligue-1_62511193.html\" target=\"_blank\" rel=\"noopener\">de l\u2019incertitude et du manque \u00e0 gagner des droits t\u00e9l\u00e9<\/a>. Matthis Abline ou Nathan Z\u00e9z\u00e9 pourraient quitter le club et d\u2019autres pourraient ne pas prolonger l\u2019aventure comme Nicolas Pallois, ovationn\u00e9 lors de sa sortie \u00e0 la 71 \u00e8me minute de jeu.<\/p>\n<p class=\" wall-content\">Les supporters interrog\u00e9s partagent le m\u00eame avis, un joueur est intouchable pour la saison prochaine c\u2019est <strong>Louis Leroux<\/strong>. \u00ab\u2009C\u2019est la r\u00e9v\u00e9lation de l\u2019ann\u00e9e. Il est impactant sur ses entr\u00e9es et il est souvent d\u00e9cisif\u2009\u00bb \u00ab\u2009C\u2019est surtout un enfant du club\u2009\u00bb, ajoute Jean-Paul\u00a0FC Nantes l\u2019ann\u00e9e. Le num\u00e9ro\u00a066 est devenu la nouvelle coqueluche de l\u2019antre nantaise.<\/p>\n<p class=\" wall-content\">\u00ab\u2009Lopes a apport\u00e9 son leadership, ce n\u2019\u00e9tait pas \u00e9vident pour lui de quitter Lyon\u2009\u00bb, note Paul.<\/p>\n<p class=\" wall-content\">\u00ab\u2009Rideau sur cette \u00e9ni\u00e8me saison noire\u2009\u00bb, c\u2019est l\u2019ultime banderole d\u00e9ploy\u00e9e par la tribune Loire. L\u2019acte final d\u2019une triste saison 2024-2025.<\/p>\n<p class=\" wall-content\">Suivez toute l\u2019actualit\u00e9 de vos villes et m\u00e9dias favoris en vous inscrivant \u00e0 <a href=\"https:\/\/moncompte.actu.fr\" title=\"D\u00e9couvez Mon Actu\" rel=\"nofollow noopener\" data-trk=\"{&quot;cta&quot;:{&quot;action&quot;:&quot;https:\\\/\\\/moncompte.actu.fr&quot;,&quot;category&quot;:&quot;mon compte&quot;,&quot;from&quot;:&quot;article footer&quot;,&quot;name&quot;:&quot;Mon actu&quot;,&quot;type&quot;:&quot;cta&quot;}}\" target=\"_blank\">Mon Actu<\/a>.<\/p>\n<ul class=\"ac-article-tag wall-content\">\n<li><a href=\"https:\/\/actu.fr\/tag\/fc-nantes\" data-trk=\"{&quot;cta&quot;:{&quot;action&quot;:&quot;FC Nantes&quot;,&quot;category&quot;:&quot;tag&quot;,&quot;from&quot;:&quot;article footer&quot;,&quot;name&quot;:&quot;FC Nantes&quot;,&quot;type&quot;:&quot;cta&quot;}}\" target=\"_blank\" rel=\"noopener\">#FC Nantes<\/a><\/li>\n<li><a href=\"https:\/\/actu.fr\/tag\/stade-de-la-beaujoire\" data-trk=\"{&quot;cta&quot;:{&quot;action&quot;:&quot;stade de la Beaujoire&quot;,&quot;category&quot;:&quot;tag&quot;,&quot;from&quot;:&quot;article footer&quot;,&quot;name&quot;:&quot;stade de la Beaujoire&quot;,&quot;type&quot;:&quot;cta&quot;}}\" target=\"_blank\" rel=\"noopener\">#stade de la Beaujoire<\/a><\/li>\n<\/ul>\n","protected":false},"excerpt":{"rendered":"Par Thomas Bernard Publi\u00e9 le 17 mai 2025 \u00e0 23h14 Des buts, des applaudissements et une victoire. C\u2019\u00e9tait&hellip;\n","protected":false},"author":2,"featured_media":107863,"comment_status":"","ping_status":"","sticky":false,"template":"","format":"standard","meta":{"footnotes":""},"categories":[2818],"tags":[1111,11,1777,674,462,63,1011,27,766,12,2636,25,60,14854],"class_list":{"0":"post-107862","1":"post","2":"type-post","3":"status-publish","4":"format-standard","5":"has-post-thumbnail","7":"category-nantes","8":"tag-actu","9":"tag-actualites","10":"tag-eu","11":"tag-europe","12":"tag-fc-nantes","13":"tag-football","14":"tag-fr","15":"tag-france","16":"tag-nantes","17":"tag-news","18":"tag-pays-de-la-loire","19":"tag-republique-francaise","20":"tag-sports","21":"tag-stade-de-la-beaujoire"},"share_on_mastodon":{"url":"https:\/\/pubeurope.com\/@fr\/114525304587933963","error":""},"_links":{"self":[{"href":"https:\/\/www.europesays.com\/fr\/wp-json\/wp\/v2\/posts\/107862","targetHints":{"allow":["GET"]}}],"collection":[{"href":"https:\/\/www.europesays.com\/fr\/wp-json\/wp\/v2\/posts"}],"about":[{"href":"https:\/\/www.europesays.com\/fr\/wp-json\/wp\/v2\/types\/post"}],"author":[{"embeddable":true,"href":"https:\/\/www.europesays.com\/fr\/wp-json\/wp\/v2\/users\/2"}],"replies":[{"embeddable":true,"href":"https:\/\/www.europesays.com\/fr\/wp-json\/wp\/v2\/comments?post=107862"}],"version-history":[{"count":0,"href":"https:\/\/www.europesays.com\/fr\/wp-json\/wp\/v2\/posts\/107862\/revisions"}],"wp:featuredmedia":[{"embeddable":true,"href":"https:\/\/www.europesays.com\/fr\/wp-json\/wp\/v2\/media\/107863"}],"wp:attachment":[{"href":"https:\/\/www.europesays.com\/fr\/wp-json\/wp\/v2\/media?parent=107862"}],"wp:term":[{"taxonomy":"category","embeddable":true,"href":"https:\/\/www.europesays.com\/fr\/wp-json\/wp\/v2\/categories?post=107862"},{"taxonomy":"post_tag","embeddable":true,"href":"https:\/\/www.europesays.com\/fr\/wp-json\/wp\/v2\/tags?post=107862"}],"curies":[{"name":"wp","href":"https:\/\/api.w.org\/{rel}","templated":true}]}}