{"id":107866,"date":"2025-05-17T21:31:15","date_gmt":"2025-05-17T21:31:15","guid":{"rendered":"https:\/\/www.europesays.com\/fr\/107866\/"},"modified":"2025-05-17T21:31:15","modified_gmt":"2025-05-17T21:31:15","slug":"n2-reaction-de-bruno-irles-apres-la-defaite-des-girondins-face-a-locmine-2-0","status":"publish","type":"post","link":"https:\/\/www.europesays.com\/fr\/107866\/","title":{"rendered":"N2 : r\u00e9action de Bruno Irl\u00e8s apr\u00e8s la d\u00e9faite des Girondins face \u00e0 Locmin\u00e9 (2-0)"},"content":{"rendered":"<p><img decoding=\"async\" src=\"https:\/\/www.europesays.com\/fr\/wp-content\/uploads\/2025\/04\/671_5fe78937dc0c0516c03c3e6ef281424d.jpg\" alt=\"N2 : r\u00e9action de Bruno Irl\u00e8s apr\u00e8s la d\u00e9faite des Girondins face \u00e0 Locmin\u00e9 (2-0)\" class=\"img-responsive mt-3\"\/><\/p>\n<p class=\"text-center mb-3\" style=\"font-size: 14px\">\u00a9 Iconsport<\/p>\n<p><strong>\u201cNous sommes dans la pr\u00e9paration de la suite\u201d<\/strong><\/p>\n<p>Bruno Irl\u00e8s via la radio For Ever : \u201cCe soir, c\u2019est un \u00e9piph\u00e9nom\u00e8ne. Bravo \u00e0 Locmin\u00e9 qui, cette fois, nous a battus dans les r\u00e8gles de l\u2019art, je les f\u00e9licite.<\/p>\n<p>On avait \u00e0 c\u0153ur de bien terminer la saison \u00e0 domicile, \u00e7a a \u00e9t\u00e9 fait la semaine derni\u00e8re. Aujourd&rsquo;hui, le plus important est ailleurs. Cela s\u2019est <a href=\"https:\/\/www.webgirondins.com\/actualite-girondins-video-les-buts-encaisses-par-les-girondins-et-l-arret-sur-penalty-de-lassana-diabate-129114\" target=\"_blank\" rel=\"noopener\">ressenti sur le terrain, on n\u2019y \u00e9tait pas.\u00a0\u00bb<\/a><\/p>\n<p><strong>\u00ab\u00a0Faire passer cette \u00e9quipe vers le monde pro\u00a0\u00bb<\/strong><\/p>\n<p>\u00ab\u00a0Nous sommes dans la pr\u00e9paration de la suite. Nous ne sommes pas ici pour \u00eatre 3e, 4e, 5e. Notre objectif est de passer les \u00e9tapes, de faire passer cette \u00e9quipe vers le monde pro. Ce n\u2019est pas le cas cette saison. Nous apprenons \u00e0 chaque match. J&rsquo;ai aussi encore appris aujourd\u2019hui, et ce match n\u2019est pas une fin en soi.\u00a0\u00bb<\/p>\n<p><strong>\u00ab\u00a0On ne m\u00e9ritait pas de monter\u00a0\u00bb<\/strong><\/p>\n<p>\u00ab\u00a0Finir avec autant de d\u00e9faites veut tout simplement dire qu\u2019on ne m\u00e9ritait pas de monter. Mais encore une fois, \u00e7a ne s\u2019est pas jou\u00e9 aujourd\u2019hui. C\u2019est pour cela que ce match-l\u00e0\u2026 (il se coupe) nous avions vraiment \u00e0 c\u0153ur de bien finir \u00e0 domicile, et maintenant, on pr\u00e9pare la suite.\u201d<\/p>\n<p><strong>\u201cDes fois, \u00e0 chaud, il ne faut pas parler\u201d<\/strong><\/p>\n<p>\u201c\u00c0 la fin du match, je n\u2019ai pas parl\u00e9 \u00e0 mes joueurs dans les vestiaires. Des fois, \u00e0 chaud, il ne faut pas parler. J\u2019exprimerai ce que je ressens dans le bus. Moi, je n\u2019aime pas perdre, eux, ils sont agac\u00e9s. Mon objectif, c\u2019est de motiver les joueurs, c\u2019est aussi de chercher des solutions. J\u2019en ai encore cherch\u00e9 pour emmener les joueurs vers la victoire, m\u00eame si ce match n\u2019avait pas d\u2019importance. Mais bien entendu que je suis \u00e9nerv\u00e9 quand on ne gagne pas.\u201d<\/p>\n<p><strong>\u201cOn d\u00e9pend du travail de la direction pour maintenir les Girondins\u201d<\/strong><\/p>\n<p>\u201cSur la future structure de l\u2019\u00e9quipe, on a d\u00e9j\u00e0 beaucoup \u00e9chang\u00e9. On termine la saison avec les joueurs qui m\u00e9ritent de jouer, mais oui, on a d\u00e9j\u00e0 beaucoup travaill\u00e9 et avanc\u00e9. Apr\u00e8s, on d\u00e9pend du travail de la direction pour maintenir les Girondins de Bordeaux sur la carte. Ensuite, \u00e0 nous de faire le travail.\u201d<\/p>\n<p><strong>\u201cLes joueurs peuvent effectivement poser des questions sur la suite\u201d<\/strong><\/p>\n<p>\u201cCe qui peut perturber les joueurs, ce n\u2019est pas l\u2019aspect administratif, mais l\u2019aspect sportif, car nous devrons changer des choses. Les joueurs peuvent effectivement se poser des questions sur la suite du sportif la saison prochaine.\u201d<\/p>\n<p><strong>\u201cJe sais qu\u2019il m\u2019appellera\u201d<\/strong><\/p>\n<p>Bruno Irl\u00e8s pour WebGirondins : \u201cNon, je n\u2019ai pas de rendez-vous pr\u00e9vu avec le pr\u00e9sident la semaine prochaine, mais je sais qu\u2019il m\u2019appellera.\u201d<\/p>\n<p>\u00a0<\/p>\n<p>\u00c0 lire aussi &gt;&gt;<a href=\"https:\/\/www.webgirondins.com\/actualite-girondins-n2-les-girondins-encore-battu-par-locmine-terminent-a-la-4e-place-du-groupe-b-129112\" target=\"_blank\" rel=\"noopener\"><strong> N2 : Les Girondins encore battu par Locmin\u00e9 terminent \u00e0 la 4e place du groupe B<\/strong><\/a><\/p>\n<p>Notre podcast court \u00e0 \u00e9couter :<\/p>\n<p>\u00a0<\/p>\n","protected":false},"excerpt":{"rendered":"\u00a9 Iconsport \u201cNous sommes dans la pr\u00e9paration de la suite\u201d Bruno Irl\u00e8s via la radio For Ever :&hellip;\n","protected":false},"author":2,"featured_media":5157,"comment_status":"","ping_status":"","sticky":false,"template":"","format":"standard","meta":{"footnotes":""},"categories":[2817],"tags":[1111,11,150,3396,1997,3211,11526,8484,1777,674,14034,2823,1011,27,1987,3212,22567,4564,955,12,2219,22569,392,471,3285,4048,22568,3210,25,3242,18803,11848,8436],"class_list":{"0":"post-107866","1":"post","2":"type-post","3":"status-publish","4":"format-standard","5":"has-post-thumbnail","7":"category-bordeaux","8":"tag-actu","9":"tag-actualites","10":"tag-apres","11":"tag-avec","12":"tag-bordeaux","13":"tag-bruno","14":"tag-clair","15":"tag-defaite","16":"tag-eu","17":"tag-europe","18":"tag-evoquer","19":"tag-face","20":"tag-fr","21":"tag-france","22":"tag-girondins","23":"tag-irles","24":"tag-locmine","25":"tag-mais","26":"tag-match","27":"tag-news","28":"tag-nouvelle-aquitaine","29":"tag-objectif","30":"tag-perdu","31":"tag-pour","32":"tag-presente","33":"tag-presse","34":"tag-projette","35":"tag-reaction","36":"tag-republique-francaise","37":"tag-saison","38":"tag-suivante","39":"tag-surtout","40":"tag-zone"},"share_on_mastodon":{"url":"https:\/\/pubeurope.com\/@fr\/114525312573975902","error":""},"_links":{"self":[{"href":"https:\/\/www.europesays.com\/fr\/wp-json\/wp\/v2\/posts\/107866","targetHints":{"allow":["GET"]}}],"collection":[{"href":"https:\/\/www.europesays.com\/fr\/wp-json\/wp\/v2\/posts"}],"about":[{"href":"https:\/\/www.europesays.com\/fr\/wp-json\/wp\/v2\/types\/post"}],"author":[{"embeddable":true,"href":"https:\/\/www.europesays.com\/fr\/wp-json\/wp\/v2\/users\/2"}],"replies":[{"embeddable":true,"href":"https:\/\/www.europesays.com\/fr\/wp-json\/wp\/v2\/comments?post=107866"}],"version-history":[{"count":0,"href":"https:\/\/www.europesays.com\/fr\/wp-json\/wp\/v2\/posts\/107866\/revisions"}],"wp:featuredmedia":[{"embeddable":true,"href":"https:\/\/www.europesays.com\/fr\/wp-json\/wp\/v2\/media\/5157"}],"wp:attachment":[{"href":"https:\/\/www.europesays.com\/fr\/wp-json\/wp\/v2\/media?parent=107866"}],"wp:term":[{"taxonomy":"category","embeddable":true,"href":"https:\/\/www.europesays.com\/fr\/wp-json\/wp\/v2\/categories?post=107866"},{"taxonomy":"post_tag","embeddable":true,"href":"https:\/\/www.europesays.com\/fr\/wp-json\/wp\/v2\/tags?post=107866"}],"curies":[{"name":"wp","href":"https:\/\/api.w.org\/{rel}","templated":true}]}}