{"id":107873,"date":"2025-05-17T21:35:22","date_gmt":"2025-05-17T21:35:22","guid":{"rendered":"https:\/\/www.europesays.com\/fr\/107873\/"},"modified":"2025-05-17T21:35:22","modified_gmt":"2025-05-17T21:35:22","slug":"le-but-spectaculaire-de-remy-cabella-pour-sa-derniere-au-losc-2","status":"publish","type":"post","link":"https:\/\/www.europesays.com\/fr\/107873\/","title":{"rendered":"le but spectaculaire de R\u00e9my Cabella pour sa derni\u00e8re au Losc"},"content":{"rendered":"<p>La plus belle mani\u00e8re de se dire au revoir. Pour son ultime match sous les couleurs de Lille, R\u00e9my Cabella a fait les choses en grand en inscrivant un but exceptionnel et acrobatique pour ouvrir le score contre le Stade de Reims samedi soir \u00e0 domicile lors <a href=\"https:\/\/rmcsport.bfmtv.com\/football\/ligue-1\/direct-ligue-1-suivez-le-multiplex-de-la-34e-et-derniere-journee-de-championnat-en-live_LS-202505170194.html\" rel=\"nofollow noopener\" target=\"_blank\" data-ylk=\"slk:de la derni\u00e8re journ\u00e9e de Ligue 1;elm:context_link;itc:0;sec:content-canvas\" class=\"link \">de la derni\u00e8re journ\u00e9e de Ligue 1<\/a>.<\/p>\n<p>Une sublime aile de pigeon<\/p>\n<p>Devant le magnifique tifo dress\u00e9 par les DVE, qui f\u00eataient leurs 35 ans ce samedi \u00e0 Pierre-Mauroy, le milieu de terrain fran\u00e7ais s&rsquo;est retrouv\u00e9 seul face \u00e0 Yehvann Diouf au second poteau \u00e0 la r\u00e9ception d&rsquo;une balle&#8230; avec un peu de r\u00e9ussite. Apr\u00e8s une frappe lointaine de Thomas Meunier, qui a \u00e9t\u00e9 frein\u00e9e par des jambes r\u00e9moises, le ballon est revenu sur l&rsquo;ancien Montp\u00e9lli\u00e9rain qui a conclu, dos au but, d&rsquo;une sublime aile de pigeon.<\/p>\n<p>En fin de contrat \u00e0 l&rsquo;issue de cette saison, le milieu de terrain avait officialis\u00e9 son d\u00e9part du club nordiste le 6 mai dernier, trois ans apr\u00e8s sa signature en provenance de Montpellier. Il n&rsquo;est pas le seul Lillois en fin de contrat \u00e0 ne pas prolonger, l&rsquo;attaquant canadien Jonathan David et le gardien Vito Mannone s&rsquo;en iront aussi.<\/p>\n<p><a href=\"https:\/\/rmcsport.bfmtv.com\/football\/clubs\/losc-lille\/lille-reims-le-but-spectaculaire-de-remy-cabella-pour-sa-derniere-au-losc_AV-202505170373.html#xtor=AL-68\" rel=\"nofollow noopener\" target=\"_blank\" data-ylk=\"slk:Article original publi\u00e9 sur RMC Sport;elm:context_link;itc:0;sec:content-canvas\" class=\"link \">Article original publi\u00e9 sur RMC Sport<\/a><\/p>\n","protected":false},"excerpt":{"rendered":"La plus belle mani\u00e8re de se dire au revoir. Pour son ultime match sous les couleurs de Lille,&hellip;\n","protected":false},"author":2,"featured_media":107874,"comment_status":"","ping_status":"","sticky":false,"template":"","format":"standard","meta":{"footnotes":""},"categories":[2815],"tags":[1111,11,22570,1777,674,22571,1011,27,811,8094,1307,12,8098,25,464,4676,22573,22572],"class_list":{"0":"post-107873","1":"post","2":"type-post","3":"status-publish","4":"format-standard","5":"has-post-thumbnail","7":"category-lille","8":"tag-actu","9":"tag-actualites","10":"tag-aile-de-pigeon","11":"tag-eu","12":"tag-europe","13":"tag-fin-de-contrat","14":"tag-fr","15":"tag-france","16":"tag-hauts-de-france","17":"tag-jonathan-david","18":"tag-lille","19":"tag-news","20":"tag-remy-cabella","21":"tag-republique-francaise","22":"tag-stade-de-reims","23":"tag-thomas-meunier","24":"tag-vito-mannone","25":"tag-yehvann-diouf"},"share_on_mastodon":{"url":"https:\/\/pubeurope.com\/@fr\/114525328100447524","error":""},"_links":{"self":[{"href":"https:\/\/www.europesays.com\/fr\/wp-json\/wp\/v2\/posts\/107873","targetHints":{"allow":["GET"]}}],"collection":[{"href":"https:\/\/www.europesays.com\/fr\/wp-json\/wp\/v2\/posts"}],"about":[{"href":"https:\/\/www.europesays.com\/fr\/wp-json\/wp\/v2\/types\/post"}],"author":[{"embeddable":true,"href":"https:\/\/www.europesays.com\/fr\/wp-json\/wp\/v2\/users\/2"}],"replies":[{"embeddable":true,"href":"https:\/\/www.europesays.com\/fr\/wp-json\/wp\/v2\/comments?post=107873"}],"version-history":[{"count":0,"href":"https:\/\/www.europesays.com\/fr\/wp-json\/wp\/v2\/posts\/107873\/revisions"}],"wp:featuredmedia":[{"embeddable":true,"href":"https:\/\/www.europesays.com\/fr\/wp-json\/wp\/v2\/media\/107874"}],"wp:attachment":[{"href":"https:\/\/www.europesays.com\/fr\/wp-json\/wp\/v2\/media?parent=107873"}],"wp:term":[{"taxonomy":"category","embeddable":true,"href":"https:\/\/www.europesays.com\/fr\/wp-json\/wp\/v2\/categories?post=107873"},{"taxonomy":"post_tag","embeddable":true,"href":"https:\/\/www.europesays.com\/fr\/wp-json\/wp\/v2\/tags?post=107873"}],"curies":[{"name":"wp","href":"https:\/\/api.w.org\/{rel}","templated":true}]}}