{"id":107877,"date":"2025-05-17T21:37:09","date_gmt":"2025-05-17T21:37:09","guid":{"rendered":"https:\/\/www.europesays.com\/fr\/107877\/"},"modified":"2025-05-17T21:37:09","modified_gmt":"2025-05-17T21:37:09","slug":"polo-elite-vainqueur-a-aix-marseille-se-rapproche-du-titre-national","status":"publish","type":"post","link":"https:\/\/www.europesays.com\/fr\/107877\/","title":{"rendered":"polo &#8211; Elite : vainqueur \u00e0 Aix, Marseille se rapproche du titre national"},"content":{"rendered":"<p>La f\u00eate du water-polo a \u00e9t\u00e9 compl\u00e8te ce samedi soir \u00e0 la piscine Yves-Blanc pour cette finale aller du championnat de France Elite.<\/p>\n<p>Plus de\u00a01000 personnes dans les gradins, une banda chaleureuse, de l&rsquo;\u00e9motion en fin de match avec<a href=\"https:\/\/www.laprovence.com\/article\/sports\/2077692177115315\/water-polo-apres-19-ans-a-la-tete-du-pays-daix-natation-alexandre-donsimoni-tire-sa-reverence\" target=\"_blank\" rel=\"noopener\"> les adieux d&rsquo;Alexandre Donsimoni<\/a> &#8211; enfant du Cercle des Nageurs de Marseille et entra\u00eeneur embl\u00e9matique du Pays d&rsquo;Aix Natation depuis 19\u00a0ans &#8211;\u00a0et au final, un succ\u00e8s des polo\u00efstes marseillais (12-14) au terme d&rsquo;une rencontre passionnante.<\/p>\n<p>On pensait que le CNM allait croquer tout cru cette formation aixoise, miracul\u00e9e en demie face \u00e0 Strasbourg pour s&rsquo;offrir cette premi\u00e8re finale 100% proven\u00e7ale. Le voyage au Pir\u00e9e en milieu de semaine en Ligue des Champions n&rsquo;a laiss\u00e9 aucune trace chez les hommes de Scepanovic, \u00e0 part une mise en route difficile dans les premi\u00e8res minutes (3-1) avant que la machine \u00e0 gagner ne fasse le m\u00e9nage (3-5).<\/p>\n<p>\u00ab\u00a0On savait que les Aixois allaient d\u00e9marrer fort, expliquait Micha\u00ebl Bodegas. D&rsquo;ailleurs, je voudrais f\u00e9liciter Alexandre Donsimoni pour tout le travail effectu\u00e9 \u00e0 Aix depuis tant d&rsquo;ann\u00e9es. C&rsquo;est un water-polo qui me pla\u00eet beaucoup \u00e0 base de plaisir. Apr\u00e8s, ils n&rsquo;\u00e9taient pas l\u00e0 pour rigoler. Nous, le Cercle, nous respectons tout le monde et nous avons pris ce match au s\u00e9rieux. Une finale n&rsquo;est pas un match comme les autres. On voulait se mettre en bonne position avant le retour, contrat rempli\u00a0\u00bb. Parce que le CNM a appliqu\u00e9 \u00e0 la lettre pr\u00e8s sa recette habituelle pour gagner les matches\u00a0: une grosse d\u00e9fense, une bonne transition et une ma\u00eetrise de ses nerfs. Les co\u00e9quipiers\u00a0d&rsquo;Ugo Crousillat\u00a0ont compt\u00e9 jusqu&rsquo;\u00e0 4 longueurs d&rsquo;avance (6-10) avant que la furia aixoise ne fasse trembler les supporters. Sous l&rsquo;impulsion de l&rsquo;international japonais Tayio Watanab\u00e9, le PAN a refait doucement son retard pour revenir\u00a0par deux fois \u00e0 hauteur (11-12 puis 12-13) mais\u00a0sans jamais parvenir \u00e0 basculer du bon c\u00f4t\u00e9. Le duo marseillais Bouet-Prlainovic, lui, ne faisait aucun sentiment sur les sup\u00e9riorit\u00e9s num\u00e9riques pour d\u00e9crocher une premi\u00e8re victoire dans cette joute \u00e0 l&rsquo;accent du Sud.<\/p>\n<p>Vendredi prochain, le CNM devra boucler l&rsquo;affaire \u00e0 domicile pour s&rsquo;adjuger <a href=\"https:\/\/www.laprovence.com\/article\/sports\/3563416925682314\/water-polo-quel-est-le-titre-national-le-plus-marquant-des-41-decroches-par-le-cnm\" target=\"_blank\" rel=\"noopener\">un 42e titre de champion de France<\/a>.<\/p>\n<p>Pays d&rsquo;Aix Natation 12 &#8211; CN Marseille 14<\/p>\n<p>Piscine Yves-Blanc. <br \/>Arbitres : M. Courbin et Delon. <br \/>Quart-temps : 3-5, 3-3, 3-4, 3-2<\/p>\n<p>PAN &#8211; gardiens : Kandic (10 arr\u00eats) et Groezt. Buteurs : Bachelier (3), L. Beteille (2), Scorletti, Khasz (2) , Drah\u00e9, Peisson, Braise Fernandez, Watanab\u00e9 (3), Bertran Pont, Montes Gomez (2), Hellebuick, T. Beteille T.<br \/>16 exclusions. <br \/>Entra\u00eeneur : Alexandre Donsimoni.<\/p>\n<p>CN Marseille &#8211; gardiens : Hovhannisyan (7 arr\u00eats). Buteurs : Angyal (2), Crousillat (2), Prlainovic (3), De Reviers, Lena, Vernoux, Larumbe Gonfaus, Bouet (3), Marion-Vernoux (2), Bodegas (1), Vanpeperstraete, Velotto (1), De Nardi. <br \/>12 exclusions.<br \/>Entra\u00eeneur : Milos Scepanovic.<\/p>\n","protected":false},"excerpt":{"rendered":"La f\u00eate du water-polo a \u00e9t\u00e9 compl\u00e8te ce samedi soir \u00e0 la piscine Yves-Blanc pour cette finale aller&hellip;\n","protected":false},"author":2,"featured_media":107878,"comment_status":"","ping_status":"","sticky":false,"template":"","format":"standard","meta":{"footnotes":""},"categories":[2814],"tags":[17,1111,11,2835,1773,1777,674,1011,27,884,12,882,17296,25,60,11933,21369,7488],"class_list":{"0":"post-107877","1":"post","2":"type-post","3":"status-publish","4":"format-standard","5":"has-post-thumbnail","7":"category-marseille","8":"tag-17","9":"tag-actu","10":"tag-actualites","11":"tag-aix","12":"tag-elite","13":"tag-eu","14":"tag-europe","15":"tag-fr","16":"tag-france","17":"tag-marseille","18":"tag-news","19":"tag-provence-alpes-cote-dazur","20":"tag-rapproche","21":"tag-republique-francaise","22":"tag-sports","23":"tag-titre","24":"tag-vainqueur","25":"tag-water-polo"},"share_on_mastodon":{"url":"https:\/\/pubeurope.com\/@fr\/114525335925034502","error":""},"_links":{"self":[{"href":"https:\/\/www.europesays.com\/fr\/wp-json\/wp\/v2\/posts\/107877","targetHints":{"allow":["GET"]}}],"collection":[{"href":"https:\/\/www.europesays.com\/fr\/wp-json\/wp\/v2\/posts"}],"about":[{"href":"https:\/\/www.europesays.com\/fr\/wp-json\/wp\/v2\/types\/post"}],"author":[{"embeddable":true,"href":"https:\/\/www.europesays.com\/fr\/wp-json\/wp\/v2\/users\/2"}],"replies":[{"embeddable":true,"href":"https:\/\/www.europesays.com\/fr\/wp-json\/wp\/v2\/comments?post=107877"}],"version-history":[{"count":0,"href":"https:\/\/www.europesays.com\/fr\/wp-json\/wp\/v2\/posts\/107877\/revisions"}],"wp:featuredmedia":[{"embeddable":true,"href":"https:\/\/www.europesays.com\/fr\/wp-json\/wp\/v2\/media\/107878"}],"wp:attachment":[{"href":"https:\/\/www.europesays.com\/fr\/wp-json\/wp\/v2\/media?parent=107877"}],"wp:term":[{"taxonomy":"category","embeddable":true,"href":"https:\/\/www.europesays.com\/fr\/wp-json\/wp\/v2\/categories?post=107877"},{"taxonomy":"post_tag","embeddable":true,"href":"https:\/\/www.europesays.com\/fr\/wp-json\/wp\/v2\/tags?post=107877"}],"curies":[{"name":"wp","href":"https:\/\/api.w.org\/{rel}","templated":true}]}}