{"id":107881,"date":"2025-05-17T21:39:09","date_gmt":"2025-05-17T21:39:09","guid":{"rendered":"https:\/\/www.europesays.com\/fr\/107881\/"},"modified":"2025-05-17T21:39:09","modified_gmt":"2025-05-17T21:39:09","slug":"lacazette-fait-ses-adieux-a-lyon-avec-ses-200e-et-201e-buts-avec-lol","status":"publish","type":"post","link":"https:\/\/www.europesays.com\/fr\/107881\/","title":{"rendered":"Lacazette fait ses adieux \u00e0 Lyon avec ses 200e et 201e buts avec l&rsquo;OL"},"content":{"rendered":"<p>L&rsquo;avant-centre et capitaine de Lyon Alexandre Lacazette a inscrit ses 200e et 201e buts avec l&rsquo;Olympique lyonnais \u00e0 l&rsquo;occasion de son 391e et dernier match avec son club formateur, remport\u00e9 \u00e0 domicile face \u00e0 Angers (2-0).<\/p>\n<p>Ce succ\u00e8s, conjugu\u00e9 \u00e0 la d\u00e9faite sur le fil de Strasbourg \u00e0 domicile face au Havre (3-2) permet \u00e0 l&rsquo;OL de finir 6e et d&rsquo;arracher une qualification en barrages de la Ligue Conf\u00e9rence, voire la Ligue Europa si le PSG gagne la Coupe de France.<\/p>\n<p>\u00ab\u00a0Le G\u00e9n\u00e9ral\u00a0\u00bb, qui aura 34 ans le 28 mai, a ouvert le score sur penalty (55e) avant de doubler la mise d&rsquo;un plat du pied du droit gr\u00e2ce \u00e0 un service de Rayan Cherki (72e). Il est sorti \u00e0 la 77e minute sous les ovations des 56.000 spectateurs lyonnais et au milieu d&rsquo;une haie d&rsquo;honneur form\u00e9e par ses co\u00e9quipiers.<\/p>\n<p>Deuxi\u00e8me buteur de l&rsquo;histoire de l&rsquo;Olympique lyonnais, Lacazette, qui aura 34 ans le 28 mai, restera donc derri\u00e8re le l\u00e9gendaire Fleury Di Nallo (82 ans) qui a inscrit 222 buts en 494 matches (sans aucun penalty) entre 1960 et d\u00e9cembre 1974.<\/p>\n<p>Arriv\u00e9 l&rsquo;OL en 2003, Alexandre Lacazette, n\u00e9 \u00e0 Lyon, aura pass\u00e9 dix saisons de sa carri\u00e8re \u00e0 l&rsquo;OL (2010-2017, 2022-2025).<\/p>\n<p>Il a \u00e9galement jou\u00e9 cinq ans \u00e0 Arsenal (2017-2022) o\u00f9 il avait \u00e9t\u00e9 transf\u00e9r\u00e9 pour 60 millions d&rsquo;euros apr\u00e8s avoir marqu\u00e9 37 buts dont 28 en Ligue 1.<\/p>\n<p>Plusieurs buts ont marqu\u00e9 sa carri\u00e8re \u00e0 Lyon.<\/p>\n<p>Son premier en professionnel avec l&rsquo;OL au stade de Gerland, le 30 octobre 2010 contre Sochaux \u00e0 l&rsquo;\u00e2ge de 19 ans et cinq mois, lors d&rsquo;un match o\u00f9 il \u00e9tait entr\u00e9 en cours de jeu.<\/p>\n<p>Lacazette a r\u00e9alis\u00e9 son premier tripl\u00e9 contre Lille le 5 octobre 2014. Au terme de cette saison 2013-2014, il avait termin\u00e9 meilleur buteur du championnat avec 27 buts.<\/p>\n<p>Le \u00ab\u00a0G\u00e9n\u00e9ral\u00a0\u00bb a aussi marqu\u00e9 l&rsquo;histoire du club en inscrivant les trois buts du dernier derby disput\u00e9 contre Saint-Etienne \u00e0 Gerland (3-0), le 8 novembre 2015, avant de devenir le premier buteur du Groupama Stadium, le 5 janvier 2016 contre Troyes (4-1).<\/p>\n<p>L&rsquo;avant-centre lyonnais a aussi \u00e9t\u00e9 l&rsquo;auteur d&rsquo;un incroyable quadrupl\u00e9 le 7 mai 2023 contre Montpellier \u00e0 l&rsquo;occasion d&rsquo;un match \u00e0 domicile dans lequel l&rsquo;OL \u00e9tait men\u00e9 4-1, avec quatre buts de Wahi, avant de s&rsquo;imposer 5-4.<\/p>\n<p>Enfin, dans les derni\u00e8res secondes de l&rsquo;ultime rencontre de la saison derni\u00e8re, il a marqu\u00e9 sur penalty face \u00e0 Strasbourg (2-1), le 19 mai 2024. Lyon, lanterne rouge de la Ligue 1 en d\u00e9cembre, a arrach\u00e9 alors la 6e place et s&rsquo;est qualifi\u00e9 en Ligue Europa.<\/p>\n<p>fjt\/mla\/jde<\/p>\n","protected":false},"excerpt":{"rendered":"L&rsquo;avant-centre et capitaine de Lyon Alexandre Lacazette a inscrit ses 200e et 201e buts avec l&rsquo;Olympique lyonnais \u00e0&hellip;\n","protected":false},"author":2,"featured_media":107882,"comment_status":"","ping_status":"","sticky":false,"template":"","format":"standard","meta":{"footnotes":""},"categories":[1889],"tags":[1111,11,4674,1438,2430,12475,1777,674,1011,27,15363,4671,3279,5843,1307,2428,2208,12,93,3280,25,22574,640,22575],"class_list":{"0":"post-107881","1":"post","2":"type-post","3":"status-publish","4":"format-standard","5":"has-post-thumbnail","7":"category-lyon","8":"tag-actu","9":"tag-actualites","10":"tag-alexandre-lacazette","11":"tag-angers","12":"tag-auvergne-rhone-alpes","13":"tag-buts","14":"tag-eu","15":"tag-europe","16":"tag-fr","17":"tag-france","18":"tag-groupama-stadium","19":"tag-lol","20":"tag-lolympique-lyonnais","21":"tag-ligue-europa","22":"tag-lille","23":"tag-lyon","24":"tag-montpellier","25":"tag-news","26":"tag-psg","27":"tag-rayan-cherki","28":"tag-republique-francaise","29":"tag-stade-de-gerland","30":"tag-strasbourg","31":"tag-wahi"},"share_on_mastodon":{"url":"https:\/\/pubeurope.com\/@fr\/114525343836465601","error":""},"_links":{"self":[{"href":"https:\/\/www.europesays.com\/fr\/wp-json\/wp\/v2\/posts\/107881","targetHints":{"allow":["GET"]}}],"collection":[{"href":"https:\/\/www.europesays.com\/fr\/wp-json\/wp\/v2\/posts"}],"about":[{"href":"https:\/\/www.europesays.com\/fr\/wp-json\/wp\/v2\/types\/post"}],"author":[{"embeddable":true,"href":"https:\/\/www.europesays.com\/fr\/wp-json\/wp\/v2\/users\/2"}],"replies":[{"embeddable":true,"href":"https:\/\/www.europesays.com\/fr\/wp-json\/wp\/v2\/comments?post=107881"}],"version-history":[{"count":0,"href":"https:\/\/www.europesays.com\/fr\/wp-json\/wp\/v2\/posts\/107881\/revisions"}],"wp:featuredmedia":[{"embeddable":true,"href":"https:\/\/www.europesays.com\/fr\/wp-json\/wp\/v2\/media\/107882"}],"wp:attachment":[{"href":"https:\/\/www.europesays.com\/fr\/wp-json\/wp\/v2\/media?parent=107881"}],"wp:term":[{"taxonomy":"category","embeddable":true,"href":"https:\/\/www.europesays.com\/fr\/wp-json\/wp\/v2\/categories?post=107881"},{"taxonomy":"post_tag","embeddable":true,"href":"https:\/\/www.europesays.com\/fr\/wp-json\/wp\/v2\/tags?post=107881"}],"curies":[{"name":"wp","href":"https:\/\/api.w.org\/{rel}","templated":true}]}}