{"id":107883,"date":"2025-05-17T21:40:36","date_gmt":"2025-05-17T21:40:36","guid":{"rendered":"https:\/\/www.europesays.com\/fr\/107883\/"},"modified":"2025-05-17T21:40:36","modified_gmt":"2025-05-17T21:40:36","slug":"les-prix-continuent-de-degringoler-dans-les-departements-dile-de-france","status":"publish","type":"post","link":"https:\/\/www.europesays.com\/fr\/107883\/","title":{"rendered":"les prix continuent de d\u00e9gringoler dans les d\u00e9partements d&rsquo;Ile-de-France"},"content":{"rendered":"<p class=\"articleHead-lead\">\n            Les prix des appartements et des maisons sont en baisse sur un an dans toute la r\u00e9gion parisienne selon les notaires du Grand Paris. Voici les d\u00e9partements o\u00f9 ils baissent le plus.\n        <\/p>\n<p>            <img decoding=\"async\"  src=\"https:\/\/www.europesays.com\/fr\/wp-content\/uploads\/2025\/05\/1747518036_539_picture.jpg\"  class=\"apply-ratio\" alt=\"\"\/><\/p>\n<p>\n                                            \u00a9 Pascale Gueret\/Adobe Stock<\/p>\n<ul class=\"articleMainFollow-list\">\n<li class=\"articleMainFollow-item\">\n<p>                        Sauvegarder<\/p>\n<p>                        Sauvegard\u00e9<\/p>\n<\/li>\n<li class=\"articleMainFollow-item\">\n<\/li>\n<\/ul>\n<p>\n                    Recevoir les alertes Achat immobilier\n                <\/p>\n<p>Vous avez un projet d\u2019achat immobilier en r\u00e9gion parisienne ? C\u2019est peut \u00eatre le bon moment pour vous lancer. Selon les notaires du Grand Paris, qui ont pr\u00e9sent\u00e9 leur bilan du march\u00e9 immobilier \u00e0 la presse ce mardi 10 septembre, les prix des appartements anciens ont baiss\u00e9 de -6,7% en moyenne sur un an en Ile-de-France. \u00abLa contraction de l\u2019activit\u00e9 est naturellement venue peser sur les prix de vente, pr\u00e9cisent les notaires du Grand Paris. Le march\u00e9 est rest\u00e9 fig\u00e9 au 2e trimestre 2024, anim\u00e9 essentiellement c\u00f4t\u00e9 vendeurs par des transactions contraintes\u00bb. Cette baisse de la demande, li\u00e9e principalement aux difficult\u00e9s des m\u00e9nages pour <a href=\"https:\/\/www.capital.fr\/immobilier\/credit-immobilier-nos-conseils-pour-ne-pas-vous-faire-arnaquer-1502014\" target=\"_blank\" rel=\"noopener\">acc\u00e9der au cr\u00e9dit immobilier <\/a>en raison de la hausse des taux, tire les prix \u00e0 la baisse dans toute l\u2019Ile de France.<\/p>\n<p>Dans le d\u00e9tail, les prix des appartements anciens ont ainsi chut\u00e9 de -6,7% sur un an au deuxi\u00e8me trimestre 2024 \u00e0 Paris, o\u00f9 le prix par m\u00e8tre carr\u00e9 se n\u00e9gocie en moyenne \u00e0 9 450 euros. A titre de comparaison, il fallait compter 10 860 euros par m\u00e8tre carr\u00e9 en novembre 2020 pour s&rsquo;offrir un appartement dans la capitale. Mais la sinistrose ne touche pas seulement Paris puisque les prix ont \u00e9galement fl\u00e9chi en petite couronne parisienne (-7,4% sur un an). Sans surprise, les Haut-de-Seine demeurent le d\u00e9partement le plus cher de la banlieue parisienne avec un prix au m\u00e8tre carr\u00e9 qui atteint 5 920 euros en moyenne au deuxi\u00e8me trimestre 2024.<\/p>\n<p>\t\tLes prix des maisons baisse aussi<\/p>\n<p>A noter que les prix des appartements ont en revanche bien mieux r\u00e9sist\u00e9 en grande banlieue (-5,5%). La Seine-et-Marne remporte n\u00e9anmoins la palme du d\u00e9partement le moins cher d\u2019Ile-de-France avec un prix au m\u00e8tre carr\u00e9 qui atteint 2 790 euros Si les prix ne se sont pas \u00e9rcoul\u00e9s en grande grande couronne, les acheteurs se font en revanche de plus en plus rares puisque le nombre de transactions a chut\u00e9 de -19% sur un an. Une baisse de la demande qui devrait profiter aux acheteurs, d\u00e9sormais en position de force pour <a href=\"https:\/\/www.capital.fr\/immobilier\/immobilier-les-baisses-de-prix-que-vous-pouvez-obtenir-selon-votre-region-1501858\" target=\"_blank\" rel=\"noopener\">n\u00e9gocier de belles ristournes sur les appartements franciliens.<\/a><\/p>\n<p><a href=\"https:\/\/www.capital.fr\/page\/estimation-immobiliere\" target=\"_blank\" rel=\"noopener\"><strong>&gt;&gt; Notre service &#8211; Estimez le prix d\u2019un bien immobilier (imm\u00e9diat, gratuit et sans engagement)<\/strong><\/a><\/p>\n<p>En ce qui concerne les maisons anciennes, les prix ont \u00e9galement d\u00e9gringol\u00e9 en petite couronne sur les douze derniers mois (-8,5%) avec un tarif moyen qui atteint 390 300 euros. A noter qu\u2019il existe de grandes disparit\u00e9s entre les d\u00e9partements puisque une maison co\u00fbte en moyenne deux fois plus ch\u00e8re dans les Hauts-de-Seine (646 400 euros) qu\u2019en Seine-Saint-Denis (295 600 euros). La baisse est une nouvelle fois moins marqu\u00e9e en grande couronne (-7,8% sur un an), o\u00f9 les maisons se n\u00e9gocient en moyenne au prix de 300 900 euros.<\/p>\n<\/p>\n<p>        Recevez nos derni\u00e8res news<\/p>\n<p>        Chaque semaine votre rendez-vous avec <b>l&rsquo;actualit\u00e9 immobili\u00e8re<\/b>.<\/p>\n","protected":false},"excerpt":{"rendered":"Les prix des appartements et des maisons sont en baisse sur un an dans toute la r\u00e9gion parisienne&hellip;\n","protected":false},"author":2,"featured_media":107884,"comment_status":"","ping_status":"","sticky":false,"template":"","format":"standard","meta":{"footnotes":""},"categories":[1592],"tags":[5189,1111,11,1777,674,1011,27,662,1908,12,626,5188,25],"class_list":{"0":"post-107883","1":"post","2":"type-post","3":"status-publish","4":"format-standard","5":"has-post-thumbnail","7":"category-ile-de-france","8":"tag-achat-immobilier","9":"tag-actu","10":"tag-actualites","11":"tag-eu","12":"tag-europe","13":"tag-fr","14":"tag-france","15":"tag-ile-de-france","16":"tag-logement","17":"tag-news","18":"tag-paris","19":"tag-prix-immobilier","20":"tag-republique-francaise"},"share_on_mastodon":{"url":"https:\/\/pubeurope.com\/@fr\/114525347715475701","error":""},"_links":{"self":[{"href":"https:\/\/www.europesays.com\/fr\/wp-json\/wp\/v2\/posts\/107883","targetHints":{"allow":["GET"]}}],"collection":[{"href":"https:\/\/www.europesays.com\/fr\/wp-json\/wp\/v2\/posts"}],"about":[{"href":"https:\/\/www.europesays.com\/fr\/wp-json\/wp\/v2\/types\/post"}],"author":[{"embeddable":true,"href":"https:\/\/www.europesays.com\/fr\/wp-json\/wp\/v2\/users\/2"}],"replies":[{"embeddable":true,"href":"https:\/\/www.europesays.com\/fr\/wp-json\/wp\/v2\/comments?post=107883"}],"version-history":[{"count":0,"href":"https:\/\/www.europesays.com\/fr\/wp-json\/wp\/v2\/posts\/107883\/revisions"}],"wp:featuredmedia":[{"embeddable":true,"href":"https:\/\/www.europesays.com\/fr\/wp-json\/wp\/v2\/media\/107884"}],"wp:attachment":[{"href":"https:\/\/www.europesays.com\/fr\/wp-json\/wp\/v2\/media?parent=107883"}],"wp:term":[{"taxonomy":"category","embeddable":true,"href":"https:\/\/www.europesays.com\/fr\/wp-json\/wp\/v2\/categories?post=107883"},{"taxonomy":"post_tag","embeddable":true,"href":"https:\/\/www.europesays.com\/fr\/wp-json\/wp\/v2\/tags?post=107883"}],"curies":[{"name":"wp","href":"https:\/\/api.w.org\/{rel}","templated":true}]}}