{"id":107885,"date":"2025-05-17T21:42:07","date_gmt":"2025-05-17T21:42:07","guid":{"rendered":"https:\/\/www.europesays.com\/fr\/107885\/"},"modified":"2025-05-17T21:42:07","modified_gmt":"2025-05-17T21:42:07","slug":"polemique-apres-le-deces-du-rappeur-werenoi-le-blogueur-aqababe-attaque","status":"publish","type":"post","link":"https:\/\/www.europesays.com\/fr\/107885\/","title":{"rendered":"pol\u00e9mique apr\u00e8s le d\u00e9c\u00e8s du rappeur Werenoi, le blogueur Aqababe attaqu\u00e9"},"content":{"rendered":"<p>            Par<br \/>\n        <strong><br \/>\n            <a href=\"https:\/\/actu.fr\/auteur\/thomas-martin\" title=\"Consulter tous les articles de Thomas Martin\" target=\"_blank\" rel=\"noopener\">Thomas Martin<\/a><br \/>\n        <\/strong><\/p>\n<p>        Publi\u00e9 le<\/p>\n<p>            17 mai 2025 \u00e0 18h28        <\/p>\n<p>La nouvelle du d\u00e9c\u00e8s du <a href=\"https:\/\/actu.fr\/ile-de-france\/montreuil_93048\/mort-du-rappeur-werenoi-le-plus-gros-vendeur-de-musique-de-france-aux-millions-d-albums_62650401.html\" target=\"_blank\" rel=\"noopener\">rappeur Werenoi<\/a> \u00e9tait \u00e0 peine officialis\u00e9e, ce samedi 17 mai 2025, qu\u2019une pol\u00e9mique enflait d\u00e9j\u00e0 depuis plusieurs heures sur les <a href=\"https:\/\/actu.fr\/tag\/reseaux-sociaux\" target=\"_blank\" rel=\"noopener\">r\u00e9seaux sociaux<\/a>. En cause, la divulgation sur ces m\u00eames r\u00e9seaux sociaux d\u2019informations sur l\u2019\u00e9tat de sant\u00e9 de l\u2019artiste de 31 ans, qui auraient d\u00fb \u00eatre couvertes par le secret m\u00e9dical. <a href=\"https:\/\/actu.fr\/societe\/mort-du-rappeur-werenoi-a-paris-ce-que-l-on-sait-du-deces-de-l-artiste-de-31-ans_62650767.html\" target=\"_blank\" rel=\"noopener\">L\u2019annonce de sa mort<\/a> a ensuite \u00e9t\u00e9 faite avant la d\u00e9claration officielle de son manager.\u00a0<\/p>\n<p>\u00ab\u00a0La mort n\u2019est pas un jeu\u00a0\u00bb<\/p>\n<p class=\" wall-content\">De nombreux internautes se sont donc offusqu\u00e9s \u00e0 juste titre de la violation du secret m\u00e9dical. Dans leur viseur, le blogueur Aqabe, accus\u00e9 d\u2019avoir diffus\u00e9 un message re\u00e7u r\u00e9v\u00e9lant l\u2019admission du chanteur en r\u00e9animation \u00e0 l\u2019h\u00f4pital de la Piti\u00e9-Salp\u00eatri\u00e8re puis un autre annon\u00e7ant son d\u00e9c\u00e8s.\u00a0<\/p>\n<p class=\" wall-content\">\u00ab\u00a0La priorit\u00e9 est au deuil et au recueillement, mais la mani\u00e8re dont l\u2019information est sortie sur internet est une honte absolue, commente sur X le site sp\u00e9cialis\u00e9 Raplume. La mort n\u2019est pas un jeu, la mort n\u2019est pas une annonce d\u2019album, la mort n\u2019est pas un gossip\u00a0\u00bb. Il poursuit : \u00ab\u00a0nous en appelons au Minist\u00e8re de la Sant\u00e9\u00a0 de lancer une enqu\u00eate sur la personne travaillant \u00e0 l\u2019h\u00f4pital ayant fait fuiter cette information afin qu\u2019elle soit d\u00e9munie de ses fonctions le plus rapidement possible. Cet agissement pour ce m\u00e9tier est impardonnable\u00a0\u00bb.\u00a0<\/p>\n<p class=\" wall-content\">\n<p class=\" wall-content\">Sur X, Cl\u00e9ment Garin, qui se pr\u00e9sente comme \u00ab\u00a0enqu\u00eateur m\u00e9dias\u00a0\u00bb, indique que la direction\u00a0 de l\u2019h\u00f4pital de la Piti\u00e9-Salp\u00eatri\u00e8re \u00ab\u00a0ouvre une enqu\u00eate en urgence pour \u00e9claircir\u00a0\u00bb cette affaire : \u00ab\u00a0la direction entend retrouver dans les plus brefs d\u00e9lais la personne qui a inform\u00e9 le blogueur de l\u2019admission aux urgence, de l\u2019hospitalisation, du coma, des traitements m\u00e9dicamenteux, des causes et de la mort de Werenoi\u00a0\u00bb. Des messages qui ont depuis disparu des r\u00e9seaux du blogueur.\u00a0<\/p>\n<p class=\" wall-content\">\u00ab\u00a0Tous les m\u00e9decins et infirmiers ayant acc\u00e8s aux donn\u00e9es informatis\u00e9es exhaustives du d\u00e9funt vont \u00eatre re\u00e7us dans les plus brefs d\u00e9lais\u00a0\u00bb, poursuit Cl\u00e9ment Garin.\u00a0<\/p>\n<p class=\" wall-content\">\n<p class=\" wall-content\">Des informations que ne confirme ni n\u2019infirme l\u2019AP-HP aupr\u00e8s d\u2019actu Paris. Dans un mail, les H\u00f4pitaux de Paris se limitent \u00e0 un rappel des r\u00e8gles en la mati\u00e8re : \u00ab\u00a0l\u2019AP-HP ne peut pas faire de commentaire sur la prise en charge d\u2019un patient et rappelle que tout professionnel de sant\u00e9 est soumis au secret m\u00e9dical, ce qui interdit la divulgation d\u2019information, quelle qu\u2019elle soit, sur la prise en charge d\u2019un patient\u00a0\u00bb.<\/p>\n<p class=\" wall-content\">Suivez toute l\u2019actualit\u00e9 de vos villes et m\u00e9dias favoris en vous inscrivant \u00e0 <a href=\"https:\/\/moncompte.actu.fr\" title=\"D\u00e9couvez Mon Actu\" rel=\"nofollow noopener\" data-trk=\"{&quot;cta&quot;:{&quot;action&quot;:&quot;https:\\\/\\\/moncompte.actu.fr&quot;,&quot;category&quot;:&quot;mon compte&quot;,&quot;from&quot;:&quot;article footer&quot;,&quot;name&quot;:&quot;Mon actu&quot;,&quot;type&quot;:&quot;cta&quot;}}\" target=\"_blank\">Mon Actu<\/a>.<\/p>\n","protected":false},"excerpt":{"rendered":"Par Thomas Martin Publi\u00e9 le 17 mai 2025 \u00e0 18h28 La nouvelle du d\u00e9c\u00e8s du rappeur Werenoi \u00e9tait&hellip;\n","protected":false},"author":2,"featured_media":107886,"comment_status":"","ping_status":"","sticky":false,"template":"","format":"standard","meta":{"footnotes":""},"categories":[1888],"tags":[1111,1928,11,1927,1777,674,1011,27,22576,12,1926,626,1925,3616,25,938,104],"class_list":{"0":"post-107885","1":"post","2":"type-post","3":"status-publish","4":"format-standard","5":"has-post-thumbnail","7":"category-paris","8":"tag-actu","9":"tag-actu-paris","10":"tag-actualites","11":"tag-actualites-paris","12":"tag-eu","13":"tag-europe","14":"tag-fr","15":"tag-france","16":"tag-hopital-de-la-pitie-salpetriere","17":"tag-news","18":"tag-news-paris","19":"tag-paris","20":"tag-paris-news","21":"tag-rap","22":"tag-republique-francaise","23":"tag-reseaux-sociaux","24":"tag-societe"},"share_on_mastodon":{"url":"https:\/\/pubeurope.com\/@fr\/114525355605594950","error":""},"_links":{"self":[{"href":"https:\/\/www.europesays.com\/fr\/wp-json\/wp\/v2\/posts\/107885","targetHints":{"allow":["GET"]}}],"collection":[{"href":"https:\/\/www.europesays.com\/fr\/wp-json\/wp\/v2\/posts"}],"about":[{"href":"https:\/\/www.europesays.com\/fr\/wp-json\/wp\/v2\/types\/post"}],"author":[{"embeddable":true,"href":"https:\/\/www.europesays.com\/fr\/wp-json\/wp\/v2\/users\/2"}],"replies":[{"embeddable":true,"href":"https:\/\/www.europesays.com\/fr\/wp-json\/wp\/v2\/comments?post=107885"}],"version-history":[{"count":0,"href":"https:\/\/www.europesays.com\/fr\/wp-json\/wp\/v2\/posts\/107885\/revisions"}],"wp:featuredmedia":[{"embeddable":true,"href":"https:\/\/www.europesays.com\/fr\/wp-json\/wp\/v2\/media\/107886"}],"wp:attachment":[{"href":"https:\/\/www.europesays.com\/fr\/wp-json\/wp\/v2\/media?parent=107885"}],"wp:term":[{"taxonomy":"category","embeddable":true,"href":"https:\/\/www.europesays.com\/fr\/wp-json\/wp\/v2\/categories?post=107885"},{"taxonomy":"post_tag","embeddable":true,"href":"https:\/\/www.europesays.com\/fr\/wp-json\/wp\/v2\/tags?post=107885"}],"curies":[{"name":"wp","href":"https:\/\/api.w.org\/{rel}","templated":true}]}}